{"id":81781,"date":"2025-11-05T13:15:09","date_gmt":"2025-11-05T13:15:09","guid":{"rendered":"https:\/\/www.europesays.com\/fi\/81781\/"},"modified":"2025-11-05T13:15:09","modified_gmt":"2025-11-05T13:15:09","slug":"eduskunta-hyvaksyi-lakiehdotuksen-romutuspalkkiosta-uutisia-lyhyesti","status":"publish","type":"post","link":"https:\/\/www.europesays.com\/fi\/81781\/","title":{"rendered":"Eduskunta hyv\u00e4ksyi lakiehdotuksen romutus\u00adpalkkiosta | Uutisia lyhyesti"},"content":{"rendered":"<p><img decoding=\"async\" alt=\"Romuautojen kasa teollisuusalueella.\" src=\"https:\/\/www.europesays.com\/fi\/wp-content\/uploads\/2025\/11\/39-13800586735ea691e1dd.jpeg\" class=\"aw-1l9m598 hKVVvP\"\/><\/p>\n<p>Avaa kuvien katselu<\/p>\n<p>Jatkossa romutetusta autosta voi hakea palkkiota t\u00e4m\u00e4n vuoden lokakuun alusta vuoden 2027 loppuun. Kuvituskuva. Kuva: Pyry Sarkiola \/ Yle<\/p>\n<p>14:21\u2022P\u00e4ivitetty 14:22<\/p>\n<p class=\"aw-1gybjub aw-1p7kakr ghpEtB jtovHP yle__article__paragraph\">Eduskunta on hyv\u00e4ksynyt lakiehdotuksen vanhojen autojen romutuspalkkiosta.<\/p>\n<p class=\"aw-1gybjub aw-1p7kakr ghpEtB jtovHP yle__article__paragraph\">124 kansanedustajaa \u00e4\u00e4nesti lakiehdotuksen puolesta ja 40 vastaan. Tyhji\u00e4 \u00e4\u00e4ni\u00e4 ei ollut, poissa oli 35 edustajaa.<\/p>\n<p class=\"aw-1gybjub aw-1p7kakr ghpEtB jtovHP yle__article__paragraph\">Jatkossa romutetusta autosta voi hakea palkkiota t\u00e4m\u00e4n vuoden lokakuun alusta vuoden 2027 loppuun.<\/p>\n<p class=\"aw-1gybjub aw-1p7kakr ghpEtB jtovHP yle__article__paragraph\">Romutuspalkkio on 2 500 euroa, kun uuden auton k\u00e4ytt\u00f6voimana on s\u00e4hk\u00f6 tai vety ja 2 000 euroa, kun k\u00e4ytt\u00f6voima on jokin muu ja hiilidioksidip\u00e4\u00e4st\u00f6t enint\u00e4\u00e4n 140 grammaa kilometrilt\u00e4.<\/p>\n","protected":false},"excerpt":{"rendered":"Avaa kuvien katselu Jatkossa romutetusta autosta voi hakea palkkiota t\u00e4m\u00e4n vuoden lokakuun alusta vuoden 2027 loppuun. Kuvituskuva. Kuva:&hellip;\n","protected":false},"author":2,"featured_media":81782,"comment_status":"","ping_status":"","sticky":false,"template":"","format":"standard","meta":{"footnotes":""},"categories":[14],"tags":[648,22,23,26,27,33,31,30,17,71,24,25,1161,28,29,15,18,21,637,17012,32,19,20,56,16,17013,59,60,61],"class_list":{"0":"post-81781","1":"post","2":"type-post","3":"status-publish","4":"format-standard","5":"has-post-thumbnail","7":"category-ulkomaat","8":"tag-autot","9":"tag-breaking-news","10":"tag-breakingnews","11":"tag-featured-news","12":"tag-featurednews","13":"tag-fi","14":"tag-finland","15":"tag-finnish","16":"tag-headlines","17":"tag-kotimaa","18":"tag-latest-news","19":"tag-latestnews","20":"tag-liikenne","21":"tag-main-news","22":"tag-mainnews","23":"tag-news","24":"tag-otsikot","25":"tag-paauutiset","26":"tag-politiikka","27":"tag-romutus","28":"tag-suomi","29":"tag-top-stories","30":"tag-topstories","31":"tag-ulkomaat","32":"tag-uutiset","33":"tag-vanhojen-autojen-romutussuunnitelma","34":"tag-world","35":"tag-world-news","36":"tag-worldnews"},"share_on_mastodon":{"url":"https:\/\/pubeurope.com\/@fi\/115497279533404914","error":""},"_links":{"self":[{"href":"https:\/\/www.europesays.com\/fi\/wp-json\/wp\/v2\/posts\/81781","targetHints":{"allow":["GET"]}}],"collection":[{"href":"https:\/\/www.europesays.com\/fi\/wp-json\/wp\/v2\/posts"}],"about":[{"href":"https:\/\/www.europesays.com\/fi\/wp-json\/wp\/v2\/types\/post"}],"author":[{"embeddable":true,"href":"https:\/\/www.europesays.com\/fi\/wp-json\/wp\/v2\/users\/2"}],"replies":[{"embeddable":true,"href":"https:\/\/www.europesays.com\/fi\/wp-json\/wp\/v2\/comments?post=81781"}],"version-history":[{"count":0,"href":"https:\/\/www.europesays.com\/fi\/wp-json\/wp\/v2\/posts\/81781\/revisions"}],"wp:featuredmedia":[{"embeddable":true,"href":"https:\/\/www.europesays.com\/fi\/wp-json\/wp\/v2\/media\/81782"}],"wp:attachment":[{"href":"https:\/\/www.europesays.com\/fi\/wp-json\/wp\/v2\/media?parent=81781"}],"wp:term":[{"taxonomy":"category","embeddable":true,"href":"https:\/\/www.europesays.com\/fi\/wp-json\/wp\/v2\/categories?post=81781"},{"taxonomy":"post_tag","embeddable":true,"href":"https:\/\/www.europesays.com\/fi\/wp-json\/wp\/v2\/tags?post=81781"}],"curies":[{"name":"wp","href":"https:\/\/api.w.org\/{rel}","templated":true}]}}