{"id":81793,"date":"2025-11-05T13:36:06","date_gmt":"2025-11-05T13:36:06","guid":{"rendered":"https:\/\/www.europesays.com\/fi\/81793\/"},"modified":"2025-11-05T13:36:06","modified_gmt":"2025-11-05T13:36:06","slug":"sm-liigaseuralta-valmentajauutinen-iltalehti","status":"publish","type":"post","link":"https:\/\/www.europesays.com\/fi\/81793\/","title":{"rendered":"SM-liigaseuralta valmentajauutinen &#8211; Iltalehti"},"content":{"rendered":"<ol>\n<li><a href=\"https:\/\/news.google.com\/rss\/articles\/CBMie0FVX3lxTE1vRnQ0djFIdndJa3JSZlBmN3JaQXRRYndlalE4anpjd1lqZTdyS1hGdTEtZVlEdkNVMFNtV2NfY3NNYnlmZVFoT1dqbldwYlpWbjhrdmFBYmt2TF9mdUtOTV9Gb01yclNKTWpVdkMyM1RoOTVHMXFSUjV0QQ?oc=5\" target=\"_blank\" rel=\"nofollow noopener\">SM-liigaseuralta valmentajauutinen<\/a>&nbsp;&nbsp;Iltalehti<\/li>\n<li><a href=\"https:\/\/news.google.com\/rss\/articles\/CBMiY0FVX3lxTE84bUNHV0JEc1RwcERxZWp2Z0dtSWF1R2VDRE41eVJ1dktVa0RJZ2hKVWxMTC1QdXNDNXp5MFV0LVhqUDlCR3RWT3RjWlg0emdibVNUazh1ZDNYb252SjFKX21KSQ?oc=5\" target=\"_blank\" rel=\"nofollow noopener\">Jouko Myrr\u00e4lle pitk\u00e4 jatkosopimus<\/a>&nbsp;&nbsp;Aamulehti<\/li>\n<li><a href=\"https:\/\/news.google.com\/rss\/articles\/CBMiXkFVX3lxTE9HY2poa0hwaVY4VW1FY2xfQ2cwNnRzY3dSM1B4Z2RXNzlkcjlnRDB0bllFMm5VWWNzRF91dURKa3lvTmwxV1BuNkMzUTFYOF9BWVpVYnJpWXFvZDhPSXc?oc=5\" target=\"_blank\" rel=\"nofollow noopener\">Jouko Myrr\u00e4n kohtalo selvisi<\/a>&nbsp;&nbsp;Ilta-Sanomat<\/li>\n<li><a href=\"https:\/\/news.google.com\/rss\/articles\/CBMiWkFVX3lxTFBVQlkwOEtPYTB0MFVPYzNDY3FxT1dLWWZkX3QtaGx2QjR6WGh2QlNwV0lmQ3I4NjZHRVhXYzlwTEpVOTFxRWgtbU9zTlVTNEFrZ0hzekRpQlFPQQ?oc=5\" target=\"_blank\" rel=\"nofollow noopener\">Jouko Myrr\u00e4 jatkaa KooKoon p\u00e4\u00e4valmentajana kaksi seuraavaa kautta \u2013 &#8221;Kouvolassa on erinomaiset puitteet tehd\u00e4 ammattiurheilua&#8221;<\/a>&nbsp;&nbsp;Kouvolan Sanomat<\/li>\n<li><a href=\"https:\/\/news.google.com\/rss\/articles\/CBMiQkFVX3lxTE1KM1QtQThkOW1KQ1hyeDh5LTMtVlhNVGFaQmhIdUxJTHJEV1FTcWxnUFViSElidUFjWTlMTWlYbG45UQ?oc=5\" target=\"_blank\" rel=\"nofollow noopener\">KooKoo kiinnitti p\u00e4\u00e4valmentaja Jouko Myrr\u00e4n tuleviksi kausiksi<\/a>&nbsp;&nbsp;Yle<\/li>\n<\/ol>\n","protected":false},"excerpt":{"rendered":"SM-liigaseuralta valmentajauutinen&nbsp;&nbsp;Iltalehti Jouko Myrr\u00e4lle pitk\u00e4 jatkosopimus&nbsp;&nbsp;Aamulehti Jouko Myrr\u00e4n kohtalo selvisi&nbsp;&nbsp;Ilta-Sanomat Jouko Myrr\u00e4 jatkaa KooKoon p\u00e4\u00e4valmentajana kaksi seuraavaa kautta&hellip;\n","protected":false},"author":2,"featured_media":81794,"comment_status":"","ping_status":"","sticky":false,"template":"","format":"standard","meta":{"footnotes":""},"categories":[158],"tags":[35,33,31,30,1143,41,159,32,1145,860,160,161],"class_list":{"0":"post-81793","1":"post","2":"type-post","3":"status-publish","4":"format-standard","5":"has-post-thumbnail","7":"category-urheilu","8":"tag-24h","9":"tag-fi","10":"tag-finland","11":"tag-finnish","12":"tag-jaakiekko","13":"tag-liikunta-ja-urheilu","14":"tag-sports","15":"tag-suomi","16":"tag-talviurheilu","17":"tag-tyoelama","18":"tag-urheilu","19":"tag-urheilutapahtumat"},"share_on_mastodon":{"url":"https:\/\/pubeurope.com\/@fi\/115497362162091594","error":""},"_links":{"self":[{"href":"https:\/\/www.europesays.com\/fi\/wp-json\/wp\/v2\/posts\/81793","targetHints":{"allow":["GET"]}}],"collection":[{"href":"https:\/\/www.europesays.com\/fi\/wp-json\/wp\/v2\/posts"}],"about":[{"href":"https:\/\/www.europesays.com\/fi\/wp-json\/wp\/v2\/types\/post"}],"author":[{"embeddable":true,"href":"https:\/\/www.europesays.com\/fi\/wp-json\/wp\/v2\/users\/2"}],"replies":[{"embeddable":true,"href":"https:\/\/www.europesays.com\/fi\/wp-json\/wp\/v2\/comments?post=81793"}],"version-history":[{"count":0,"href":"https:\/\/www.europesays.com\/fi\/wp-json\/wp\/v2\/posts\/81793\/revisions"}],"wp:featuredmedia":[{"embeddable":true,"href":"https:\/\/www.europesays.com\/fi\/wp-json\/wp\/v2\/media\/81794"}],"wp:attachment":[{"href":"https:\/\/www.europesays.com\/fi\/wp-json\/wp\/v2\/media?parent=81793"}],"wp:term":[{"taxonomy":"category","embeddable":true,"href":"https:\/\/www.europesays.com\/fi\/wp-json\/wp\/v2\/categories?post=81793"},{"taxonomy":"post_tag","embeddable":true,"href":"https:\/\/www.europesays.com\/fi\/wp-json\/wp\/v2\/tags?post=81793"}],"curies":[{"name":"wp","href":"https:\/\/api.w.org\/{rel}","templated":true}]}}