{"id":81805,"date":"2025-11-05T13:55:08","date_gmt":"2025-11-05T13:55:08","guid":{"rendered":"https:\/\/www.europesays.com\/fi\/81805\/"},"modified":"2025-11-05T13:55:08","modified_gmt":"2025-11-05T13:55:08","slug":"akseli-herlevin-hurja-muutos-katso-kuva","status":"publish","type":"post","link":"https:\/\/www.europesays.com\/fi\/81805\/","title":{"rendered":"Akseli Herlevin hurja muutos \u2013 katso kuva"},"content":{"rendered":"<p>Julkkiskokki <strong>Akseli Herlevi<\/strong> kertoi jokin aika sitten aloittaneensa el\u00e4m\u00e4\u00e4n terveellisemmin. Se tarkoitti monia muutoksia h\u00e4nen el\u00e4m\u00e4ss\u00e4\u00e4n, kuten sy\u00f6misess\u00e4. T\u00e4m\u00e4 alkaa n\u00e4ky\u00e4 jo h\u00e4nen ulkon\u00e4\u00f6ss\u00e4\u00e4n. H\u00e4nen painonsa on laskenut kuukaudessa jo todella paljon.<\/p>\n<p>Akselilla on australiaissyntyinen valmentaja nimelt\u00e4\u00e4n <strong>Curtis Pollard<\/strong>, joka on julkaissut Akselista kuvan. Siin\u00e4 n\u00e4hd\u00e4\u00e4n milt\u00e4 Akseli n\u00e4ytti kuukausi sitten ja milt\u00e4 h\u00e4n n\u00e4ytt\u00e4\u00e4 nyt. Ainakin maha vaikuttaa pienentyneen tuossa ajassa suuresti.<\/p>\n<p>\u2013 MAHTAVA ALKU! Aksu on tehnyt hulluna t\u00f6it\u00e4 salilla ja sen ulkopuolella. Ruokavalion ja kalorien pit\u00e4minen tiukkana, keskittyen kest\u00e4vien tapojen rakentamiseen ja kehitt\u00e4miseen pitk\u00e4ll\u00e4 aikav\u00e4lill\u00e4! kirjoittaa valmentaja vapaasti suomennettuna.<\/p>\n<p>Lue my\u00f6s: <a href=\"https:\/\/www.como.fi\/uutiset\/nain-paljon-akseli-herlevi-painaa-kuntokuuri-ei-ota-silti-koville\/\" title=\"N\u00e4in paljon Akseli Herlevi painaa \u2013 kuntokuuri ei ota silti koville\" class=\"underline-custom !font-montserrat !font-bold !underline-offset-4 !decoration-4 !decoration-red-600 !text-md\" rel=\"nofollow noopener\" target=\"_blank\">N\u00e4in paljon Akseli Herlevi painaa \u2013 kuntokuuri ei ota silti koville<\/a><\/p>\n<p>Lue my\u00f6s: <a href=\"https:\/\/www.como.fi\/uutiset\/seiska-kokki-akseli-herlevi-kertoo-olevansa-ihan-p-a\/\" title=\"Seiska: Kokki Akseli Herlevi kertoo olevansa ihan P.A.\" class=\"underline-custom !font-montserrat !font-bold !underline-offset-4 !decoration-4 !decoration-red-600 !text-md\" rel=\"nofollow noopener\" target=\"_blank\">Seiska: Kokki Akseli Herlevi kertoo olevansa ihan P.A.<\/a><\/p>\n<p>Kuvassa olevan tiedon mukaan paino on pudonnut kuukaudessa viisi kiloa. Akseli paljasti aiemmassa julkaisussaan l\u00e4ht\u00f6painonsa olleen noin 155 kiloa. <\/p>\n<p>Jos upotus ei n\u00e4y, avaa se auki <a href=\"https:\/\/www.instagram.com\/p\/DQT_7IQCUqn\/?utm_source=ig_web_copy_link&amp;igsh=MzRlODBiNWFlZA==\" target=\"_blank\" rel=\"noreferrer noopener nofollow\">t\u00e4st\u00e4<\/a>.<\/p>\n<p>Lue my\u00f6s: <a href=\"https:\/\/www.como.fi\/tilaa-comon-uutiskirje\/\" title=\"Tilaa Comon uutiskirje ja tied\u00e4t mist\u00e4 kahvitauolla puhutaan! Nappaa kotimaan tv-vinkit ja puheenaiheet suoraan s\u00e4hk\u00f6postiin t\u00e4st\u00e4.\" class=\"underline-custom !font-montserrat !font-bold !underline-offset-4 !decoration-4 !decoration-red-600 !text-md\" rel=\"nofollow noopener\" target=\"_blank\">Tilaa Comon uutiskirje ja tied\u00e4t mist\u00e4 kahvitauolla puhutaan! Nappaa kotimaan tv-vinkit ja puheenaiheet suoraan s\u00e4hk\u00f6postiin t\u00e4st\u00e4.<\/a><\/p>\n<p>\t\t\t<script async src=\"\/\/www.instagram.com\/embed.js\"><\/script><\/p>\n","protected":false},"excerpt":{"rendered":"Julkkiskokki Akseli Herlevi kertoi jokin aika sitten aloittaneensa el\u00e4m\u00e4\u00e4n terveellisemmin. Se tarkoitti monia muutoksia h\u00e4nen el\u00e4m\u00e4ss\u00e4\u00e4n, kuten sy\u00f6misess\u00e4.&hellip;\n","protected":false},"author":2,"featured_media":81806,"comment_status":"","ping_status":"","sticky":false,"template":"","format":"standard","meta":{"footnotes":""},"categories":[136],"tags":[2997,407,137,33,31,30,408,32,109],"class_list":{"0":"post-81805","1":"post","2":"type-post","3":"status-publish","4":"format-standard","5":"has-post-thumbnail","7":"category-julkkikset","8":"tag-akseli-herlevi","9":"tag-celebrities","10":"tag-entertainment","11":"tag-fi","12":"tag-finland","13":"tag-finnish","14":"tag-julkkikset","15":"tag-suomi","16":"tag-viihde"},"share_on_mastodon":{"url":"https:\/\/pubeurope.com\/@fi\/115497436649803303","error":""},"_links":{"self":[{"href":"https:\/\/www.europesays.com\/fi\/wp-json\/wp\/v2\/posts\/81805","targetHints":{"allow":["GET"]}}],"collection":[{"href":"https:\/\/www.europesays.com\/fi\/wp-json\/wp\/v2\/posts"}],"about":[{"href":"https:\/\/www.europesays.com\/fi\/wp-json\/wp\/v2\/types\/post"}],"author":[{"embeddable":true,"href":"https:\/\/www.europesays.com\/fi\/wp-json\/wp\/v2\/users\/2"}],"replies":[{"embeddable":true,"href":"https:\/\/www.europesays.com\/fi\/wp-json\/wp\/v2\/comments?post=81805"}],"version-history":[{"count":0,"href":"https:\/\/www.europesays.com\/fi\/wp-json\/wp\/v2\/posts\/81805\/revisions"}],"wp:featuredmedia":[{"embeddable":true,"href":"https:\/\/www.europesays.com\/fi\/wp-json\/wp\/v2\/media\/81806"}],"wp:attachment":[{"href":"https:\/\/www.europesays.com\/fi\/wp-json\/wp\/v2\/media?parent=81805"}],"wp:term":[{"taxonomy":"category","embeddable":true,"href":"https:\/\/www.europesays.com\/fi\/wp-json\/wp\/v2\/categories?post=81805"},{"taxonomy":"post_tag","embeddable":true,"href":"https:\/\/www.europesays.com\/fi\/wp-json\/wp\/v2\/tags?post=81805"}],"curies":[{"name":"wp","href":"https:\/\/api.w.org\/{rel}","templated":true}]}}