{"id":81816,"date":"2025-11-05T14:04:11","date_gmt":"2025-11-05T14:04:11","guid":{"rendered":"https:\/\/www.europesays.com\/fi\/81816\/"},"modified":"2025-11-05T14:04:11","modified_gmt":"2025-11-05T14:04:11","slug":"ihminen-kuoli-rappukaytavassa-keravalla","status":"publish","type":"post","link":"https:\/\/www.europesays.com\/fi\/81816\/","title":{"rendered":"Ihminen kuoli rappuk\u00e4yt\u00e4v\u00e4ss\u00e4 Keravalla"},"content":{"rendered":"<p>Onnettomuus tapahtui Keravan M\u00e4nnik\u00f6ntiell\u00e4 puoli kahden j\u00e4lkeen iltap\u00e4iv\u00e4ll\u00e4.<\/p>\n<p><img decoding=\"async\" class=\"image image-show image-preview\" src=\"https:\/\/www.europesays.com\/fi\/wp-content\/uploads\/2025\/11\/402f9ffd2dec90ae057a72a7b531a4fc2a67d1453c59075a5a2144d3f603c36b.jpg\" alt=\"\"\/><img decoding=\"async\" class=\"image image-show\" src=\"https:\/\/www.europesays.com\/fi\/wp-content\/uploads\/2025\/11\/1762351451_150_402f9ffd2dec90ae057a72a7b531a4fc2a67d1453c59075a5a2144d3f603c36b.jpg\" alt=\"\"\/><\/p>\n<p>Poliisi tutkii tapahtunutta kuolemansyyntutkintana. Kuvituskuva. Inka Soveri<\/p>\n<p class=\"paragraph\">Ihminen kuoli Keravalla rappuk\u00e4yt\u00e4v\u00e4ss\u00e4 tapahtuneessa onnettomuudessa keskiviikkona iltap\u00e4iv\u00e4ll\u00e4.<\/p>\n<p class=\"paragraph\">It\u00e4-Uudenmaan poliisi sai asiaan liittyen noin kello 13.37 hengen ja terveyden suojaan liittyv\u00e4n teht\u00e4v\u00e4n Keravan M\u00e4nnik\u00f6ntielle.<\/p>\n<p class=\"paragraph\">Paikalle l\u00e4hti my\u00f6s useita pelastuslaitoksen yksikk\u00f6j\u00e4. Pelastuslaitoksen saama teht\u00e4v\u00e4 oli nimikkeell\u00e4 ihmisen pelastaminen puristuksista.<\/p>\n<p class=\"paragraph\">Poliisin t\u00e4m\u00e4nhetkisen tiedon mukaan onnettomuudessa menehtyi yksi henkil\u00f6, eik\u00e4 asiassa ole syyt\u00e4 ep\u00e4ill\u00e4 rikosta.<\/p>\n<p class=\"paragraph\">Poliisin mukaan asiasta ei ole muuta tiedotettavaa.<\/p>\n<p class=\"paragraph\">Poliisi tutkii tapahtunutta kuolemansyyntutkintana, joka on salassa pidett\u00e4v\u00e4\u00e4 tietoa.<\/p>\n","protected":false},"excerpt":{"rendered":"Onnettomuus tapahtui Keravan M\u00e4nnik\u00f6ntiell\u00e4 puoli kahden j\u00e4lkeen iltap\u00e4iv\u00e4ll\u00e4. Poliisi tutkii tapahtunutta kuolemansyyntutkintana. Kuvituskuva. Inka Soveri Ihminen kuoli Keravalla&hellip;\n","protected":false},"author":2,"featured_media":81817,"comment_status":"","ping_status":"","sticky":false,"template":"","format":"standard","meta":{"footnotes":""},"categories":[112],"tags":[35,33,31,30,122,54,52,118,103,32,119,546],"class_list":{"0":"post-81816","1":"post","2":"type-post","3":"status-publish","4":"format-standard","5":"has-post-thumbnail","7":"category-tiede","8":"tag-24h","9":"tag-fi","10":"tag-finland","11":"tag-finnish","12":"tag-pelastaminen","13":"tag-pelastuspalvelut","14":"tag-poliisi","15":"tag-science","16":"tag-sosiaalikysymykset","17":"tag-suomi","18":"tag-tiede","19":"tag-turvallisuus"},"share_on_mastodon":{"url":"https:\/\/pubeurope.com\/@fi\/115497472116213703","error":""},"_links":{"self":[{"href":"https:\/\/www.europesays.com\/fi\/wp-json\/wp\/v2\/posts\/81816","targetHints":{"allow":["GET"]}}],"collection":[{"href":"https:\/\/www.europesays.com\/fi\/wp-json\/wp\/v2\/posts"}],"about":[{"href":"https:\/\/www.europesays.com\/fi\/wp-json\/wp\/v2\/types\/post"}],"author":[{"embeddable":true,"href":"https:\/\/www.europesays.com\/fi\/wp-json\/wp\/v2\/users\/2"}],"replies":[{"embeddable":true,"href":"https:\/\/www.europesays.com\/fi\/wp-json\/wp\/v2\/comments?post=81816"}],"version-history":[{"count":0,"href":"https:\/\/www.europesays.com\/fi\/wp-json\/wp\/v2\/posts\/81816\/revisions"}],"wp:featuredmedia":[{"embeddable":true,"href":"https:\/\/www.europesays.com\/fi\/wp-json\/wp\/v2\/media\/81817"}],"wp:attachment":[{"href":"https:\/\/www.europesays.com\/fi\/wp-json\/wp\/v2\/media?parent=81816"}],"wp:term":[{"taxonomy":"category","embeddable":true,"href":"https:\/\/www.europesays.com\/fi\/wp-json\/wp\/v2\/categories?post=81816"},{"taxonomy":"post_tag","embeddable":true,"href":"https:\/\/www.europesays.com\/fi\/wp-json\/wp\/v2\/tags?post=81816"}],"curies":[{"name":"wp","href":"https:\/\/api.w.org\/{rel}","templated":true}]}}