{"id":81823,"date":"2025-11-05T14:09:08","date_gmt":"2025-11-05T14:09:08","guid":{"rendered":"https:\/\/www.europesays.com\/fi\/81823\/"},"modified":"2025-11-05T14:09:08","modified_gmt":"2025-11-05T14:09:08","slug":"valtiovarainministeri-purra-arahti-etatoista-ei-ole-mustavalkoisesti-hyva-tai-huono-asia-sanoo-tutkija-uutissuomalainen","status":"publish","type":"post","link":"https:\/\/www.europesays.com\/fi\/81823\/","title":{"rendered":"Valtiovarainministeri Purra \u00e4r\u00e4hti et\u00e4t\u00f6ist\u00e4 \u2013 &#8221;Ei ole mustavalkoisesti hyv\u00e4 tai huono asia&#8221;, sanoo tutkija | Uutissuomalainen"},"content":{"rendered":"<p>Valtiovarainministeri Riikka Purra (ps.) \u00e4r\u00e4hti et\u00e4t\u00f6iden tekemisest\u00e4 keskiviikkona <a href=\"https:\/\/x.com\/ir_rkp\/status\/1985947718749970672?ref_src=twsrc%5Egoogle%7Ctwcamp%5Eserp%7Ctwgr%5Etweet\" rel=\"nofollow\">kirjoituksessaan X:ss\u00e4<\/a>. H\u00e4n totesi, ettei ole itse et\u00e4ty\u00f6n kannattaja.<\/p>\n<p>Kirjoituksen taustalla oli <a href=\"https:\/\/www.iltalehti.fi\/politiikka\/a\/c47ad467-f820-44e4-9cb0-cc688b9ad5db\" rel=\"nofollow noopener\" target=\"_blank\">Iltalehden<\/a> tiistainen uutinen, jonka mukaan Kelan tiukentuneet et\u00e4ty\u00f6s\u00e4\u00e4nn\u00f6t ovat saaneet arvostelua ty\u00f6ntekij\u00f6ilt\u00e4.<\/p>\n<p>\u2013\u2009Valtiolla, politiikassa, kunnissa ym. n\u00e4en itsekin, miten paljon vaikeampaa asioita on hoitaa, jos ihmiset ovat et\u00e4ty\u00f6ss\u00e4. Se ep\u00e4ilem\u00e4tt\u00e4 laskee tuottavuutta ja vaikeuttaa monenlaisia asioita, vaikka voikin jonkinlaisissa teht\u00e4viss\u00e4 joskus toimia, Purra kirjoitti.<\/p>\n<p>\u2013\u2009Tietenkin kotona duunailu on varmasti monille paljon mukavampaa! Jos henkil\u00f6lt\u00e4 itselt\u00e4\u00e4n kysyt\u00e4\u00e4n, h\u00e4n varmasti sanoo olevansa juuri kotona tehokkaampi. Joskus voi ollakin, mutta ihan oikeasti, voidaanko t\u00e4t\u00e4 pit\u00e4\u00e4 julkisen sektorin t\u00f6iss\u00e4 laajemmin totena?, h\u00e4n jatkoi.<\/p>\n<p>Et\u00e4ty\u00f6n tekemisen hy\u00f6dyist\u00e4 ja haitoista on tehty paljon tutkimusta eri tieteenaloilla, sanoo Ty\u00f6terveyslaitoksen erikoistutkija Janne Kaltiainen. H\u00e4n sanoo, ett\u00e4 niiden perusteella et\u00e4ty\u00f6 ei ole mustavalkoisesti hyv\u00e4 tai huono asia.<\/p>\n<p>Tutkimusten mukaan et\u00e4ty\u00f6 voi esimerkiksi edist\u00e4\u00e4 ty\u00f6hyvinvointia ja auttaa ty\u00f6kuormituksen hallinnassa. Se voi my\u00f6s mahdollistaa ty\u00f6n tekemisen keskittyneemmin.<\/p>\n<p>Toisaalta et\u00e4ty\u00f6 voi pidemm\u00e4n ajan kuluessa nakertaa yhteis\u00f6llisyytt\u00e4, luottamusta, innovointia ja uuden oppimista.<\/p>\n<p>Pitk\u00e4lti kyse on vuorovaikutuksesta, sanoo Kaltiainen.<\/p>\n<p>\u2013\u2009Et\u00e4ty\u00f6 vaikuttaa vuorovaikutuksen m\u00e4\u00e4r\u00e4\u00e4n. N\u00e4ytt\u00e4\u00e4 my\u00f6s, ett\u00e4 se voi vaikuttaa vuorovaikutuksen laatuunkin: et\u00e4ty\u00f6ss\u00e4 meill\u00e4 on v\u00e4hemm\u00e4n sellaista ep\u00e4virallista my\u00f6nteist\u00e4 vuorovaikutusta, jossa me p\u00e4\u00e4semme tutustumaan toisiimme.<\/p>\n<p>\t\t\t\tEt\u00e4ty\u00f6 haastaa johtamista<\/p>\n<p>My\u00f6sk\u00e4\u00e4n et\u00e4t\u00f6iden vaikutus tuottavuuteen ei ole Kaltiaisen mukaan yksiselitteinen asia. Se riippuu esimerkiksi siit\u00e4, miten paljon l\u00e4hit\u00f6it\u00e4 et\u00e4t\u00f6iden yhteydess\u00e4 tehd\u00e4\u00e4n ja miten niit\u00e4 tehd\u00e4\u00e4n.<\/p>\n<p>Kaltiainen sanoo pit\u00e4v\u00e4ns\u00e4 t\u00e4ss\u00e4kin mieless\u00e4 parhaimpana hybridimallia, jossa l\u00e4hit\u00f6it\u00e4 tehd\u00e4\u00e4n joustavasti silloin, kun ty\u00f6vaihe niin vaatii, ja esimerkiksi uudet ty\u00f6ntekij\u00e4t saavat tarvittavaa oppia kokeneemmilta.<\/p>\n<p>Kaltiainen huomauttaa, ett\u00e4 et\u00e4ty\u00f6 haastaa my\u00f6s johtamista.<\/p>\n<p>\u2013\u2009Olisi varmasti t\u00e4rke\u00e4\u00e4 pohtia ennemmin sit\u00e4, ett\u00e4 mit\u00e4 se ty\u00f6n tekeminen vaatii ja mit\u00e4 niiden yhteisten tavoitteiden saavuttaminen vaatii.<\/p>\n<p>Valtiovarainministeri Purra kysyi kirjoituksessaan my\u00f6s, mihin tarvitaan kalliita toimistotiloja keskusta-alueilla, jos niiss\u00e4 ei edes k\u00e4y kukaan. Kaltiainen huomauttaa, ett\u00e4 jos ty\u00f6ntekij\u00f6it\u00e4 halutaan toimistoille, on ty\u00f6nantajan vastuu tarjota sopivia tiloja.<\/p>\n<p>\u2013\u2009Jos ne ty\u00f6tilat heikentyv\u00e4t hyvin paljon s\u00e4\u00e4st\u00f6jen takia, niin on ehk\u00e4 ymm\u00e4rrett\u00e4v\u00e4\u00e4, ett\u00e4 ihmiset eiv\u00e4t niin mielell\u00e4\u00e4n sinne my\u00f6sk\u00e4\u00e4n tule, h\u00e4n sanoo.<\/p>\n<p>\t\t\t\tPakottamisesta kielteinen reaktio<\/p>\n<p>Kaltiainen korostaa, ett\u00e4 ty\u00f6paikoilla voidaan tehd\u00e4 paljonkin sen eteen, ett\u00e4 toimistoille halutaan tulla. Kysymys on paitsi ty\u00f6h\u00f6n sopivista tiloista, my\u00f6s esimerkiksi ty\u00f6n organisoinnista ja ty\u00f6ilmapiirist\u00e4.<\/p>\n<p>H\u00e4nen mukaansa on yleisesti parempi, jos ty\u00f6ntekij\u00e4ll\u00e4 on mahdollisuus vaikuttaa siihen, paljonko h\u00e4n et\u00e4t\u00f6it\u00e4 tekee. L\u00e4hit\u00f6ihin m\u00e4\u00e4r\u00e4\u00e4minen on hankalaa erityisesti silloin, jos sit\u00e4 ei riitt\u00e4v\u00e4sti perustella.<\/p>\n<p>\u2013\u2009Jos ty\u00f6ntekij\u00e4 tulkitsee niin, ett\u00e4 h\u00e4neen ei luoteta samalla tavalla, h\u00e4nt\u00e4 halutaan kontrolloida, niin silloin on tosi inhimillist\u00e4, ett\u00e4 se reaktio on kielteinen. Motivaatio ja halu ponnistella yhteisten tavoitteiden puolesta heikentyv\u00e4t, jos kokee, ett\u00e4 minuun ei luoteta tai minua ei arvosteta.<\/p>\n<p>T\u00e4n\u00e4 syksyn\u00e4 huolensa et\u00e4t\u00f6ist\u00e4 on nostanut esiin useampi taho. Esimerkiksi <a href=\"https:\/\/ek.fi\/ajankohtaista\/tiedotteet\/kysely-etatyo-muuttaa-suomen-yrityksia-huoli-talouskasvusta-ja-kaupunkien-elinvoimasta-kasvaa\/\" rel=\"nofollow noopener\" target=\"_blank\">Elinkeinoel\u00e4m\u00e4n keskusliitto<\/a> kiinnitti huomiota siihen, ett\u00e4 et\u00e4t\u00f6iden hiljent\u00e4m\u00e4t kaupunkikeskustat aiheuttavat haasteita muun muassa ravintoloille.<\/p>\n<p>Kaltiainen pit\u00e4\u00e4 keskustelua hyv\u00e4n\u00e4. H\u00e4n huomauttaa, ett\u00e4 ilmi\u00f6 on ajankohtainen ja laaja: Suomessa tehd\u00e4\u00e4n paljon et\u00e4t\u00f6it\u00e4 my\u00f6s Euroopan tasoon verrattuna.<\/p>\n<p>Kaltiainen nostaa esiin sen, ett\u00e4 ihmiselle on tyypillist\u00e4 sopeutuminen uusiin ymp\u00e4rist\u00f6ihin, kuten nyt et\u00e4ty\u00f6h\u00f6n.<\/p>\n<p>\u2013\u2009Silloin, kun ollaan totuttu johonkin mieluisaan ja joka tuntuu helpolta, niin silloin siit\u00e4 my\u00f6s ymm\u00e4rrett\u00e4v\u00e4sti halutaan pit\u00e4\u00e4 kiinni, vaikka se ei olisi aina itsellek\u00e4\u00e4n se paras ratkaisu.<\/p>\n","protected":false},"excerpt":{"rendered":"Valtiovarainministeri Riikka Purra (ps.) \u00e4r\u00e4hti et\u00e4t\u00f6iden tekemisest\u00e4 keskiviikkona kirjoituksessaan X:ss\u00e4. H\u00e4n totesi, ettei ole itse et\u00e4ty\u00f6n kannattaja. Kirjoituksen&hellip;\n","protected":false},"author":2,"featured_media":81824,"comment_status":"","ping_status":"","sticky":false,"template":"","format":"standard","meta":{"footnotes":""},"categories":[5],"tags":[22,23,2267,26,27,33,31,30,17,24,25,28,29,15,18,21,637,885,887,32,19,20,860,862,3512,16],"class_list":{"0":"post-81823","1":"post","2":"type-post","3":"status-publish","4":"format-standard","5":"has-post-thumbnail","7":"category-otsikot","8":"tag-breaking-news","9":"tag-breakingnews","10":"tag-eurooppa","11":"tag-featured-news","12":"tag-featurednews","13":"tag-fi","14":"tag-finland","15":"tag-finnish","16":"tag-headlines","17":"tag-latest-news","18":"tag-latestnews","19":"tag-main-news","20":"tag-mainnews","21":"tag-news","22":"tag-otsikot","23":"tag-paauutiset","24":"tag-politiikka","25":"tag-suomen-poliittiset-puolueet","26":"tag-suomen-politiikka","27":"tag-suomi","28":"tag-top-stories","29":"tag-topstories","30":"tag-tyoelama","31":"tag-tyollisyys","32":"tag-tyontekijat","33":"tag-uutiset"},"share_on_mastodon":{"url":"https:\/\/pubeurope.com\/@fi\/115497491695381026","error":""},"_links":{"self":[{"href":"https:\/\/www.europesays.com\/fi\/wp-json\/wp\/v2\/posts\/81823","targetHints":{"allow":["GET"]}}],"collection":[{"href":"https:\/\/www.europesays.com\/fi\/wp-json\/wp\/v2\/posts"}],"about":[{"href":"https:\/\/www.europesays.com\/fi\/wp-json\/wp\/v2\/types\/post"}],"author":[{"embeddable":true,"href":"https:\/\/www.europesays.com\/fi\/wp-json\/wp\/v2\/users\/2"}],"replies":[{"embeddable":true,"href":"https:\/\/www.europesays.com\/fi\/wp-json\/wp\/v2\/comments?post=81823"}],"version-history":[{"count":0,"href":"https:\/\/www.europesays.com\/fi\/wp-json\/wp\/v2\/posts\/81823\/revisions"}],"wp:featuredmedia":[{"embeddable":true,"href":"https:\/\/www.europesays.com\/fi\/wp-json\/wp\/v2\/media\/81824"}],"wp:attachment":[{"href":"https:\/\/www.europesays.com\/fi\/wp-json\/wp\/v2\/media?parent=81823"}],"wp:term":[{"taxonomy":"category","embeddable":true,"href":"https:\/\/www.europesays.com\/fi\/wp-json\/wp\/v2\/categories?post=81823"},{"taxonomy":"post_tag","embeddable":true,"href":"https:\/\/www.europesays.com\/fi\/wp-json\/wp\/v2\/tags?post=81823"}],"curies":[{"name":"wp","href":"https:\/\/api.w.org\/{rel}","templated":true}]}}