{"id":81831,"date":"2025-11-05T14:26:08","date_gmt":"2025-11-05T14:26:08","guid":{"rendered":"https:\/\/www.europesays.com\/fi\/81831\/"},"modified":"2025-11-05T14:26:08","modified_gmt":"2025-11-05T14:26:08","slug":"johnny-depp-saa-taru-sormusten-herrasta-tahdesta-seuraa-uuteen-elokuvaansa","status":"publish","type":"post","link":"https:\/\/www.europesays.com\/fi\/81831\/","title":{"rendered":"Johnny Depp saa Taru sormusten herrasta -t\u00e4hdest\u00e4 seuraa uuteen elokuvaansa"},"content":{"rendered":"<p>Johnny Depp n\u00e4yttelee p\u00e4\u00e4osan Charles Dickens -klassikon elokuvaversiossa.<\/p>\n<p><a href=\"https:\/\/deadline.com\/2025\/11\/ian-mckellen-severance-tramell-tillman-johnny-depp-ebenezer-1236605074\" target=\"_blank\" rel=\"noreferrer noopener nofollow\">Deadline<\/a> uutisoi Ian McKellenin ja Severance-sarjasta tutun Tramell Tillmanin kiinnitetyn mukaan Ebenezer: A Christmas Carol -elokuvaan, jonka ohjaa Ti West. Lehden mukaan Charles Dickensin klassikkoon perustuvan Paramountin tuottaman leffasovituksen ensi-ilta on n\u00e4ill\u00e4 n\u00e4kymin 13.11.2026. <\/p>\n<p><a href=\"https:\/\/muropaketti.com\/avainsana\/johnny-depp\/\" rel=\"nofollow noopener\" target=\"_blank\">Johnny Depp<\/a>\u00a0n\u00e4yttelee Ebenezer Scroogen roolin ilmeisesti hieman erilaisessa Charles Dickens -tulkinnassa, sill\u00e4 ohjaaja West on tuttu muun muassa kauhuelokuvistaaan X, Pearl ja Maxxxine.<\/p>\n<p>Elokuvan k\u00e4sikirjoituksesta vastaa Nathaniel Halpern. Naisp\u00e4\u00e4osaan kiinnitettiin jo aiemmin Andrea Riseborough.<\/p>\n<p>Dickensin Saiturin joulu on filmatisoitu lukuisia kertoja. Kaikkien tuntema stoori kertoo saidasta Ebenezer Scroogesta, joka saa vierakseen nelj\u00e4 aavetta. My\u00f6s Warner Bros. -studio ty\u00f6st\u00e4\u00e4 tarinasta omaa elokuvaversiotaan, jonka ohjaa Robert Eggers. Sen p\u00e4\u00e4osan n\u00e4yttelee Willem Dafoe.<\/p>\n<p>Hahmoa ovat aiemmin n\u00e4ytelleet muun muassa Alastair Sim (Scrooge, 1951), Michael Caine (The Muppet Christmas Carol, 1992) ja Jim Carrey (A Christmas Carol, 2009). <\/p>\n<p><a href=\"https:\/\/muropaketti.com\/wp-content\/uploads\/2023\/08\/taru-sormusten-herrasta-sormuksen-ritarit-ian-mckellen-elijah-wood.jpg\" rel=\"nofollow noopener\" target=\"_blank\"><img fetchpriority=\"high\" decoding=\"async\" width=\"1024\" height=\"682\" alt=\"Taru sormusten herrasta\" class=\"wp-image-706823 awpo-lazy\"  data- src=\"https:\/\/www.europesays.com\/fi\/wp-content\/uploads\/2025\/11\/taru-sormusten-herrasta-sormuksen-ritarit-ian-mckellen-elijah-wood-1024x682.jpg\"\/><\/a>Kuva: \u00a9 Warner Bros. Discovery<\/p>\n","protected":false},"excerpt":{"rendered":"Johnny Depp n\u00e4yttelee p\u00e4\u00e4osan Charles Dickens -klassikon elokuvaversiossa. Deadline uutisoi Ian McKellenin ja Severance-sarjasta tutun Tramell Tillmanin kiinnitetyn&hellip;\n","protected":false},"author":2,"featured_media":81832,"comment_status":"","ping_status":"","sticky":false,"template":"","format":"standard","meta":{"footnotes":""},"categories":[131],"tags":[155,137,33,173,31,30,4604,848,172,32,15717,109],"class_list":{"0":"post-81831","1":"post","2":"type-post","3":"status-publish","4":"format-standard","5":"has-post-thumbnail","7":"category-elokuvat","8":"tag-elokuvat","9":"tag-entertainment","10":"tag-fi","11":"tag-film","12":"tag-finland","13":"tag-finnish","14":"tag-ian-mckellen","15":"tag-johnny-depp","16":"tag-movies","17":"tag-suomi","18":"tag-ti-west","19":"tag-viihde"},"share_on_mastodon":{"url":"https:\/\/pubeurope.com\/@fi\/115497558684157307","error":""},"_links":{"self":[{"href":"https:\/\/www.europesays.com\/fi\/wp-json\/wp\/v2\/posts\/81831","targetHints":{"allow":["GET"]}}],"collection":[{"href":"https:\/\/www.europesays.com\/fi\/wp-json\/wp\/v2\/posts"}],"about":[{"href":"https:\/\/www.europesays.com\/fi\/wp-json\/wp\/v2\/types\/post"}],"author":[{"embeddable":true,"href":"https:\/\/www.europesays.com\/fi\/wp-json\/wp\/v2\/users\/2"}],"replies":[{"embeddable":true,"href":"https:\/\/www.europesays.com\/fi\/wp-json\/wp\/v2\/comments?post=81831"}],"version-history":[{"count":0,"href":"https:\/\/www.europesays.com\/fi\/wp-json\/wp\/v2\/posts\/81831\/revisions"}],"wp:featuredmedia":[{"embeddable":true,"href":"https:\/\/www.europesays.com\/fi\/wp-json\/wp\/v2\/media\/81832"}],"wp:attachment":[{"href":"https:\/\/www.europesays.com\/fi\/wp-json\/wp\/v2\/media?parent=81831"}],"wp:term":[{"taxonomy":"category","embeddable":true,"href":"https:\/\/www.europesays.com\/fi\/wp-json\/wp\/v2\/categories?post=81831"},{"taxonomy":"post_tag","embeddable":true,"href":"https:\/\/www.europesays.com\/fi\/wp-json\/wp\/v2\/tags?post=81831"}],"curies":[{"name":"wp","href":"https:\/\/api.w.org\/{rel}","templated":true}]}}