{"id":81858,"date":"2025-11-05T14:51:08","date_gmt":"2025-11-05T14:51:08","guid":{"rendered":"https:\/\/www.europesays.com\/fi\/81858\/"},"modified":"2025-11-05T14:51:08","modified_gmt":"2025-11-05T14:51:08","slug":"mita-axl-rosen-ominaisuuksia-slash-arvostaa-erityisesti-kitaristi-tarjoaa-kysymykseen-kattavan-vastauksen","status":"publish","type":"post","link":"https:\/\/www.europesays.com\/fi\/81858\/","title":{"rendered":"Mit\u00e4 Axl Rosen ominaisuuksia Slash arvostaa erityisesti? Kitaristi tarjoaa kysymykseen kattavan vastauksen"},"content":{"rendered":"<p>Axl Rose ja Slash eiv\u00e4t ole aina olleet parhaita kavereita \u2013 itse asiassa kaksikon v\u00e4lit olivat tyystin j\u00e4iss\u00e4 muutaman vuosikymmenen ajan, kun Slash poistui Guns N\u2019 Rosesista vuonna 1996 ja Axl laukoi entisest\u00e4 luottokitarististaan varsin tylyj\u00e4 kommentteja medialle. Nyt on kuitenkin toisenlainen \u00e4\u00e4ni kellossa, ja herrat puhuvat toisistaan huomattavasti eri s\u00e4vyyn kuin 2000-luvun alkuvuosina.<\/p>\n<p>Loudwire p\u00e4\u00e4tti kysy\u00e4 t\u00e4ss\u00e4 p\u00e4iv\u00e4n\u00e4 muutamana Slashilt\u00e4, mist\u00e4 Axl Rosen ominaisuuksista kitaristi pit\u00e4\u00e4 eniten. Hattumies innostui antamaan huomattavan selke\u00e4n vastauksen.<\/p>\n<p>\u201dPaitsi ett\u00e4 h\u00e4n on yksi suurimmista [rockb\u00e4ndin] keulakuvista koskaan sek\u00e4 loistava sanoittaja, h\u00e4n on my\u00f6s eritt\u00e4in, eritt\u00e4in \u00e4lyk\u00e4s ja tarkkan\u00e4k\u00f6inen henkil\u00f6. Sit\u00e4 olen aina ihaillut h\u00e4ness\u00e4. H\u00e4n on my\u00f6s yksi rehellisimmist\u00e4 ja suoraviivaisimmista henkil\u00f6ist\u00e4, mit\u00e4 olen koskaan tavannut\u201d, Slash sanoo.<\/p>\n<p>Katso miehen alkuper\u00e4inen vastaus alempaa l\u00f6ytyv\u00e4lt\u00e4 videolta:<\/p>\n","protected":false},"excerpt":{"rendered":"Axl Rose ja Slash eiv\u00e4t ole aina olleet parhaita kavereita \u2013 itse asiassa kaksikon v\u00e4lit olivat tyystin j\u00e4iss\u00e4&hellip;\n","protected":false},"author":2,"featured_media":81859,"comment_status":"","ping_status":"","sticky":false,"template":"","format":"standard","meta":{"footnotes":""},"categories":[132],"tags":[137,33,31,30,195,47,32,109],"class_list":{"0":"post-81858","1":"post","2":"type-post","3":"status-publish","4":"format-standard","5":"has-post-thumbnail","7":"category-musiikki","8":"tag-entertainment","9":"tag-fi","10":"tag-finland","11":"tag-finnish","12":"tag-music","13":"tag-musiikki","14":"tag-suomi","15":"tag-viihde"},"share_on_mastodon":{"url":"https:\/\/pubeurope.com\/@fi\/115497657025252164","error":""},"_links":{"self":[{"href":"https:\/\/www.europesays.com\/fi\/wp-json\/wp\/v2\/posts\/81858","targetHints":{"allow":["GET"]}}],"collection":[{"href":"https:\/\/www.europesays.com\/fi\/wp-json\/wp\/v2\/posts"}],"about":[{"href":"https:\/\/www.europesays.com\/fi\/wp-json\/wp\/v2\/types\/post"}],"author":[{"embeddable":true,"href":"https:\/\/www.europesays.com\/fi\/wp-json\/wp\/v2\/users\/2"}],"replies":[{"embeddable":true,"href":"https:\/\/www.europesays.com\/fi\/wp-json\/wp\/v2\/comments?post=81858"}],"version-history":[{"count":0,"href":"https:\/\/www.europesays.com\/fi\/wp-json\/wp\/v2\/posts\/81858\/revisions"}],"wp:featuredmedia":[{"embeddable":true,"href":"https:\/\/www.europesays.com\/fi\/wp-json\/wp\/v2\/media\/81859"}],"wp:attachment":[{"href":"https:\/\/www.europesays.com\/fi\/wp-json\/wp\/v2\/media?parent=81858"}],"wp:term":[{"taxonomy":"category","embeddable":true,"href":"https:\/\/www.europesays.com\/fi\/wp-json\/wp\/v2\/categories?post=81858"},{"taxonomy":"post_tag","embeddable":true,"href":"https:\/\/www.europesays.com\/fi\/wp-json\/wp\/v2\/tags?post=81858"}],"curies":[{"name":"wp","href":"https:\/\/api.w.org\/{rel}","templated":true}]}}