{"id":81921,"date":"2025-11-05T15:53:08","date_gmt":"2025-11-05T15:53:08","guid":{"rendered":"https:\/\/www.europesays.com\/fi\/81921\/"},"modified":"2025-11-05T15:53:08","modified_gmt":"2025-11-05T15:53:08","slug":"hoitaja-liimasi-lapsen-silmat-umpeen","status":"publish","type":"post","link":"https:\/\/www.europesays.com\/fi\/81921\/","title":{"rendered":"Hoitaja liimasi lapsen silm\u00e4t umpeen"},"content":{"rendered":"<p>Miljan lapsi loukkasi nen\u00e4ns\u00e4 p\u00e4iv\u00e4kodissa. Terveyskeskuksessa tapahtui j\u00e4rkytt\u00e4v\u00e4 moka. Keski-Suomen hyvinvointialueen mukaan kaikki ep\u00e4illyt potilasvahingot tai vaaratilanteet selvitet\u00e4\u00e4n.<\/p>\n<ul>\n<li>Hoitaja liimasi vahingossa 5-vuotiaan pojan silm\u00e4luomet umpeen, kun nen\u00e4haavaa yritettiin hoitaa iholiimalla.<\/li>\n<li>Poika joutui Kuopion yliopistolliseen sairaalaan leikkaukseen, jossa silm\u00e4t saatiin lopulta auki.<\/li>\n<li>Keski-Suomen hyvinvointialueen mukaan kaikki ep\u00e4illyt potilasvahingot tai vaaratilanteet selvitet\u00e4\u00e4n.<\/li>\n<\/ul>\n<p class=\"paragraph\">Hoitaja liimasi vahingossa <strong>Milja Monteduron<\/strong> 5-vuotiaan pojan silm\u00e4luomet umpeen.<\/p>\n<p class=\"paragraph\">5-vuotias poika koki j\u00e4rkytt\u00e4v\u00e4n hoitotoimenpiteen tiistaina sen j\u00e4lkeen, kun h\u00e4n oli ly\u00f6nyt nen\u00e4ns\u00e4 p\u00e4iv\u00e4kodissa laatikon kulmaan.<\/p>\n<p class=\"paragraph\">Ensin \u00e4iti ja poika olivat suunnanneet sairaala Novan p\u00e4ivystykseen, josta heid\u00e4t ohjattiin omaan terveyskeskukseen. He meniv\u00e4t Huhtasuon terveyskeskukseen Jyv\u00e4skyl\u00e4ss\u00e4, joka vaikutti \u00e4idin mukaan kiireiselt\u00e4 puolen p\u00e4iv\u00e4n aikaan.<\/p>\n<p class=\"paragraph\">\u2013 En n\u00e4hnyt yht\u00e4\u00e4n hoitajaa miss\u00e4\u00e4n, ja ihmisi\u00e4 istuskeli k\u00e4yt\u00e4v\u00e4ll\u00e4. Meille oli sanottu puhelimessa, ett\u00e4 meill\u00e4 on aika ja sitten hoitaja tuli, Monteduro kertoo.<\/p>\n<p class=\"paragraph\">Poikaa ei \u00e4idin mukaan viety toimenpidehuoneeseen, vaan toimenpide tehtiin k\u00e4yt\u00e4v\u00e4ll\u00e4 olevalla s\u00e4ngyll\u00e4. Poika laitettiin selin makuulle liimauksen ajaksi.<\/p>\n<p class=\"paragraph\">\u2013 Minulle tuli siin\u00e4 jo v\u00e4h\u00e4n kummallinen olo, ett\u00e4 mit\u00e4 t\u00e4ss\u00e4 tapahtuu. En kest\u00e4 itse oikein katsoa haavoja, mutta mukana oli my\u00f6s paras yst\u00e4v\u00e4ni, joka on lapsen kummi. H\u00e4n oli katsonut haavaa ja se oli ollut todella syv\u00e4, \u00e4iti kertoo.<\/p>\n<p class=\"paragraph\">Omakantaan tehdyss\u00e4 kirjauksessa lukee, ett\u00e4 hoitaja tarkasti haavan, jota l\u00e4\u00e4k\u00e4ri k\u00e4vi katsomassa, ja haava p\u00e4\u00e4tettiin liimata. \u00c4idin mukaan l\u00e4\u00e4k\u00e4ri ei k\u00e4ynyt paikalla. Iltalehti on n\u00e4hnyt Omakannan kirjauksen.<\/p>\n<p>Silm\u00e4t umpeutuivat<\/p>\n<p class=\"paragraph\">\u00c4idin mukaan terveyskeskuksen hoitaja alkoi liimata nen\u00e4n haavaa kiinni iholiimalla. Iholiimaa valui samalla pojan silmiin, jotka liimautuivat umpeen.<\/p>\n<p class=\"paragraph\">Monteduro kehuu poikaansa, joka pysyi rauhallisena ja urheana alusta asti.<\/p>\n<p class=\"paragraph\">\u2013 H\u00e4n on hirve\u00e4n kiltti ja rauhallinen kaveri muutenkin. Totta kai kuulin, ett\u00e4 h\u00e4n v\u00e4h\u00e4n vaikeroi siin\u00e4 toimenpiteess\u00e4, mutta makasi ihan paikallaan. Mutta luulin, ett\u00e4 totta kai haavan hoitamisessa siihen sattuu, \u00e4iti sanoo.<\/p>\n<p class=\"paragraph\">Sitten poika nousi yl\u00f6s ja alkoi huutaa, ett\u00e4 ei n\u00e4e. \u00c4iti luuli aluksi, ett\u00e4 silmi\u00e4 vain kirvelee.<\/p>\n<p class=\"paragraph\">\u2013 Sitten kosketin ripsi\u00e4, niin se silm\u00e4 olikin ihan kivikova ja ajattelin, ett\u00e4 apua, minun lapseni silm\u00e4t on oikeasti liimattu kiinni, \u00e4iti muistelee paniikkia.<\/p>\n<p class=\"paragraph\">Liimaa oli valunut molempiin silm\u00e4luomiin sek\u00e4 posken kautta kaulapoimuihin.<\/p>\n<p class=\"paragraph\">Hoitajat yrittiv\u00e4t avata pojan silmi\u00e4. L\u00e4\u00e4k\u00e4rin tullessa paikalle silmi\u00e4 yritettiin avata keittosuolaliuoksella, mutta sek\u00e4\u00e4n ei auttanut.<\/p>\n<p class=\"paragraph\">Poika ohjattiin sairaala Novaan, jossa pojan ripset leikattiin ja silmi\u00e4 yritettiin saada auki tuloksetta.<\/p>\n<p>T\u00e4lt\u00e4 pojan silm\u00e4t n\u00e4yttiv\u00e4t ennen sairaala Novan toimenpidett\u00e4. Milja Monteduro<\/p>\n<p>\u201dT\u00e4ytt\u00e4 huolimattomuutta\u201d<\/p>\n<p class=\"paragraph\">Lopulta poika jouduttiin viem\u00e4\u00e4n Kuopion yliopistolliseen sairaalaan (Kys).<\/p>\n<p class=\"paragraph\">Pojan viel\u00e4 auki olleeseen nen\u00e4haavaan laitettiin kolme tikki\u00e4.<\/p>\n<p class=\"paragraph\">\u2013 Se, ett\u00e4 he l\u00e4htiv\u00e4t alun perinkin laittamaan liimaa noin syv\u00e4\u00e4n avohaavaan, oli jo ensimm\u00e4inen virhe, \u00e4iti sanoo.<\/p>\n<p class=\"paragraph\">\u00c4idist\u00e4 tuntuu absurdilta, miten hoitaja ei huomannut, ett\u00e4 iholiimaa valuu suoraan silmiin.<\/p>\n<p class=\"paragraph\">\u2013 T\u00e4m\u00e4 ei oman n\u00e4kemykseni mukaan ollut virhe, vaan ihan t\u00e4ytt\u00e4 huolimattomuutta. En usko, ett\u00e4 h\u00e4n on halunnut satuttaa lasta, mutta pit\u00e4isi olla tietynlaista varovaisuutta, kun ty\u00f6skennell\u00e4\u00e4n silmien l\u00e4hell\u00e4, h\u00e4n sanoo.<\/p>\n<p class=\"paragraph\">\u2013 Jos l\u00e4hden viem\u00e4\u00e4n lastani haavan tikkaukseen, niin mielest\u00e4ni minun ei kuulu l\u00f6yt\u00e4\u00e4 itse\u00e4ni samana iltana leikkaussalista.<\/p>\n<p class=\"paragraph\">Monteduro aikoo vied\u00e4 asian eteenp\u00e4in. Haastattelulla h\u00e4n haluaa ilmaista huolensa terveydenhuollon kiireest\u00e4 ja resursseista, ei syytt\u00e4\u00e4 yksitt\u00e4ist\u00e4 tahoa.<\/p>\n<p>Leikkaukseen<\/p>\n<p class=\"paragraph\">Kysiss\u00e4 ollut silm\u00e4l\u00e4\u00e4k\u00e4rik\u00e4\u00e4n ei saanut pojan silmi\u00e4 auki, joten poika jouduttiin valmistelemaan leikkaukseen.<\/p>\n<p class=\"paragraph\">Monteduron mukaan h\u00e4nelle ei voitu luvata, ettei pojan n\u00e4\u00f6lle k\u00e4visi mit\u00e4\u00e4n.<\/p>\n<p class=\"paragraph\">\u2013 Siin\u00e4 vaiheessa, kun j\u00e4\u00e4 yksin sinne odotushuoneeseen istumaan ja lapsi vied\u00e4\u00e4n pois, niin k\u00e4vi sekin ajatus mieless\u00e4, ett\u00e4 ent\u00e4s jos lapseni vaikka sokeutuu.<\/p>\n<p class=\"paragraph\">Leikkaus meni onnistuneesti. Pojan n\u00e4k\u00f6\u00f6n ei tullut vaurioita.<\/p>\n<p class=\"paragraph\">Poika oli joutunut olemaan silm\u00e4t kiinni yhteens\u00e4 noin 12 tuntia terveyskeskuksesta her\u00e4\u00e4m\u00f6\u00f6n. Her\u00e4\u00e4m\u00f6st\u00e4 poika her\u00e4si y\u00f6ll\u00e4.<\/p>\n<p class=\"paragraph\">\u00c4iti ja poika p\u00e4\u00e4siv\u00e4t kotiin keskiviikkona. Kysiss\u00e4 saadusta hoidosta j\u00e4i positiivinen kokemus molemmille.<\/p>\n<p class=\"paragraph\">\u2013 Toki on viel\u00e4 tulossa kontrollik\u00e4yntej\u00e4, joissa varmistetaan, ettei ole j\u00e4\u00e4nyt mit\u00e4\u00e4n pysyv\u00e4\u00e4 haittaa. Mutta siihen n\u00e4hden poika voi mielest\u00e4ni ihan hyvin, Monteduro kertoo.<\/p>\n<p class=\"paragraph\">Iltalehti on n\u00e4hnyt sairaala Novan sek\u00e4 Kysin toimenpiteisiin liittyv\u00e4t Omakanta-kirjaukset.<\/p>\n<p>Hyvinvointialue vastaa<\/p>\n<p class=\"paragraph\">Keski-Suomen hyvinvointialueen hallintoylil\u00e4\u00e4k\u00e4ri <strong>Sari Kemppainen<\/strong> ei voi kommentoida yksitt\u00e4isi\u00e4 potilastapauksia, mutta h\u00e4n sanoo yleisell\u00e4 tasolla, ett\u00e4 kaikki ep\u00e4illyt potilasvahingot tai vaaratilanteet selvitet\u00e4\u00e4n.<\/p>\n<p class=\"paragraph\">Huhtasuon terveyskeskuksen palveluntuottajana toimii Terveystalo.<\/p>\n<p class=\"paragraph\">\u2013 Heid\u00e4n t\u00e4ytyy raportoida meille n\u00e4m\u00e4 tapahtumat ja sitten ne selvitet\u00e4\u00e4n. Tietysti akuutissa tilanteessa ensin t\u00e4rkeint\u00e4 on hoitaa potilas ja my\u00f6hemmin sitten selvit\u00e4\u00e4n, ett\u00e4 mit\u00e4 oikein tapahtui, Kemppainen kertoo.<\/p>\n<p class=\"paragraph\">Kemppainen muistuttaa, ett\u00e4 potilas tai h\u00e4nen huoltajansa voivat tehd\u00e4 potilasvahinkoilmoituksen. Potilasvakuutuskeskuksen puolueeton taho arvioi, onko kyseess\u00e4 korvattava potilasvahinko, ja mahdolliset korvaukset maksetaan sen kautta.<\/p>\n<p class=\"paragraph\">Toimenpidehuoneiden k\u00e4yt\u00f6st\u00e4 ruuhka-aikaan Kemppainen sanoo, ett\u00e4 tilannekohtaisesti tulee arvioida, millaisen tilan ja v\u00e4lineet toimenpide vaatii.<\/p>\n<p class=\"paragraph\">\u2013 Tietenkin aina pyrit\u00e4\u00e4n v\u00e4ltt\u00e4m\u00e4\u00e4n sit\u00e4, ett\u00e4 ihmisi\u00e4 hoidettaisiin k\u00e4yt\u00e4v\u00e4ll\u00e4, mutta joskus on arvioitava sit\u00e4, kumpi on pienempi paha: se vai ett\u00e4 potilas joutuu odottamaan. P\u00e4ivystyspotilaat hoidetaan meill\u00e4 kaikkialla kiireellisyysj\u00e4rjestyksess\u00e4, Kemppainen sanoo.<\/p>\n","protected":false},"excerpt":{"rendered":"Miljan lapsi loukkasi nen\u00e4ns\u00e4 p\u00e4iv\u00e4kodissa. Terveyskeskuksessa tapahtui j\u00e4rkytt\u00e4v\u00e4 moka. Keski-Suomen hyvinvointialueen mukaan kaikki ep\u00e4illyt potilasvahingot tai vaaratilanteet selvitet\u00e4\u00e4n.&hellip;\n","protected":false},"author":2,"featured_media":81922,"comment_status":"","ping_status":"","sticky":false,"template":"","format":"standard","meta":{"footnotes":""},"categories":[5],"tags":[35,22,23,26,27,33,31,30,17,501,24,25,28,29,15,18,21,2461,32,502,503,504,19,20,16],"class_list":{"0":"post-81921","1":"post","2":"type-post","3":"status-publish","4":"format-standard","5":"has-post-thumbnail","7":"category-otsikot","8":"tag-24h","9":"tag-breaking-news","10":"tag-breakingnews","11":"tag-featured-news","12":"tag-featurednews","13":"tag-fi","14":"tag-finland","15":"tag-finnish","16":"tag-headlines","17":"tag-laakaripalvelut","18":"tag-latest-news","19":"tag-latestnews","20":"tag-main-news","21":"tag-mainnews","22":"tag-news","23":"tag-otsikot","24":"tag-paauutiset","25":"tag-sairaalat-ja-terveyskeskukset","26":"tag-suomi","27":"tag-terveydenhoito","28":"tag-terveydenhuolto-sektori","29":"tag-terveyspalvelut","30":"tag-top-stories","31":"tag-topstories","32":"tag-uutiset"},"share_on_mastodon":{"url":"https:\/\/pubeurope.com\/@fi\/115497900626218201","error":""},"_links":{"self":[{"href":"https:\/\/www.europesays.com\/fi\/wp-json\/wp\/v2\/posts\/81921","targetHints":{"allow":["GET"]}}],"collection":[{"href":"https:\/\/www.europesays.com\/fi\/wp-json\/wp\/v2\/posts"}],"about":[{"href":"https:\/\/www.europesays.com\/fi\/wp-json\/wp\/v2\/types\/post"}],"author":[{"embeddable":true,"href":"https:\/\/www.europesays.com\/fi\/wp-json\/wp\/v2\/users\/2"}],"replies":[{"embeddable":true,"href":"https:\/\/www.europesays.com\/fi\/wp-json\/wp\/v2\/comments?post=81921"}],"version-history":[{"count":0,"href":"https:\/\/www.europesays.com\/fi\/wp-json\/wp\/v2\/posts\/81921\/revisions"}],"wp:featuredmedia":[{"embeddable":true,"href":"https:\/\/www.europesays.com\/fi\/wp-json\/wp\/v2\/media\/81922"}],"wp:attachment":[{"href":"https:\/\/www.europesays.com\/fi\/wp-json\/wp\/v2\/media?parent=81921"}],"wp:term":[{"taxonomy":"category","embeddable":true,"href":"https:\/\/www.europesays.com\/fi\/wp-json\/wp\/v2\/categories?post=81921"},{"taxonomy":"post_tag","embeddable":true,"href":"https:\/\/www.europesays.com\/fi\/wp-json\/wp\/v2\/tags?post=81921"}],"curies":[{"name":"wp","href":"https:\/\/api.w.org\/{rel}","templated":true}]}}