{"id":81943,"date":"2025-11-05T16:19:10","date_gmt":"2025-11-05T16:19:10","guid":{"rendered":"https:\/\/www.europesays.com\/fi\/81943\/"},"modified":"2025-11-05T16:19:10","modified_gmt":"2025-11-05T16:19:10","slug":"mervi-kallio-onnettomuudessa-pahat-oireet","status":"publish","type":"post","link":"https:\/\/www.europesays.com\/fi\/81943\/","title":{"rendered":"Mervi Kallio onnettomuudessa \u2013 Pahat oireet"},"content":{"rendered":"<p>Mervi Kallio ei toipunut onnettomuudesta parissa p\u00e4iv\u00e4ss\u00e4, kuten h\u00e4n ensin ajatteli.<\/p>\n<p><img decoding=\"async\" class=\"image image-show image-preview\" src=\"https:\/\/www.europesays.com\/fi\/wp-content\/uploads\/2025\/11\/b49314d4c96dd501d2d9a004473ff93cf26dc5300d7cc60cdfa4b4d844edee8f.jpg\" alt=\"\"\/><img decoding=\"async\" class=\"image image-show\" src=\"https:\/\/www.europesays.com\/fi\/wp-content\/uploads\/2025\/11\/1762359550_710_b49314d4c96dd501d2d9a004473ff93cf26dc5300d7cc60cdfa4b4d844edee8f.jpg\" alt=\"\"\/><\/p>\n<p>Mervi Kallio kaatui maastopy\u00f6r\u00e4ll\u00e4 reilu kuukausi sitten. MATTI MATIKAINEN<\/p>\n<p class=\"paragraph\">Viaplaylt\u00e4 tuttu tv-toimittaja <strong>Mervi Kallio<\/strong> p\u00e4ivitti keskiviikkona terveyskuulumisiaan <a href=\"https:\/\/www.instagram.com\/p\/DQrg1QDkYTi\/?igsh=czgxOGQybmhyNXQ3&amp;img_index=2\" target=\"_blank\" rel=\"noopener nofollow\">Instagramissa<\/a>.<\/p>\n<p class=\"paragraph\">Kallio joutui maastopy\u00f6r\u00e4onnettomuuteen reilut viisi viikkoa sitten. Kaatuminen johti aivot\u00e4r\u00e4hdykseen.<\/p>\n<p class=\"paragraph\">\u2013\u2009Oireet: siet\u00e4m\u00e4t\u00f6n p\u00e4\u00e4ns\u00e4rky, oksentelu ja n\u00e4k\u00f6h\u00e4iri\u00f6t, Kallio listasi keskiviikon julkaisussaan.<\/p>\n<p class=\"paragraph\">Kallio kertoi saaneensa puhelun urheilul\u00e4\u00e4k\u00e4rilt\u00e4, joka kehotti ottamaan asian vakavasti.  Kallio uskoi kuitenkin p\u00e4\u00e4sev\u00e4ns\u00e4 treenaamaan taas normaalisti parissa p\u00e4iv\u00e4ss\u00e4.<\/p>\n<p class=\"paragraph\">\u2013\u2009No, en ole p\u00e4\u00e4ssyt. Teen edelleen vain kevyit\u00e4 harjoituksia, ja silti sykkeet nousevat helposti. Liike tekee hyv\u00e4\u00e4, mutta tied\u00e4n ylitt\u00e4neeni rajan, jos treenin j\u00e4lkeen tulee huono olo. Oura vaatii lep\u00e4\u00e4m\u00e4\u00e4n ja my\u00f6s y\u00f6ll\u00e4 leposykkeet ovat edelleen yli kymmenen pyk\u00e4l\u00e4\u00e4 normaalia korkeammat, Kallio jatkoi.<\/p>\n<p class=\"paragraph\">F1-toimittaja ohjattiin fysioterapeutin pakeille, joka antoi tarkat kuntoutusohjeet. Vasta ne ovat kohentaneet oloa. Lis\u00e4ksi h\u00e4n on k\u00e4ynyt nikamien manipuloinnissa ja akupunktiohoidossa.<\/p>\n<p class=\"paragraph\">Vaikka Kallio mainitsi julkaisussaan l\u00e4\u00e4k\u00e4riasemia ja ammattilaisia nimelt\u00e4, h\u00e4n painotti, ettei kyseess\u00e4 ollut kaupallinen yhteisty\u00f6.<\/p>\n<p><script async src=\"\/\/www.instagram.com\/embed.js\"><\/script><\/p>\n","protected":false},"excerpt":{"rendered":"Mervi Kallio ei toipunut onnettomuudesta parissa p\u00e4iv\u00e4ss\u00e4, kuten h\u00e4n ensin ajatteli. Mervi Kallio kaatui maastopy\u00f6r\u00e4ll\u00e4 reilu kuukausi sitten.&hellip;\n","protected":false},"author":2,"featured_media":81944,"comment_status":"","ping_status":"","sticky":false,"template":"","format":"standard","meta":{"footnotes":""},"categories":[5],"tags":[35,22,23,26,27,33,31,30,17,1391,2111,24,25,41,28,29,15,18,21,764,32,765,167,19,20,16],"class_list":{"0":"post-81943","1":"post","2":"type-post","3":"status-publish","4":"format-standard","5":"has-post-thumbnail","7":"category-otsikot","8":"tag-24h","9":"tag-breaking-news","10":"tag-breakingnews","11":"tag-featured-news","12":"tag-featurednews","13":"tag-fi","14":"tag-finland","15":"tag-finnish","16":"tag-headlines","17":"tag-ihmisten-ja-elainten-ruumiit","18":"tag-kuntourheilu","19":"tag-latest-news","20":"tag-latestnews","21":"tag-liikunta-ja-urheilu","22":"tag-main-news","23":"tag-mainnews","24":"tag-news","25":"tag-otsikot","26":"tag-paauutiset","27":"tag-sairaudet","28":"tag-suomi","29":"tag-taudit-ja-hairiot","30":"tag-terveys","31":"tag-top-stories","32":"tag-topstories","33":"tag-uutiset"},"share_on_mastodon":{"url":"https:\/\/pubeurope.com\/@fi\/115498003051316314","error":""},"_links":{"self":[{"href":"https:\/\/www.europesays.com\/fi\/wp-json\/wp\/v2\/posts\/81943","targetHints":{"allow":["GET"]}}],"collection":[{"href":"https:\/\/www.europesays.com\/fi\/wp-json\/wp\/v2\/posts"}],"about":[{"href":"https:\/\/www.europesays.com\/fi\/wp-json\/wp\/v2\/types\/post"}],"author":[{"embeddable":true,"href":"https:\/\/www.europesays.com\/fi\/wp-json\/wp\/v2\/users\/2"}],"replies":[{"embeddable":true,"href":"https:\/\/www.europesays.com\/fi\/wp-json\/wp\/v2\/comments?post=81943"}],"version-history":[{"count":0,"href":"https:\/\/www.europesays.com\/fi\/wp-json\/wp\/v2\/posts\/81943\/revisions"}],"wp:featuredmedia":[{"embeddable":true,"href":"https:\/\/www.europesays.com\/fi\/wp-json\/wp\/v2\/media\/81944"}],"wp:attachment":[{"href":"https:\/\/www.europesays.com\/fi\/wp-json\/wp\/v2\/media?parent=81943"}],"wp:term":[{"taxonomy":"category","embeddable":true,"href":"https:\/\/www.europesays.com\/fi\/wp-json\/wp\/v2\/categories?post=81943"},{"taxonomy":"post_tag","embeddable":true,"href":"https:\/\/www.europesays.com\/fi\/wp-json\/wp\/v2\/tags?post=81943"}],"curies":[{"name":"wp","href":"https:\/\/api.w.org\/{rel}","templated":true}]}}