{"id":81960,"date":"2025-11-05T16:45:09","date_gmt":"2025-11-05T16:45:09","guid":{"rendered":"https:\/\/www.europesays.com\/fi\/81960\/"},"modified":"2025-11-05T16:45:09","modified_gmt":"2025-11-05T16:45:09","slug":"ihmis-barbie-on-kuollut-31-vuotiaana","status":"publish","type":"post","link":"https:\/\/www.europesays.com\/fi\/81960\/","title":{"rendered":"Ihmis-Barbie on kuollut 31-vuotiaana"},"content":{"rendered":"<p>Barbara Jankavski halusi tehd\u00e4 itsest\u00e4\u00e4n tunnetun suosikkinuken n\u00e4k\u00f6isen.<\/p>\n<p><img decoding=\"async\" class=\"image image-show image-preview\" src=\"https:\/\/www.europesays.com\/fi\/wp-content\/uploads\/2025\/11\/a5618fc4fcba70d44544cb35a35acb3e05a69ab0c02373fe83138c3c34522e56.jpg\" alt=\"\"\/><img decoding=\"async\" class=\"image image-show\" src=\"https:\/\/www.europesays.com\/fi\/wp-content\/uploads\/2025\/11\/1762361109_635_a5618fc4fcba70d44544cb35a35acb3e05a69ab0c02373fe83138c3c34522e56.jpg\" alt=\"\"\/><\/p>\n<p>Ihmis-Barbie on kuollut. AOP<\/p>\n<p class=\"paragraph\">Ihmis-Barbieksi 27 eri kauneusoperaatiolla t\u00e4hd\u00e4nnyt somevaikuttaja <strong>Barbara Jankavski<\/strong> on kuollut 31-vuotiaana, kertoo <a href=\"https:\/\/www.mirror.co.uk\/3am\/celebrity-news\/breaking-human-barbie-influencer-dies-36192985\" rel=\"noopener nofollow\" target=\"_blank\">Mirror<\/a>.<\/p>\n<p class=\"paragraph\">Jankavski l\u00f6ydettiin kuolleena kotoaan Sao Paolosta, Brasiliasta. Poliisi tutkii h\u00e4nen kuolemaansa ep\u00e4ilytt\u00e4v\u00e4n\u00e4. Jankavskille tehd\u00e4\u00e4n ruumiinavaus.<\/p>\n<p class=\"paragraph\">Mirrorin mukaan Jankavski oli loukannut silm\u00e4ns\u00e4 kuolinp\u00e4iv\u00e4n\u00e4\u00e4n. Yst\u00e4v\u00e4 oli vieraillut h\u00e4nen luonaan ennen poismenoa.<\/p>\n<p class=\"paragraph\">Somevaikuttaja h\u00e4kellytti muutamia viikkoja ennen kuolemaansa fanejaan julkaisemalla kuvia mustelmaisista silmist\u00e4\u00e4n. Mustelmat johtuivat kasvojen kohotusleikkauksesta.<\/p>\n<p class=\"paragraph\">H\u00e4n k\u00e4ytti arviolta 47 000 euroa Barbie-unelmansa toteuttamiseen. H\u00e4nell\u00e4 oli Instagramissa ja Tiktokissa l\u00e4hes 400 000 seuraajaa.<\/p>\n","protected":false},"excerpt":{"rendered":"Barbara Jankavski halusi tehd\u00e4 itsest\u00e4\u00e4n tunnetun suosikkinuken n\u00e4k\u00f6isen. Ihmis-Barbie on kuollut. AOP Ihmis-Barbieksi 27 eri kauneusoperaatiolla t\u00e4hd\u00e4nnyt somevaikuttaja&hellip;\n","protected":false},"author":2,"featured_media":81961,"comment_status":"","ping_status":"","sticky":false,"template":"","format":"standard","meta":{"footnotes":""},"categories":[5],"tags":[35,22,23,26,27,33,31,30,17,1391,53,24,25,28,29,15,18,21,103,32,502,167,19,20,16],"class_list":{"0":"post-81960","1":"post","2":"type-post","3":"status-publish","4":"format-standard","5":"has-post-thumbnail","7":"category-otsikot","8":"tag-24h","9":"tag-breaking-news","10":"tag-breakingnews","11":"tag-featured-news","12":"tag-featurednews","13":"tag-fi","14":"tag-finland","15":"tag-finnish","16":"tag-headlines","17":"tag-ihmisten-ja-elainten-ruumiit","18":"tag-laki-oikeus-ja-rikos","19":"tag-latest-news","20":"tag-latestnews","21":"tag-main-news","22":"tag-mainnews","23":"tag-news","24":"tag-otsikot","25":"tag-paauutiset","26":"tag-sosiaalikysymykset","27":"tag-suomi","28":"tag-terveydenhoito","29":"tag-terveys","30":"tag-top-stories","31":"tag-topstories","32":"tag-uutiset"},"share_on_mastodon":{"url":"https:\/\/pubeurope.com\/@fi\/115498105210450745","error":""},"_links":{"self":[{"href":"https:\/\/www.europesays.com\/fi\/wp-json\/wp\/v2\/posts\/81960","targetHints":{"allow":["GET"]}}],"collection":[{"href":"https:\/\/www.europesays.com\/fi\/wp-json\/wp\/v2\/posts"}],"about":[{"href":"https:\/\/www.europesays.com\/fi\/wp-json\/wp\/v2\/types\/post"}],"author":[{"embeddable":true,"href":"https:\/\/www.europesays.com\/fi\/wp-json\/wp\/v2\/users\/2"}],"replies":[{"embeddable":true,"href":"https:\/\/www.europesays.com\/fi\/wp-json\/wp\/v2\/comments?post=81960"}],"version-history":[{"count":0,"href":"https:\/\/www.europesays.com\/fi\/wp-json\/wp\/v2\/posts\/81960\/revisions"}],"wp:featuredmedia":[{"embeddable":true,"href":"https:\/\/www.europesays.com\/fi\/wp-json\/wp\/v2\/media\/81961"}],"wp:attachment":[{"href":"https:\/\/www.europesays.com\/fi\/wp-json\/wp\/v2\/media?parent=81960"}],"wp:term":[{"taxonomy":"category","embeddable":true,"href":"https:\/\/www.europesays.com\/fi\/wp-json\/wp\/v2\/categories?post=81960"},{"taxonomy":"post_tag","embeddable":true,"href":"https:\/\/www.europesays.com\/fi\/wp-json\/wp\/v2\/tags?post=81960"}],"curies":[{"name":"wp","href":"https:\/\/api.w.org\/{rel}","templated":true}]}}