{"id":81974,"date":"2025-11-05T17:10:09","date_gmt":"2025-11-05T17:10:09","guid":{"rendered":"https:\/\/www.europesays.com\/fi\/81974\/"},"modified":"2025-11-05T17:10:09","modified_gmt":"2025-11-05T17:10:09","slug":"shawn-huff-apulaispormestarin-sijaiseksi-helsingissa-lisaa-oppikirjoja-kouluihin-politiikka","status":"publish","type":"post","link":"https:\/\/www.europesays.com\/fi\/81974\/","title":{"rendered":"Shawn Huff apulaispormestarin sijaiseksi Helsingiss\u00e4: \u201dLis\u00e4\u00e4 oppikirjoja kouluihin\u201d | Politiikka"},"content":{"rendered":"<p class=\"aw-1gybjub aw-5vja16 kEtdKx kmuxyA yle__article__paragraph\">Kasvatuksen ja koulutuksen apulaispormestarin sijaiseksi tulee Shawn Huff  Reetta Vanhasen j\u00e4\u00e4dess\u00e4 perhevapaalle vuoden vaihteessa.<\/p>\n<p><img decoding=\"async\" alt=\"Kaupunginvaltuutettu Shawn Huff (Vihr.) istuu valtuustosalissa.\" src=\"https:\/\/www.europesays.com\/fi\/wp-content\/uploads\/2025\/11\/39-153158068dd32fff4122.jpeg\" class=\"aw-1l9m598 hKVVvP\"\/><\/p>\n<p>Avaa kuvien katselu<\/p>\n<p>Helsingin kasvatuksen ja koulutuksen apulaismestarin sijaiseksi valittiin Shawn Huff. Kuva: Ronnie Holmberg \/ Yle<\/p>\n<p>17:38\u2022P\u00e4ivitetty 18:35<\/p>\n<p class=\"aw-1gybjub aw-1p7kakr kEtdKx cEmitX yle__article__paragraph\">Vihreiden valtuustoryhm\u00e4 valitsi uudeksi kasvatuksen ja koulutuksen apulaispormestariksi <strong class=\"aw-ak79eh KyCXm yle__article__strong\">Shawn Huffin.<\/strong><\/p>\n<p class=\"aw-1gybjub aw-1p7kakr kEtdKx cEmitX yle__article__paragraph\">Huff on t\u00e4ll\u00e4 hetkell\u00e4 kasvatus- ja koulutuslautakunnan j\u00e4sen.<\/p>\n<p class=\"aw-1gybjub aw-1p7kakr kEtdKx cEmitX yle__article__paragraph\">\u2013 Haluan jatkaa ty\u00f6t\u00e4, jota vihre\u00e4n apulaispormestarin johdolla on saatu aikaan: koulujen ja p\u00e4iv\u00e4kotien perusasiat on saatava kuntoon.<\/p>\n<p class=\"aw-1gybjub aw-1p7kakr kEtdKx cEmitX yle__article__paragraph\">Huff sanoo, ett\u00e4 painettuja oppikirjoja tarvitaan lis\u00e4\u00e4, koska se parantaa oppilaiden keskittymist\u00e4.<\/p>\n<p class=\"aw-1gybjub aw-1p7kakr kEtdKx cEmitX yle__article__paragraph\">\u2013 Digitaaliselle oppimiselle on paikkansa, mutta usein opettajat joutuvat taistelemaan oppilaiden huomiosta \u00e4lylaitteiden kanssa.<\/p>\n<p class=\"aw-1gybjub aw-1p7kakr kEtdKx cEmitX yle__article__paragraph\">Huff on tuore Vihreiden varapuheenjohtaja ja yritt\u00e4j\u00e4 sek\u00e4 entinen koripallomaajoukkueen kapteeni. H\u00e4n valmentaa nykyisin koripallojunioreita.<\/p>\n<p>Reetta Vanhaselle perheenlis\u00e4yst\u00e4<img decoding=\"async\" alt=\"Kasvatuksen ja koulutuksen apulaispormestari Reetta Vanhanen kuvattuna Helsingin kaupungintalolla.\" src=\"https:\/\/www.europesays.com\/fi\/wp-content\/uploads\/2025\/11\/39-153157868dd32fe36d4f.jpeg\" loading=\"lazy\" class=\"aw-1l9m598 hKVVvP\"\/><\/p>\n<p>Avaa kuvien katselu<\/p>\n<p>Reetta Vanhanen j\u00e4\u00e4 perhevapaalle apulaispormestarin teht\u00e4v\u00e4st\u00e4 vuoden vaihteessa.  Kuva: Ronnie Holmberg \/ Yle<\/p>\n<p class=\"aw-1gybjub aw-1p7kakr kEtdKx cEmitX yle__article__paragraph\">Huff aloittaa teht\u00e4v\u00e4ss\u00e4\u00e4n vuoden 2026 alussa, kun nykyinen apulaispormestari <strong class=\"aw-ak79eh KyCXm yle__article__strong\">Reetta Vanhanen<\/strong> j\u00e4\u00e4 perhevapaalle. Vanhanen on ilmoittanut olevansa perhevapaalla lokakuun alkuun saakka.<\/p>\n<p class=\"aw-1gybjub aw-1p7kakr kEtdKx cEmitX yle__article__paragraph\">Vanhanen on ennest\u00e4\u00e4n p\u00e4iv\u00e4koti-ik\u00e4isen lapsen \u00e4iti.<\/p>\n<p class=\"aw-1gybjub aw-1p7kakr kEtdKx cEmitX yle__article__paragraph\">Vanhanen on kolmannen kauden kaupunginvaltuutettu ja koulutukseltaan l\u00e4\u00e4ketieteen tohtori.<\/p>\n<p class=\"aw-1gybjub aw-1p7kakr kEtdKx cEmitX yle__article__paragraph\">Viime valtuustokaudella h\u00e4n toimi Helsingin kaupunginvaltuuston puheenjohtajana.<\/p>\n<p class=\"aw-1gybjub aw-1p7kakr kEtdKx cEmitX yle__article__paragraph\">Uusi kaupunginvaltuusto ja pormestarit valittiin viime kes\u00e4n\u00e4 nelivuotiskaudeksi.<\/p>\n<p>Suvi Pulkkinen ryhm\u00e4njohtajan sijaiseksi<img decoding=\"async\" alt=\"nainen seisoo ja katsoo kameraan.\" src=\"https:\/\/www.europesays.com\/fi\/wp-content\/uploads\/2025\/11\/39-1474875683e12411b9c8.jpeg\" loading=\"lazy\" class=\"aw-1l9m598 hKVVvP\"\/><\/p>\n<p>Avaa kuvien katselu<\/p>\n<p>Suvi Pulkkinen valittiin vihreiden valtuustoryhm\u00e4n johtajaksi. Kuva: Pia Johansson \/ Yle<\/p>\n<p class=\"aw-1gybjub aw-1p7kakr kEtdKx cEmitX yle__article__paragraph\">Samassa kokouksessa valittiin my\u00f6s sijainen ryhm\u00e4njohtaja <strong class=\"aw-ak79eh KyCXm yle__article__strong\">Amanda Pasaselle<\/strong> ajalle joulukuusta maaliskuun 2026 alkuun.<\/p>\n<p class=\"aw-1gybjub aw-1p7kakr kEtdKx cEmitX yle__article__paragraph\">Valtuustoryhm\u00e4\u00e4 johtaa t\u00e4m\u00e4n ajan <strong class=\"aw-ak79eh KyCXm yle__article__strong\">Suvi Pulkkinen<\/strong>.<\/p>\n<p class=\"aw-1gybjub aw-1p7kakr kEtdKx cEmitX yle__article__paragraph\">Pulkkinen on ensimm\u00e4isen kauden kaupunginvaltuutettu ja kaupunginhallituksen j\u00e4sen. H\u00e4n on koulutukseltaan luokanopettaja.<\/p>\n","protected":false},"excerpt":{"rendered":"Kasvatuksen ja koulutuksen apulaispormestarin sijaiseksi tulee Shawn Huff Reetta Vanhasen j\u00e4\u00e4dess\u00e4 perhevapaalle vuoden vaihteessa. Avaa kuvien katselu Helsingin&hellip;\n","protected":false},"author":2,"featured_media":81975,"comment_status":"","ping_status":"","sticky":false,"template":"","format":"standard","meta":{"footnotes":""},"categories":[12],"tags":[22,23,400,26,27,33,31,30,17,104,71,24,25,28,29,15,18,21,637,32,19,20,1168,16,2359],"class_list":{"0":"post-81974","1":"post","2":"type-post","3":"status-publish","4":"format-standard","5":"has-post-thumbnail","7":"category-suomi","8":"tag-breaking-news","9":"tag-breakingnews","10":"tag-espoo","11":"tag-featured-news","12":"tag-featurednews","13":"tag-fi","14":"tag-finland","15":"tag-finnish","16":"tag-headlines","17":"tag-helsinki","18":"tag-kotimaa","19":"tag-latest-news","20":"tag-latestnews","21":"tag-main-news","22":"tag-mainnews","23":"tag-news","24":"tag-otsikot","25":"tag-paauutiset","26":"tag-politiikka","27":"tag-suomi","28":"tag-top-stories","29":"tag-topstories","30":"tag-uusimaa","31":"tag-uutiset","32":"tag-vantaa"},"share_on_mastodon":{"url":"https:\/\/pubeurope.com\/@fi\/115498203686410403","error":""},"_links":{"self":[{"href":"https:\/\/www.europesays.com\/fi\/wp-json\/wp\/v2\/posts\/81974","targetHints":{"allow":["GET"]}}],"collection":[{"href":"https:\/\/www.europesays.com\/fi\/wp-json\/wp\/v2\/posts"}],"about":[{"href":"https:\/\/www.europesays.com\/fi\/wp-json\/wp\/v2\/types\/post"}],"author":[{"embeddable":true,"href":"https:\/\/www.europesays.com\/fi\/wp-json\/wp\/v2\/users\/2"}],"replies":[{"embeddable":true,"href":"https:\/\/www.europesays.com\/fi\/wp-json\/wp\/v2\/comments?post=81974"}],"version-history":[{"count":0,"href":"https:\/\/www.europesays.com\/fi\/wp-json\/wp\/v2\/posts\/81974\/revisions"}],"wp:featuredmedia":[{"embeddable":true,"href":"https:\/\/www.europesays.com\/fi\/wp-json\/wp\/v2\/media\/81975"}],"wp:attachment":[{"href":"https:\/\/www.europesays.com\/fi\/wp-json\/wp\/v2\/media?parent=81974"}],"wp:term":[{"taxonomy":"category","embeddable":true,"href":"https:\/\/www.europesays.com\/fi\/wp-json\/wp\/v2\/categories?post=81974"},{"taxonomy":"post_tag","embeddable":true,"href":"https:\/\/www.europesays.com\/fi\/wp-json\/wp\/v2\/tags?post=81974"}],"curies":[{"name":"wp","href":"https:\/\/api.w.org\/{rel}","templated":true}]}}