{"id":81976,"date":"2025-11-05T17:11:12","date_gmt":"2025-11-05T17:11:12","guid":{"rendered":"https:\/\/www.europesays.com\/fi\/81976\/"},"modified":"2025-11-05T17:11:12","modified_gmt":"2025-11-05T17:11:12","slug":"shawn-huffista-tulossa-patkapormestari-hs-fi","status":"publish","type":"post","link":"https:\/\/www.europesays.com\/fi\/81976\/","title":{"rendered":"Shawn Huffista tulossa p\u00e4tk\u00e4pormestari | HS.fi"},"content":{"rendered":"<p>Helsinki|Vihre\u00e4t valitsivat puolueen varapuheenjohtajan tuuraamaan kasvatuksen ja koulutuksen apulaispormestaria.<\/p>\n<p class=\"article-body mb-nof-24 px-nof-16\">Helsingiss\u00e4 kasvatuksen ja koulutuksen apulaispormestari <a class=\"article-personlink\" href=\"https:\/\/www.hs.fi\/haku\/?query=Reetta%20Vanhasen\" rel=\"nofollow noopener\" target=\"_blank\">Reetta Vanhasen<\/a> (vihr) perhevapaan tuuraajaksi on valittu <a class=\"article-personlink\" href=\"https:\/\/www.hs.fi\/haku\/?query=Shawn%20Huff\" rel=\"nofollow noopener\" target=\"_blank\">Shawn Huff<\/a>.<\/p>\n<p class=\"article-body mb-nof-24 px-nof-16\">Huff sijaistaa toisen lapsensa saavaa Vanhasta ensi vuonna tammikuun alusta lokakuulle.<\/p>\n<p class=\"article-body mb-nof-24 px-nof-16\">Koripalloilijanakin tunnettu Huff on vihreiden varapuheenjohtaja sek\u00e4 toisen kauden kaupunginvaltuutettu. H\u00e4n toimii my\u00f6s kasvatus- ja koulutuslautakunnan j\u00e4senen\u00e4.<\/p>\n<p class=\"article-body mb-nof-24 px-nof-16\">Yritt\u00e4j\u00e4n\u00e4 ty\u00f6skentelev\u00e4n\u00e4 Huff oli halukas my\u00f6s vihreiden pormestariehdokkaaksi kev\u00e4\u00e4n kuntavaaleissa.<\/p>\n<p class=\"article-body mb-nof-24 px-nof-16\">Vihreiden valtuustoryhm\u00e4\u00e4 valittiin johtamaan joulukuusta maaliskuuhun 2026 ensimm\u00e4isen kauden kaupunginvaltuutettu <a class=\"article-personlink\" href=\"https:\/\/www.hs.fi\/haku\/?query=Suvi%20Pulkkinen\" rel=\"nofollow noopener\" target=\"_blank\">Suvi Pulkkinen<\/a>. Pulkkinen sijaistaa <a class=\"article-personlink\" href=\"https:\/\/www.hs.fi\/haku\/?query=Amanda%20Pasasta\" rel=\"nofollow noopener\" target=\"_blank\">Amanda Pasasta<\/a>, joka on matkoilla.<\/p>\n","protected":false},"excerpt":{"rendered":"Helsinki|Vihre\u00e4t valitsivat puolueen varapuheenjohtajan tuuraamaan kasvatuksen ja koulutuksen apulaispormestaria. Helsingiss\u00e4 kasvatuksen ja koulutuksen apulaispormestari Reetta Vanhasen (vihr) perhevapaan&hellip;\n","protected":false},"author":2,"featured_media":81977,"comment_status":"","ping_status":"","sticky":false,"template":"","format":"standard","meta":{"footnotes":""},"categories":[5],"tags":[22,23,26,27,33,31,30,17,46,24,25,28,29,15,18,21,32,19,20,16],"class_list":{"0":"post-81976","1":"post","2":"type-post","3":"status-publish","4":"format-standard","5":"has-post-thumbnail","7":"category-otsikot","8":"tag-breaking-news","9":"tag-breakingnews","10":"tag-featured-news","11":"tag-featurednews","12":"tag-fi","13":"tag-finland","14":"tag-finnish","15":"tag-headlines","16":"tag-helsingin-sanomat","17":"tag-latest-news","18":"tag-latestnews","19":"tag-main-news","20":"tag-mainnews","21":"tag-news","22":"tag-otsikot","23":"tag-paauutiset","24":"tag-suomi","25":"tag-top-stories","26":"tag-topstories","27":"tag-uutiset"},"share_on_mastodon":{"url":"https:\/\/pubeurope.com\/@fi\/115498207394804230","error":""},"_links":{"self":[{"href":"https:\/\/www.europesays.com\/fi\/wp-json\/wp\/v2\/posts\/81976","targetHints":{"allow":["GET"]}}],"collection":[{"href":"https:\/\/www.europesays.com\/fi\/wp-json\/wp\/v2\/posts"}],"about":[{"href":"https:\/\/www.europesays.com\/fi\/wp-json\/wp\/v2\/types\/post"}],"author":[{"embeddable":true,"href":"https:\/\/www.europesays.com\/fi\/wp-json\/wp\/v2\/users\/2"}],"replies":[{"embeddable":true,"href":"https:\/\/www.europesays.com\/fi\/wp-json\/wp\/v2\/comments?post=81976"}],"version-history":[{"count":0,"href":"https:\/\/www.europesays.com\/fi\/wp-json\/wp\/v2\/posts\/81976\/revisions"}],"wp:featuredmedia":[{"embeddable":true,"href":"https:\/\/www.europesays.com\/fi\/wp-json\/wp\/v2\/media\/81977"}],"wp:attachment":[{"href":"https:\/\/www.europesays.com\/fi\/wp-json\/wp\/v2\/media?parent=81976"}],"wp:term":[{"taxonomy":"category","embeddable":true,"href":"https:\/\/www.europesays.com\/fi\/wp-json\/wp\/v2\/categories?post=81976"},{"taxonomy":"post_tag","embeddable":true,"href":"https:\/\/www.europesays.com\/fi\/wp-json\/wp\/v2\/tags?post=81976"}],"curies":[{"name":"wp","href":"https:\/\/api.w.org\/{rel}","templated":true}]}}