{"id":81984,"date":"2025-11-05T17:30:10","date_gmt":"2025-11-05T17:30:10","guid":{"rendered":"https:\/\/www.europesays.com\/fi\/81984\/"},"modified":"2025-11-05T17:30:10","modified_gmt":"2025-11-05T17:30:10","slug":"teemu-pukin-aani-murtui","status":"publish","type":"post","link":"https:\/\/www.europesays.com\/fi\/81984\/","title":{"rendered":"Teemu Pukin \u00e4\u00e4ni murtui"},"content":{"rendered":"<p>Teemu Pukki pelaa viimeisen maaottelunsa Tampereella 17. marraskuuta. <\/p>\n<p><img decoding=\"async\" class=\"image image-show image-preview\" src=\"https:\/\/www.europesays.com\/fi\/wp-content\/uploads\/2025\/11\/2dbd941e8434af3cc68135d77a98fa1b73fb7c6e850356068847d02899f4c0b0.jpg\" alt=\"\"\/><img decoding=\"async\" class=\"image image-show\" src=\"https:\/\/www.europesays.com\/fi\/wp-content\/uploads\/2025\/11\/1762363810_724_2dbd941e8434af3cc68135d77a98fa1b73fb7c6e850356068847d02899f4c0b0.jpg\" alt=\"\"\/><\/p>\n<p>Teemu Pukki p\u00e4\u00e4tt\u00e4\u00e4 l\u00e4hes 17 vuotta kest\u00e4neen A-maajoukkueuransa.  Jussi Eskola<\/p>\n<p class=\"paragraph\"><a href=\"https:\/\/www.iltalehti.fi\/henkilot\/Teemu Pukki\" class=\"article-link-person-page\" rel=\"nofollow noopener\" target=\"_blank\">Teemu Pukki<\/a> p\u00e4\u00e4tt\u00e4\u00e4 pitk\u00e4n maajoukkueuransa marraskuun kahteen Huuhkajat-peliin.<\/p>\n<p class=\"paragraph\">Suomi pelaa ensin 14. p\u00e4iv\u00e4 Olympiastadionilla Maltaa vastaan MM-karsinnan p\u00e4\u00e4t\u00f6smatsinsa, ja pari p\u00e4iv\u00e4\u00e4 my\u00f6hemmin joukkue kohtaa Andorran Tammelan stadionilla Tampereella.<\/p>\n<p class=\"paragraph\">Siit\u00e4 tulee my\u00f6s Pukin yli 130 A-maaottelua kest\u00e4neen edustustaipaleen p\u00e4\u00e4tepiste.<\/p>\n<p class=\"paragraph\">\u2013\u2009Tein lopullisen p\u00e4\u00e4t\u00f6ksen syksyn mittaan. Juttelin jo viime leirill\u00e4 <strong>Jacobin<\/strong> [<strong>Friis<\/strong>] kanssa. Olin jo pidemm\u00e4n aikaa miettinyt, milloin olisi oikea hetki, Pukki sanoi keskiviikon tiedotustilaisuutensa virallisen osuuden j\u00e4lkeen.<\/p>\n<p class=\"paragraph\">\u2013\u2009Nyt se tuntui silt\u00e4.<\/p>\n<p class=\"paragraph\">Pukki perusteli ajankohtaa sill\u00e4, ett\u00e4 Malta-ottelun j\u00e4lkeen maajoukkue siirtyy pelaamaan Kansojen liigaa, ja seuraava arvokisakarsinta odottaa vasta loppuvuonna 2027.<\/p>\n<p class=\"paragraph\">Pelaaja ei itsek\u00e4\u00e4n tied\u00e4, jatkuuko futisura en\u00e4\u00e4 niin pitk\u00e4lle.<\/p>\n<p class=\"paragraph\">\u2013\u2009T \u00e4m\u00e4 tuntuu vain oikealta hetkelt\u00e4. Olen saanut tehd\u00e4 t\u00e4t\u00e4 jo suhteellisen kauan, ja olen nauttinut t\u00e4st\u00e4 todella paljon.<\/p>\n<p>\u201dIso j\u00e4nnitys\u201d<\/p>\n<p class=\"paragraph\">Huuhkajien lehdist\u00f6tilaisuuden virallisen osuuden aluksi A-maajoukkueen tiedottaja <strong>Timo Walden<\/strong> antoi ensimm\u00e4isen puheenvuoron Pukille.<\/p>\n<p class=\"paragraph\">Kaikkien aikojen Huuhkajat-hy\u00f6kk\u00e4\u00e4j\u00e4 muisteli ensimm\u00e4ist\u00e4 maaotteluaan Japanin-leirill\u00e4 2009.<\/p>\n<p class=\"paragraph\">\u2013\u2009Sain silloin vaihtaa Litin [<strong>Jari Litmanen<\/strong>] kanssa p\u00e4itt\u00e4in. Silloin unelma oli, ett\u00e4 saisin joskus edustaa Suomea. Sain sen tehd\u00e4 yli 130 kertaa, joten voin olla aika ylpe\u00e4.<\/p>\n<p class=\"paragraph\">Samalla Pukin \u00e4\u00e4ni sortui.<\/p>\n<p class=\"paragraph\">\u2013\u2009Kaksi viimeist\u00e4 matsia ja kaikkeni tulen antamaan Suomi-paidan eteen.<\/p>\n<p class=\"paragraph\"><strong>Linda S\u00e4llstr\u00f6m<\/strong> piti samanlaisen tilaisuuden vain pari viikkoa aiemmin. Silloin Helmarit-ikoni <a href=\"https:\/\/www.iltalehti.fi\/jalkapallo\/591cd7f6-333a-40aa-8636-c959e0b9468f\" rel=\"nofollow noopener\" target=\"_blank\">n\u00e4ytti tunteensa<\/a> avoimesti itkem\u00e4ll\u00e4.<\/p>\n<p class=\"paragraph\">Pukki nieleskeli oman lopettamisilmoituksensa l\u00e4pi ilman kyyneli\u00e4. Mutta kovin helpolta se ei n\u00e4ytt\u00e4nyt.<\/p>\n<p class=\"paragraph\">\u2013 En ajatellut, ett\u00e4 olisi j\u00e4nnitt\u00e4nyt n\u00e4in paljon. Siin\u00e4 loppuvaiheessa iski aika iso j\u00e4nnitys, Pukki kuvaili Iltalehdelle.<\/p>\n<p>Pukin futisuran kohokohdaksi j\u00e4\u00e4 EM-kisat kes\u00e4lt\u00e4 2021.  JUSSI ESKOLA<\/p>\n<p class=\"paragraph\">\u2013\u2009Haikeat fiilikset. En osaa viel\u00e4 sanoa, millaiset reaktiot tulevat viimeisen ottelun j\u00e4lkeen. Englannissa [Norwich] oli ehk\u00e4 v\u00e4h\u00e4n samantyylinen tilanne eli j\u00e4\u00e4hyv\u00e4isottelu. Siell\u00e4 oli tunteet pinnassa.<\/p>\n<p>Valtava merkitys<\/p>\n<p class=\"paragraph\">Maajoukkueen merkityst\u00e4 Pukin uralla ei voi v\u00e4h\u00e4tell\u00e4. H\u00e4n k\u00e4ytti Huuhkajia yll\u00e4pit\u00e4m\u00e4\u00e4n rakkauttaan futikseen, kun Saksan- ja Skotlannin-vuosina peliaika j\u00e4i minimiin seurajoukkueessa.<\/p>\n<p class=\"paragraph\">\u2013\u2009T\u00e4m\u00e4 on ollut turvapaikka. On aina ollut siisti\u00e4 tulla maajoukkueeseen, p\u00e4\u00e4st\u00e4 tuttuun ja turvalliseen ilmapiiriin. T\u00e4\u00e4lt\u00e4 sai aina pient\u00e4 buustia seurajoukkuepuolelle, Pukki kuvaili.<\/p>\n<p class=\"paragraph\">\u2013\u2009Aika monta j\u00e4tk\u00e4\u00e4 on, jonka kanssa olemme olleet monta vuotta yhdess\u00e4. J\u00e4\u00e4n kaipaamaan t\u00e4t\u00e4 joukkuehenke\u00e4.<\/p>\n<p class=\"paragraph\">Nykyisess\u00e4 maajoukkueessa vain kapteeni <strong>Lukas Hradecky<\/strong> on vanhempi kuin Pukki. Kaverukset pelasivat yhdess\u00e4 my\u00f6s Br\u00f8ndbyss\u00e4, joka toimi ponnahduslautana molempien ammattilaisuralle.<\/p>\n<p class=\"paragraph\">My\u00f6s turkulaisveskarin Huuhkajat-ura on loppusuoralla.<\/p>\n<p>Ikuinen maalienn\u00e4tys?<\/p>\n<p class=\"paragraph\">Pukin enn\u00e4tyst\u00e4 maaottelumaalien m\u00e4\u00e4r\u00e4ss\u00e4 (42) ei ainakaan nykypelaajista uhkaa kukaan. L\u00e4himm\u00e4ksi p\u00e4\u00e4see 31 vuotta t\u00e4ytt\u00e4nyt <strong>Joel Pohjanpalo<\/strong> 18 t\u00e4ysosumallaan.<\/p>\n<p class=\"paragraph\"><strong><strong>Uskotko, ett\u00e4 maalienn\u00e4tyksesi Suomi-paidassa on voimassa ikuisesti?<\/strong><\/strong><\/p>\n<p class=\"paragraph\">\u2013\u2009Varmaan se on voimassa ainakin v\u00e4h\u00e4n aikaa. Toivottavasti sielt\u00e4 tulisi joku nuori tehotykki, joka alkaa tehd\u00e4 oikein kunnolla maaleja.<\/p>\n<p class=\"paragraph\">\u2013\u2009Toivottavasti saisin muutaman viel\u00e4 tehty\u00e4 n\u00e4iss\u00e4 kahdessa peliss\u00e4. Sit\u00e4 on ollut ik\u00e4v\u00e4, ettei ole tullut v\u00e4h\u00e4\u00e4n aikaan maaottelumaalia. Se olisi itselle sopiva lopetus.<\/p>\n<p class=\"paragraph\">Pukki kertoo, ett\u00e4 Tampereelle Huuhkajat-uran p\u00e4\u00e4t\u00f6smatsiin ovat ainakin tulossa vaimo, lapset, omat vanhemmat ja siskot perheineen.<\/p>\n<p class=\"paragraph\">\u2013\u2009Lapset ovat varmaan tyytyv\u00e4isi\u00e4, ett\u00e4 is\u00e4 on v\u00e4h\u00e4n enemm\u00e4n kotona. Kyll\u00e4 t\u00e4ss\u00e4 aika paljon tulee matkustettua.<\/p>\n<p>HJK:n kausi ollut pettymys sek\u00e4 Pukille itselleen ett\u00e4 koko seuralle.  JUSSI ESKOLA \/ EPA \/ AOP<\/p>\n<p class=\"paragraph\">Pohjoiskaarteella on varmasti varastossa jo Pukille omistettu tifo.<\/p>\n<p class=\"paragraph\">\u2013\u2009Toivottavasti sielt\u00e4 tulee jotain hienoa. Haluamme my\u00f6s antaa heille jotain hurrattavaa n\u00e4iss\u00e4 peleiss\u00e4. Toivon hienoa j\u00e4\u00e4hyv\u00e4ismatsia ja jotain spesiaalia sinne.<\/p>\n<p>Ei p\u00e4\u00e4t\u00f6ksi\u00e4<\/p>\n<p class=\"paragraph\">Hy\u00f6kk\u00e4\u00e4j\u00e4n sopimus HJK:n kanssa jatkuu ainakin ensi kauden. Klubin kulunut vuosi oli katastrofaalisen huono.<\/p>\n<p class=\"paragraph\">\u2013\u2009Varsinkin t\u00e4m\u00e4 loppusarja on ollut vaikea. Hienoa, ett\u00e4 saimme cupin voiton. Se v\u00e4h\u00e4n pelastaa kautta, mutta kyll\u00e4h\u00e4n t\u00e4m\u00e4 pettymykseksi j\u00e4\u00e4 niin itselt\u00e4ni kuin seuraltakin.<\/p>\n<p class=\"paragraph\">Pukki ajattelee, ett\u00e4 maajoukkueleireilt\u00e4 vapautuva aika saattaa pident\u00e4\u00e4 seurajoukkueuraa.<\/p>\n<p class=\"paragraph\">Mit\u00e4\u00e4n varmuutta siit\u00e4 ei tosin ole.<\/p>\n<p class=\"paragraph\">\u2013\u2009Pit\u00e4\u00e4 katsoa, miten ensi kausi menee. Sen aikana mietit\u00e4\u00e4n sitten mahdollista jatkoa.<\/p>\n","protected":false},"excerpt":{"rendered":"Teemu Pukki pelaa viimeisen maaottelunsa Tampereella 17. marraskuuta. Teemu Pukki p\u00e4\u00e4tt\u00e4\u00e4 l\u00e4hes 17 vuotta kest\u00e4neen A-maajoukkueuransa. Jussi Eskola&hellip;\n","protected":false},"author":2,"featured_media":81985,"comment_status":"","ping_status":"","sticky":false,"template":"","format":"standard","meta":{"footnotes":""},"categories":[158],"tags":[35,33,31,30,43,42,1745,1984,41,159,32,160],"class_list":{"0":"post-81984","1":"post","2":"type-post","3":"status-publish","4":"format-standard","5":"has-post-thumbnail","7":"category-urheilu","8":"tag-24h","9":"tag-fi","10":"tag-finland","11":"tag-finnish","12":"tag-jalkapallo","13":"tag-jalkapalloon-perustuvat-lajit","14":"tag-jalkapallopelaajat","15":"tag-jalkapallopelaajat-miehet","16":"tag-liikunta-ja-urheilu","17":"tag-sports","18":"tag-suomi","19":"tag-urheilu"},"share_on_mastodon":{"url":"https:\/\/pubeurope.com\/@fi\/115498282191281446","error":""},"_links":{"self":[{"href":"https:\/\/www.europesays.com\/fi\/wp-json\/wp\/v2\/posts\/81984","targetHints":{"allow":["GET"]}}],"collection":[{"href":"https:\/\/www.europesays.com\/fi\/wp-json\/wp\/v2\/posts"}],"about":[{"href":"https:\/\/www.europesays.com\/fi\/wp-json\/wp\/v2\/types\/post"}],"author":[{"embeddable":true,"href":"https:\/\/www.europesays.com\/fi\/wp-json\/wp\/v2\/users\/2"}],"replies":[{"embeddable":true,"href":"https:\/\/www.europesays.com\/fi\/wp-json\/wp\/v2\/comments?post=81984"}],"version-history":[{"count":0,"href":"https:\/\/www.europesays.com\/fi\/wp-json\/wp\/v2\/posts\/81984\/revisions"}],"wp:featuredmedia":[{"embeddable":true,"href":"https:\/\/www.europesays.com\/fi\/wp-json\/wp\/v2\/media\/81985"}],"wp:attachment":[{"href":"https:\/\/www.europesays.com\/fi\/wp-json\/wp\/v2\/media?parent=81984"}],"wp:term":[{"taxonomy":"category","embeddable":true,"href":"https:\/\/www.europesays.com\/fi\/wp-json\/wp\/v2\/categories?post=81984"},{"taxonomy":"post_tag","embeddable":true,"href":"https:\/\/www.europesays.com\/fi\/wp-json\/wp\/v2\/tags?post=81984"}],"curies":[{"name":"wp","href":"https:\/\/api.w.org\/{rel}","templated":true}]}}