{"id":81993,"date":"2025-11-05T17:36:07","date_gmt":"2025-11-05T17:36:07","guid":{"rendered":"https:\/\/www.europesays.com\/fi\/81993\/"},"modified":"2025-11-05T17:36:07","modified_gmt":"2025-11-05T17:36:07","slug":"kaisa-kivisto-on-helsingin-terveysasemien-uusi-pomo-tama-on-palkka-paikalliset","status":"publish","type":"post","link":"https:\/\/www.europesays.com\/fi\/81993\/","title":{"rendered":"Kaisa Kivist\u00f6 on Helsingin terveysasemien uusi pomo \u2013 t\u00e4m\u00e4 on palkka | Paikalliset"},"content":{"rendered":"<p>Helsingin terveysasemien uudeksi johtajal\u00e4\u00e4k\u00e4riksi on nimitetty l\u00e4\u00e4ketieteen tohtori <strong>Kaisa Kivist\u00f6<\/strong>.<\/p>\n<p>Kivist\u00f6 aloittaa uudessa ty\u00f6ss\u00e4\u00e4n ensi vuoden alussa.<\/p>\n<p><strong class=\"diks-storyline__impact\">Sosiaali-<\/strong>, terveys- ja pelastuslautakunta p\u00e4\u00e4tti johtajal\u00e4\u00e4k\u00e4rin viran t\u00e4ytt\u00e4misest\u00e4 kokouksessaan tiistaina 4. marraskuuta.<\/p>\n<p><strong class=\"diks-storyline__impact\">Kivist\u00f6<\/strong> on aikaisemmin ty\u00f6skennellyt L\u00e4nsi-Uudenmaan hyvinvointialueella johtavana ylil\u00e4\u00e4k\u00e4rin\u00e4 vuoden 2023 alusta. Teht\u00e4v\u00e4\u00e4n h\u00e4n siirtyi Espoon kaupungin aluel\u00e4\u00e4k\u00e4rin teht\u00e4v\u00e4st\u00e4.<\/p>\n<p>Vuosina 2021\u20132022 h\u00e4n ty\u00f6skenteli Vantaan kaupungilla \u00e4itiys- ja lastenneuvolatoiminnan sek\u00e4 koulu- ja opiskeluterveydenhuollon ylil\u00e4\u00e4k\u00e4rin\u00e4 ja sit\u00e4 ennen Etel\u00e4-Karjalan sosiaali- ja terveyspiirin perhepalvelujen ylil\u00e4\u00e4k\u00e4rin\u00e4 vuosina 2019\u20132021. Neuvolatoiminnan ylil\u00e4\u00e4k\u00e4rin\u00e4 h\u00e4n toimi vuosina 2018\u20132019.<\/p>\n<p>Lis\u00e4ksi Kivist\u00f6 on toiminut yksityisen\u00e4 yritt\u00e4j\u00e4n\u00e4 ja pit\u00e4nyt lastenl\u00e4\u00e4k\u00e4rin vastaanottoa vuodesta 2006 ja toiminut erikoisl\u00e4\u00e4k\u00e4rin\u00e4, osastonl\u00e4\u00e4k\u00e4rin\u00e4 ja l\u00e4\u00e4k\u00e4rin\u00e4 vuodesta 1998 asti.<\/p>\n<p>Kivist\u00f6 valmistui l\u00e4\u00e4ketieteen tohtoriksi vuonna 2016 ja lastentautien erikoisl\u00e4\u00e4k\u00e4riksi vuonna 2005.<\/p>\n<p>H\u00e4n n\u00e4kee johtajal\u00e4\u00e4k\u00e4rin teht\u00e4v\u00e4n vastuullisena ja merkityksellisen\u00e4.<\/p>\n<p>\u2013\u2009Haluan tehd\u00e4 parhaani edist\u00e4\u00e4kseni perusterveydenhuollon palveluita yhteisty\u00f6ss\u00e4 kaupungin muiden toimijoiden kanssa. Minulle on t\u00e4rke\u00e4\u00e4, ett\u00e4 voimme kehitt\u00e4\u00e4 palveluita entist\u00e4 vaikuttavammiksi ja kest\u00e4v\u00e4ll\u00e4 tavalla toimiviksi,\u2009h\u00e4n toteaa Helsingin Uutisille.<\/p>\n<p><strong class=\"diks-storyline__impact\">Johtajal\u00e4\u00e4k\u00e4rin<\/strong> vastuulla on Helsingiss\u00e4 kuusi terveysasemaa, 23 toimintayksikk\u00f6\u00e4, digitaalinen terveysasema ja keskitetyt palvelut.<\/p>\n<p><strong class=\"diks-storyline__impact\">Kivist\u00f6n<\/strong> katsottiin olevan hakijoista paras vaihtoehto koulutuksen, kokemuksen ja haastattelussa osoitetun soveltuvuuden perusteella.<\/p>\n<p>Kivist\u00f6n johtamistyyli\u00e4 arvioitiin selke\u00e4ksi ja johdonmukaiseksi.<\/p>\n<p>H\u00e4nen eduikseen katsottiin my\u00f6s pitk\u00e4j\u00e4nteisyys, tavoitteellisuus ja hyv\u00e4 organisointikyky toimia tilanteissa, joissa ei ole valmiita vastauksia.<\/p>\n<p>\u2013\u2009Kivist\u00f6ll\u00e4 on vahvaa n\u00e4ytt\u00f6\u00e4 johtamisosaamisestaan ja pystyvyydest\u00e4. H\u00e4n toi haastatteluissa konkreettisin esimerkein esille aiempia kokemuksiaan ja johtamisfilosofiaansa, virkamiesesityksess\u00e4 todetaan.<\/p>\n<p><strong class=\"diks-storyline__impact\">M\u00e4\u00e4r\u00e4ajassa<\/strong> hakemuksen j\u00e4tti kahdeksan hakijaa, joista kaksi vet\u00e4ytyi hausta hakuajan p\u00e4\u00e4ttymisen j\u00e4lkeen.<\/p>\n<p>Kuukausipalkka teht\u00e4v\u00e4\u00e4n on 10 021,43 euroa. Koeaika on kuusi kuukautta.<\/p>\n<p><strong class=\"diks-storyline__impact\">Johtajal\u00e4\u00e4k\u00e4rin<\/strong><a href=\"https:\/\/www.helsinginuutiset.fi\/paikalliset\/8793635\" rel=\"nofollow noopener\" target=\"_blank\"> paikka tuli Helsingiss\u00e4 avoimeksi<\/a>, kun aiemmin virkaa hoitanut <strong>Timo Lukkarinen<\/strong> siirtyi uuden yksityisen l\u00e4\u00e4k\u00e4rikeskuksen palvelukseen. Lukkarinen on yksi yrityksen perustajista.<\/p>\n<p>Lukkarinen hoiti virkaa vuodesta 2019 ja irtisanoutui t\u00e4m\u00e4n vuoden toukokuussa.<\/p>\n<p>Viransijaisena toimii t\u00e4ll\u00e4 hetkell\u00e4 johtava ylil\u00e4\u00e4k\u00e4ri <strong>Jarja Ij\u00e4s<\/strong>.<\/p>\n","protected":false},"excerpt":{"rendered":"Helsingin terveysasemien uudeksi johtajal\u00e4\u00e4k\u00e4riksi on nimitetty l\u00e4\u00e4ketieteen tohtori Kaisa Kivist\u00f6. Kivist\u00f6 aloittaa uudessa ty\u00f6ss\u00e4\u00e4n ensi vuoden alussa. Sosiaali-,&hellip;\n","protected":false},"author":2,"featured_media":81994,"comment_status":"","ping_status":"","sticky":false,"template":"","format":"standard","meta":{"footnotes":""},"categories":[12],"tags":[22,23,400,2409,26,27,33,31,30,17,104,24,25,28,29,15,791,18,21,32,502,679,19,20,860,16],"class_list":{"0":"post-81993","1":"post","2":"type-post","3":"status-publish","4":"format-standard","5":"has-post-thumbnail","7":"category-suomi","8":"tag-breaking-news","9":"tag-breakingnews","10":"tag-espoo","11":"tag-espoon-kaupunki","12":"tag-featured-news","13":"tag-featurednews","14":"tag-fi","15":"tag-finland","16":"tag-finnish","17":"tag-headlines","18":"tag-helsinki","19":"tag-latest-news","20":"tag-latestnews","21":"tag-main-news","22":"tag-mainnews","23":"tag-news","24":"tag-opiskelu","25":"tag-otsikot","26":"tag-paauutiset","27":"tag-suomi","28":"tag-terveydenhoito","29":"tag-terveydenhuollon-toimintalaitokset","30":"tag-top-stories","31":"tag-topstories","32":"tag-tyoelama","33":"tag-uutiset"},"share_on_mastodon":{"url":"https:\/\/pubeurope.com\/@fi\/115498305719137232","error":""},"_links":{"self":[{"href":"https:\/\/www.europesays.com\/fi\/wp-json\/wp\/v2\/posts\/81993","targetHints":{"allow":["GET"]}}],"collection":[{"href":"https:\/\/www.europesays.com\/fi\/wp-json\/wp\/v2\/posts"}],"about":[{"href":"https:\/\/www.europesays.com\/fi\/wp-json\/wp\/v2\/types\/post"}],"author":[{"embeddable":true,"href":"https:\/\/www.europesays.com\/fi\/wp-json\/wp\/v2\/users\/2"}],"replies":[{"embeddable":true,"href":"https:\/\/www.europesays.com\/fi\/wp-json\/wp\/v2\/comments?post=81993"}],"version-history":[{"count":0,"href":"https:\/\/www.europesays.com\/fi\/wp-json\/wp\/v2\/posts\/81993\/revisions"}],"wp:featuredmedia":[{"embeddable":true,"href":"https:\/\/www.europesays.com\/fi\/wp-json\/wp\/v2\/media\/81994"}],"wp:attachment":[{"href":"https:\/\/www.europesays.com\/fi\/wp-json\/wp\/v2\/media?parent=81993"}],"wp:term":[{"taxonomy":"category","embeddable":true,"href":"https:\/\/www.europesays.com\/fi\/wp-json\/wp\/v2\/categories?post=81993"},{"taxonomy":"post_tag","embeddable":true,"href":"https:\/\/www.europesays.com\/fi\/wp-json\/wp\/v2\/tags?post=81993"}],"curies":[{"name":"wp","href":"https:\/\/api.w.org\/{rel}","templated":true}]}}