{"id":82100,"date":"2025-11-05T20:06:08","date_gmt":"2025-11-05T20:06:08","guid":{"rendered":"https:\/\/www.europesays.com\/fi\/82100\/"},"modified":"2025-11-05T20:06:08","modified_gmt":"2025-11-05T20:06:08","slug":"lauri-markkasen-edustamalle-utah-jazzille-karmea-uutinen-urheilua-lyhyesti","status":"publish","type":"post","link":"https:\/\/www.europesays.com\/fi\/82100\/","title":{"rendered":"Lauri Markkasen edustamalle Utah Jazzille karmea uutinen | Urheilua lyhyesti"},"content":{"rendered":"<p class=\"aw-1gybjub aw-5vja16 kEtdKx kmuxyA yle__article__paragraph\">Utah Jazzin NBA-sentteri Walker Kessler joutuu kauden p\u00e4\u00e4tt\u00e4v\u00e4\u00e4n leikkaukseen vasemman olkap\u00e4\u00e4n repe\u00e4m\u00e4n vuoksi, kertoo ESPN-kanava.<\/p>\n<p><img decoding=\"async\" alt=\"23-vuotias Walker Kessler ratkaisi voiton Utahille. Kessler arkistokuvassa. \" src=\"https:\/\/www.europesays.com\/fi\/wp-content\/uploads\/2025\/11\/39-142928967c2d881bfe68.jpeg\" class=\"aw-1l9m598 hKVVvP\"\/><\/p>\n<p>Avaa kuvien katselu<\/p>\n<p>Utah Jazzin Walker Kessler arkistokuvassa. Kuva: EPA-EFE\/AOP<\/p>\n<p class=\"aw-1gybjub aw-1p7kakr kEtdKx cEmitX yle__article__paragraph\"><strong class=\"aw-ak79eh KyCXm yle__article__strong\">Walker Kessler<\/strong> oli aloittanut kauden uransa parhailla tilastoilla: ottelua kohden 14,4 pistett\u00e4, 10,8 levypalloa, 3,0 sy\u00f6tt\u00f6\u00e4, 1,4 riistoa ja 1,8 torjuntaa viidess\u00e4 ottelussa.<\/p>\n<p class=\"aw-1gybjub aw-1p7kakr kEtdKx cEmitX yle__article__paragraph\">24-vuotiaasta sentterist\u00e4 tulee rajoitettu vapaa agentti ensi kes\u00e4n\u00e4.<\/p>\n<p class=\"aw-1gybjub aw-1p7kakr kEtdKx cEmitX yle__article__paragraph\">Jazz ja Kessler keskustelivat jatkosopimuksesta h\u00e4nen tulokassopimukseensa ennen lokakuun m\u00e4\u00e4r\u00e4aikaa, mutta kaksikko ei p\u00e4\u00e4ssyt l\u00e4hellek\u00e4\u00e4n sopimusta.<\/p>\n<p class=\"aw-1gybjub aw-1p7kakr kEtdKx cEmitX yle__article__paragraph\"><strong class=\"aw-ak79eh KyCXm yle__article__strong\">Jusuf Nurkic<\/strong> korvaa Kesslerin Utahin aloitusviisikossa.<\/p>\n<p class=\"aw-1gybjub aw-1p7kakr kEtdKx cEmitX yle__article__paragraph\"><strong class=\"aw-ak79eh KyCXm yle__article__strong\">Lauri Markkasen<\/strong> edustama Jazz kohtaa torstaiaamuna it\u00e4isen lohkon kolmosena olevan, nelj\u00e4tt\u00e4 per\u00e4tt\u00e4ist\u00e4 voittoaan hamuavan Detroitin.<\/p>\n<p class=\"aw-1gybjub aw-1p7kakr kEtdKx cEmitX yle__article__paragraph\">Utah on voittanut pelaamistaan seitsem\u00e4st\u00e4 ottelusta kolme.<\/p>\n<p class=\"aw-1gybjub aw-1p7kakr kEtdKx cEmitX yle__article__paragraph\">NBA-y\u00f6n tulokset <a class=\"aw-iao6s4 iHOxEa yle__article__link\" href=\"https:\/\/yle.fi\/aihe\/tekstitv?P=277\" role=\"link\" rel=\"nofollow noopener\" target=\"_blank\">t\u00e4\u00e4lt\u00e4<\/a>, Utahin ja Memphisin parhaat pistemiehet <a class=\"aw-iao6s4 iHOxEa yle__article__link\" href=\"https:\/\/yle.fi\/aihe\/tekstitv?P=278\" role=\"link\" rel=\"nofollow noopener\" target=\"_blank\">t\u00e4\u00e4lt\u00e4<\/a><\/p>\n","protected":false},"excerpt":{"rendered":"Utah Jazzin NBA-sentteri Walker Kessler joutuu kauden p\u00e4\u00e4tt\u00e4v\u00e4\u00e4n leikkaukseen vasemman olkap\u00e4\u00e4n repe\u00e4m\u00e4n vuoksi, kertoo ESPN-kanava. Avaa kuvien katselu&hellip;\n","protected":false},"author":2,"featured_media":82101,"comment_status":"","ping_status":"","sticky":false,"template":"","format":"standard","meta":{"footnotes":""},"categories":[158],"tags":[33,31,30,1702,1704,1703,3825,159,32,160,3826,17065],"class_list":{"0":"post-82100","1":"post","2":"type-post","3":"status-publish","4":"format-standard","5":"has-post-thumbnail","7":"category-urheilu","8":"tag-fi","9":"tag-finland","10":"tag-finnish","11":"tag-koripallo","12":"tag-koripalloilijat","13":"tag-miesten-koripallo","14":"tag-nba","15":"tag-sports","16":"tag-suomi","17":"tag-urheilu","18":"tag-utah-jazz","19":"tag-walker-kessler"},"share_on_mastodon":{"url":"https:\/\/pubeurope.com\/@fi\/115498895740088930","error":""},"_links":{"self":[{"href":"https:\/\/www.europesays.com\/fi\/wp-json\/wp\/v2\/posts\/82100","targetHints":{"allow":["GET"]}}],"collection":[{"href":"https:\/\/www.europesays.com\/fi\/wp-json\/wp\/v2\/posts"}],"about":[{"href":"https:\/\/www.europesays.com\/fi\/wp-json\/wp\/v2\/types\/post"}],"author":[{"embeddable":true,"href":"https:\/\/www.europesays.com\/fi\/wp-json\/wp\/v2\/users\/2"}],"replies":[{"embeddable":true,"href":"https:\/\/www.europesays.com\/fi\/wp-json\/wp\/v2\/comments?post=82100"}],"version-history":[{"count":0,"href":"https:\/\/www.europesays.com\/fi\/wp-json\/wp\/v2\/posts\/82100\/revisions"}],"wp:featuredmedia":[{"embeddable":true,"href":"https:\/\/www.europesays.com\/fi\/wp-json\/wp\/v2\/media\/82101"}],"wp:attachment":[{"href":"https:\/\/www.europesays.com\/fi\/wp-json\/wp\/v2\/media?parent=82100"}],"wp:term":[{"taxonomy":"category","embeddable":true,"href":"https:\/\/www.europesays.com\/fi\/wp-json\/wp\/v2\/categories?post=82100"},{"taxonomy":"post_tag","embeddable":true,"href":"https:\/\/www.europesays.com\/fi\/wp-json\/wp\/v2\/tags?post=82100"}],"curies":[{"name":"wp","href":"https:\/\/api.w.org\/{rel}","templated":true}]}}