{"id":82106,"date":"2025-11-05T20:10:08","date_gmt":"2025-11-05T20:10:08","guid":{"rendered":"https:\/\/www.europesays.com\/fi\/82106\/"},"modified":"2025-11-05T20:10:08","modified_gmt":"2025-11-05T20:10:08","slug":"savonlinnan-blc-osuuskunnasta-tulee-it-ja-turvallisuusyhtio-loihteen-suurin-yksittainen-omistaja-etela-savo","status":"publish","type":"post","link":"https:\/\/www.europesays.com\/fi\/82106\/","title":{"rendered":"Savonlinnan BLC-osuuskunnasta tulee IT- ja turvallisuusyhti\u00f6 Loihteen suurin yksitt\u00e4inen omistaja | Etel\u00e4-Savo"},"content":{"rendered":"<p class=\"aw-1gybjub aw-5vja16 kEtdKx kmuxyA yle__article__paragraph\">Savonlinnan BLC-osuuskunnan hallituksen puheenjohtaja Jari Suomalainen sanoo, ett\u00e4 kaupan my\u00f6t\u00e4 osuuskunta saa muun muassa kyberturvan osaamista. <\/p>\n<p><img decoding=\"async\" alt=\"BLC-turvan toimipisteen sein\u00e4ss\u00e4 on yhti\u00f6n logo.\" src=\"https:\/\/www.europesays.com\/fi\/wp-content\/uploads\/2025\/11\/39-1414821679c99f98c46c.jpeg\" class=\"aw-1l9m598 hKVVvP\"\/><\/p>\n<p>Avaa kuvien katselu<\/p>\n<p>Savonlinnan BLC-osuuskunta myy BLC Turva oy:n koko osakekannan Loihde oy:lle. Kuva: Esa Huuhko \/ Yle<\/p>\n<p class=\"aw-1gybjub aw-1p7kakr kEtdKx cEmitX yle__article__paragraph\">Savonlinnan BLC-osuuskunnasta tulee p\u00f6rssiyhti\u00f6 Loihteen suurin yksitt\u00e4inen omistaja.<\/p>\n<p class=\"aw-1gybjub aw-1p7kakr kEtdKx cEmitX yle__article__paragraph\">Osuuskunta myy BLC Turva oy:n koko osakekannan turvallisuuden ja IT-palveluiden asiantuntijayhti\u00f6 Loihde oy:lle.<\/p>\n<p class=\"aw-1gybjub aw-1p7kakr kEtdKx cEmitX yle__article__paragraph\">Savonlinnan BLC-osuuskunta tunnettiin aiemmin nimell\u00e4 Savonlinnan puhelinosuuskunta.<\/p>\n<p class=\"aw-1gybjub aw-1p7kakr kEtdKx cEmitX yle__article__paragraph\">Hallituksen puheenjohtaja <strong class=\"aw-ak79eh KyCXm yle__article__strong\">Jari Suomalainen<\/strong> sanoo, ett\u00e4 kauppa osoittaa osuuskunnan kasvuhaluja turvaliiketoiminnassa.<\/p>\n<p class=\"aw-1gybjub aw-1p7kakr kEtdKx cEmitX yle__article__paragraph\">\u2013 Olisi vaatinut osuuskunnalta isoja investointeja kasvaa turvaliiketoiminnassa. J\u00e4rkevin vaihtoehto oli hakeutua jonkun kumppanin kanssa yhteisty\u00f6h\u00f6n, toteaa Suomalainen.<\/p>\n<p class=\"aw-1gybjub aw-1p7kakr kEtdKx cEmitX yle__article__paragraph\">Suomalaisen mukaan BLC Turva:lta puuttui tiettyj\u00e4 elementtej\u00e4, kuten kyberturvan osaamista.<\/p>\n<p class=\"aw-1gybjub aw-1p7kakr kEtdKx cEmitX yle__article__paragraph\">\u2013 Kyberturvan merkitys on kasvanut jatkuvasti turvaratkaisuissa. Saamme my\u00f6s lis\u00e4\u00e4 it-osaamista, joten pystymme tekem\u00e4\u00e4n vahvemman kokonaisuuden, joka palvelee my\u00f6s paremmin asiakkaita.<\/p>\n<p class=\"aw-1gybjub aw-1p7kakr kEtdKx cEmitX yle__article__paragraph\">Yrityskaupan toteutumisen aikataulu on toistaiseksi auki ja se riippuu Loihteen yhti\u00f6kokouksen sek\u00e4 kilpailu- ja kuluttajaviraston p\u00e4\u00e4t\u00f6ksist\u00e4.<\/p>\n<p class=\"aw-1gybjub aw-1p7kakr kEtdKx cEmitX yle__article__paragraph\">Savonlinnan BLC-osuuskunta ja It\u00e4-Suomen alueella toimiva valokuitu- ja tietoliikennepalveluiden tarjoaja BLC Telecom ty\u00f6llist\u00e4v\u00e4t 45 henkil\u00f6\u00e4. BLC Turvalla on 450 ty\u00f6ntekij\u00e4\u00e4 ja Loihde oy:ll\u00e4 on hieman yli 800 ty\u00f6ntekij\u00e4\u00e4.<\/p>\n<p class=\"aw-1gybjub aw-1p7kakr kEtdKx cEmitX yle__article__paragraph\">BLC-osuuskunnan omistaa noin 7300 j\u00e4sent\u00e4.<\/p>\n","protected":false},"excerpt":{"rendered":"Savonlinnan BLC-osuuskunnan hallituksen puheenjohtaja Jari Suomalainen sanoo, ett\u00e4 kaupan my\u00f6t\u00e4 osuuskunta saa muun muassa kyberturvan osaamista. Avaa kuvien&hellip;\n","protected":false},"author":2,"featured_media":82107,"comment_status":"","ping_status":"","sticky":false,"template":"","format":"standard","meta":{"footnotes":""},"categories":[76],"tags":[79,77,184,33,31,30,17066,3197,1000,32,78,546,3323,17067],"class_list":{"0":"post-82106","1":"post","2":"type-post","3":"status-publish","4":"format-standard","5":"has-post-thumbnail","7":"category-talous","8":"tag-business","9":"tag-economy","10":"tag-etela-savo","11":"tag-fi","12":"tag-finland","13":"tag-finnish","14":"tag-osuuskunnat","15":"tag-porssiyhtiot","16":"tag-savonlinna","17":"tag-suomi","18":"tag-talous","19":"tag-turvallisuus","20":"tag-yrityskaupat","21":"tag-yritysmuodot"},"share_on_mastodon":{"url":"https:\/\/pubeurope.com\/@fi\/115498911360565841","error":""},"_links":{"self":[{"href":"https:\/\/www.europesays.com\/fi\/wp-json\/wp\/v2\/posts\/82106","targetHints":{"allow":["GET"]}}],"collection":[{"href":"https:\/\/www.europesays.com\/fi\/wp-json\/wp\/v2\/posts"}],"about":[{"href":"https:\/\/www.europesays.com\/fi\/wp-json\/wp\/v2\/types\/post"}],"author":[{"embeddable":true,"href":"https:\/\/www.europesays.com\/fi\/wp-json\/wp\/v2\/users\/2"}],"replies":[{"embeddable":true,"href":"https:\/\/www.europesays.com\/fi\/wp-json\/wp\/v2\/comments?post=82106"}],"version-history":[{"count":0,"href":"https:\/\/www.europesays.com\/fi\/wp-json\/wp\/v2\/posts\/82106\/revisions"}],"wp:featuredmedia":[{"embeddable":true,"href":"https:\/\/www.europesays.com\/fi\/wp-json\/wp\/v2\/media\/82107"}],"wp:attachment":[{"href":"https:\/\/www.europesays.com\/fi\/wp-json\/wp\/v2\/media?parent=82106"}],"wp:term":[{"taxonomy":"category","embeddable":true,"href":"https:\/\/www.europesays.com\/fi\/wp-json\/wp\/v2\/categories?post=82106"},{"taxonomy":"post_tag","embeddable":true,"href":"https:\/\/www.europesays.com\/fi\/wp-json\/wp\/v2\/tags?post=82106"}],"curies":[{"name":"wp","href":"https:\/\/api.w.org\/{rel}","templated":true}]}}