{"id":82120,"date":"2025-11-05T20:32:11","date_gmt":"2025-11-05T20:32:11","guid":{"rendered":"https:\/\/www.europesays.com\/fi\/82120\/"},"modified":"2025-11-05T20:32:11","modified_gmt":"2025-11-05T20:32:11","slug":"luis-suarezin-pelihermot-pettivat-taas-pelikiellossa-mlsn-ratkaisevasta-pudotuspelista-urheilua-lyhyesti","status":"publish","type":"post","link":"https:\/\/www.europesays.com\/fi\/82120\/","title":{"rendered":"Luis Su\u00e1rezin pelihermot pettiv\u00e4t taas \u2013 pelikiellossa MLS:n ratkaisevasta pudotuspelist\u00e4 | Urheilua lyhyesti"},"content":{"rendered":"<p class=\"aw-1gybjub aw-5vja16 kEtdKx kmuxyA yle__article__paragraph\">Jalkapalloilija Luis Su\u00e1rez on pelikiellossa Inter Miamin ratkaisevasta pudotuspelist\u00e4 Yhdysvaltain MLS-sarjassa.<\/p>\n<p><img decoding=\"async\" alt=\"Inter Miami joutuu MLS:n pudotuspeleiss\u00e4 tiukkaan paikkaan ilman Luis Su\u00e1rezia. \" src=\"https:\/\/www.europesays.com\/fi\/wp-content\/uploads\/2025\/11\/39-1549474690b970a1a3f4.jpeg\" class=\"aw-1l9m598 hKVVvP\"\/><\/p>\n<p>Avaa kuvien katselu<\/p>\n<p>Inter Miami joutuu MLS:n pudotuspeleiss\u00e4 tiukkaan paikkaan ilman Luis Su\u00e1rezia. Kuva: EPA<\/p>\n<p class=\"aw-1gybjub aw-1p7kakr kEtdKx cEmitX yle__article__paragraph\">MLS on m\u00e4\u00e4r\u00e4nnyt Inter Miamin t\u00e4htihy\u00f6kk\u00e4\u00e4j\u00e4 <strong class=\"aw-ak79eh KyCXm yle__article__strong\">Luis Su\u00e1rezin<\/strong> pelikieltoon ensi sunnuntain ratkaisevasta pudotuspeliottelusta Nashville SC:ta vastaan.<\/p>\n<p class=\"aw-1gybjub aw-1p7kakr kEtdKx cEmitX yle__article__paragraph\">Su\u00e1rez sai yhden ottelun pelikiellon MLS:n kurinpitokomitealta tilanteesta, joka tapahtui pallottomana ensimm\u00e4isen kierroksen toisen osaottelun aikana.<\/p>\n<p class=\"aw-1gybjub aw-1p7kakr kEtdKx cEmitX yle__article__paragraph\">Kohujalkapalloilija potkaisi vastustajan puolustaja <strong class=\"aw-ak79eh KyCXm yle__article__strong\">Andy Najaria<\/strong> ottelun 71. minuutilla, kun Nashville voitti kotiottelunsa 2\u20131.<\/p>\n<p class=\"aw-1gybjub aw-1p7kakr kEtdKx cEmitX yle__article__paragraph\">Pudotuspelisarja on voitoissa tilanteessa 1\u20131. Miami vei avausosan <strong class=\"aw-ak79eh KyCXm yle__article__strong\">Lionel Messin<\/strong> kahden maalin voimin 3\u20131.<\/p>\n<p class=\"aw-1gybjub aw-1p7kakr kEtdKx cEmitX yle__article__paragraph\">Tuomari ei tuominnut tilanteesta virhett\u00e4 eik\u00e4 antanut varoitusta ottelun aikana. MLS:n kurinpitokomitea voi kuitenkin puuttua tapahtumiin j\u00e4lkik\u00e4teen ja m\u00e4\u00e4r\u00e4t\u00e4 sakkoja ja pelikieltoja tietyiss\u00e4 tapauksissa \u2013 kuten se nyt teki.<\/p>\n<p class=\"aw-1gybjub aw-1p7kakr kEtdKx cEmitX yle__article__paragraph\">38-vuotias uruguaylainen, joka on aiemmin loistanut Liverpoolissa ja Barcelonassa, on tunnettu my\u00f6s huonosta k\u00e4yt\u00f6ksest\u00e4\u00e4n pelikentill\u00e4.<\/p>\n<p class=\"aw-1gybjub aw-1p7kakr kEtdKx cEmitX yle__article__paragraph\">Su\u00e1rez on kolmesti asetettu pelikieltoon vastustajan puremisesta, ja kerran h\u00e4net on pelikiellolla rangaistu rasistisesta k\u00e4yt\u00f6ksest\u00e4 \u2013 vaikka h\u00e4n on kiist\u00e4nyt syytteen.<\/p>\n<p class=\"aw-1gybjub aw-1p7kakr kEtdKx cEmitX yle__article__paragraph\">MLS m\u00e4\u00e4r\u00e4si Su\u00e1rezille kolmen ottelun pelikiellon syyskuussa. Tuolloin h\u00e4n sylki Seattlen henkil\u00f6kunnan j\u00e4sent\u00e4 kohtaan Liigacupin finaalin j\u00e4lkeen 31. elokuuta.<\/p>\n<p><img decoding=\"async\" alt=\"Seattle Soundersin ja Inter Miamin liigacupin finaali p\u00e4\u00e4ttyi k\u00e4sirysyyn.\" src=\"https:\/\/www.europesays.com\/fi\/wp-content\/uploads\/2025\/11\/39-151537068b555d281707.jpeg\" class=\"aw-1l9m598 hKVVvP\"\/><\/p>\n<p class=\"aw-1gybjub aw-1p7kakr kEtdKx cEmitX yle__article__paragraph\">Paras kolmesta -sarjan kolmas ja ratkaiseva ottelu pelataan Suomen aikaa varhain sunnuntaiaamuna Fort Lauderdalessa, Floridassa.<\/p>\n<p class=\"aw-1gybjub aw-1p7kakr kEtdKx cEmitX yle__article__paragraph\">Inter Miami pyrkii v\u00e4ltt\u00e4m\u00e4\u00e4n toisen per\u00e4kk\u00e4isen pudotuspelien ensimm\u00e4isen kierroksen tappion.<\/p>\n<p>Tunnetuimmat Su\u00e1rezin pelikiellot:<\/p>\n<p class=\"aw-1gybjub aw-1p7kakr kEtdKx cEmitX yle__article__paragraph\"><strong class=\"aw-ak79eh KyCXm yle__article__strong\">Vuonna 2010<\/strong> Su\u00e1rez puri vastustajaa (Otman Bakkal) Hollannin liigassa Ajaxin paidassa ja sai t\u00e4st\u00e4 seitsem\u00e4n ottelun pelikiellon.<\/p>\n<p class=\"aw-1gybjub aw-1p7kakr kEtdKx cEmitX yle__article__paragraph\"><strong class=\"aw-ak79eh KyCXm yle__article__strong\">Vuonna 2013<\/strong> Liverpoolissa pelatessaan h\u00e4n puri Chelsean Branislav Ivanovi\u0107ia ja sai kymmenen ottelun pelikiellon.<\/p>\n<p class=\"aw-1gybjub aw-1p7kakr kEtdKx cEmitX yle__article__paragraph\"><strong class=\"aw-ak79eh KyCXm yle__article__strong\">Vuonna 2014<\/strong> MM-kisoissa Su\u00e1rez puri Italian Giorgio Chiellini\u00e4 ja sai nelj\u00e4n kuukauden pelikiellon kaikesta jalkapallotoiminnasta sek\u00e4 yhdeks\u00e4n maaottelun pelikiellon.<\/p>\n<p class=\"aw-1gybjub aw-1p7kakr kEtdKx cEmitX yle__article__paragraph\">N\u00e4iden lis\u00e4ksi Su\u00e1rez on saanut pelikieltoja ja kritiikki\u00e4 my\u00f6s sukeltamisesta sek\u00e4 rasistisesta k\u00e4yt\u00f6ksest\u00e4 (tilanne Patrice Evran kanssa vuonna 2011).<\/p>\n","protected":false},"excerpt":{"rendered":"Jalkapalloilija Luis Su\u00e1rez on pelikiellossa Inter Miamin ratkaisevasta pudotuspelist\u00e4 Yhdysvaltain MLS-sarjassa. Avaa kuvien katselu Inter Miami joutuu MLS:n&hellip;\n","protected":false},"author":2,"featured_media":82121,"comment_status":"","ping_status":"","sticky":false,"template":"","format":"standard","meta":{"footnotes":""},"categories":[158],"tags":[33,31,30,8459,43,1622,2824,8458,11128,159,32,160],"class_list":{"0":"post-82120","1":"post","2":"type-post","3":"status-publish","4":"format-standard","5":"has-post-thumbnail","7":"category-urheilu","8":"tag-fi","9":"tag-finland","10":"tag-finnish","11":"tag-inter-miami-cf","12":"tag-jalkapallo","13":"tag-jalkapalloilijat","14":"tag-jalkapalloilijat-miehet","15":"tag-luis-suarez","16":"tag-major-league-soccer","17":"tag-sports","18":"tag-suomi","19":"tag-urheilu"},"share_on_mastodon":{"url":"https:\/\/pubeurope.com\/@fi\/115498997871797475","error":""},"_links":{"self":[{"href":"https:\/\/www.europesays.com\/fi\/wp-json\/wp\/v2\/posts\/82120","targetHints":{"allow":["GET"]}}],"collection":[{"href":"https:\/\/www.europesays.com\/fi\/wp-json\/wp\/v2\/posts"}],"about":[{"href":"https:\/\/www.europesays.com\/fi\/wp-json\/wp\/v2\/types\/post"}],"author":[{"embeddable":true,"href":"https:\/\/www.europesays.com\/fi\/wp-json\/wp\/v2\/users\/2"}],"replies":[{"embeddable":true,"href":"https:\/\/www.europesays.com\/fi\/wp-json\/wp\/v2\/comments?post=82120"}],"version-history":[{"count":0,"href":"https:\/\/www.europesays.com\/fi\/wp-json\/wp\/v2\/posts\/82120\/revisions"}],"wp:featuredmedia":[{"embeddable":true,"href":"https:\/\/www.europesays.com\/fi\/wp-json\/wp\/v2\/media\/82121"}],"wp:attachment":[{"href":"https:\/\/www.europesays.com\/fi\/wp-json\/wp\/v2\/media?parent=82120"}],"wp:term":[{"taxonomy":"category","embeddable":true,"href":"https:\/\/www.europesays.com\/fi\/wp-json\/wp\/v2\/categories?post=82120"},{"taxonomy":"post_tag","embeddable":true,"href":"https:\/\/www.europesays.com\/fi\/wp-json\/wp\/v2\/tags?post=82120"}],"curies":[{"name":"wp","href":"https:\/\/api.w.org\/{rel}","templated":true}]}}