{"id":82132,"date":"2025-11-05T20:51:08","date_gmt":"2025-11-05T20:51:08","guid":{"rendered":"https:\/\/www.europesays.com\/fi\/82132\/"},"modified":"2025-11-05T20:51:08","modified_gmt":"2025-11-05T20:51:08","slug":"tv-kasvo-mervi-kallio-onnettomuudessa-turvautui-paavammaguruun","status":"publish","type":"post","link":"https:\/\/www.europesays.com\/fi\/82132\/","title":{"rendered":"Tv-kasvo Mervi Kallio onnettomuudessa: Turvautui p\u00e4\u00e4vammaguruun"},"content":{"rendered":"<p>Televisiosta tuttu urheilutoimittaja Mervi Kallio kaatui viisi viikkoa sitten maastopy\u00f6r\u00e4ll\u00e4.<\/p>\n<p>T\u00e4lli oli kova. H\u00e4n sai aivot\u00e4r\u00e4hdyksen.<\/p>\n<p>Oireet olivat ilmeiset. H\u00e4n sanoo saaneensa siet\u00e4m\u00e4tt\u00f6m\u00e4n p\u00e4\u00e4ns\u00e4ryn. Oli oksentelua ja n\u00e4k\u00f6h\u00e4iri\u00f6it\u00e4.<\/p>\n<p>Nyt Mervi on avautunut asiasta sometilill\u00e4\u00e4n.<\/p>\n<p>H\u00e4nen mukaansa urheilul\u00e4\u00e4k\u00e4ri kuultuaan Mervin t\u00e4llist\u00e4 sanoi h\u00e4nelle napakasti, ett\u00e4 nyt on sitten oikeasti syyt\u00e4 ottaa rauhassa ja seurailla tilannetta.<\/p>\n<p>-Uskoin toki, mutta ajattelin silti, ett\u00e4 \u201ckyll\u00e4 t\u00e4m\u00e4 t\u00e4st\u00e4 \u2013 parissa p\u00e4iv\u00e4ss\u00e4 p\u00e4\u00e4see jo treenaamaan normaalisti\u201d, Mervi kertoo somessa.<\/p>\n<p>Tilanne on nyt t\u00e4m\u00e4<\/p>\n<p>Mervi toteaa lakonisesti, ett\u00e4 n\u00e4in ei todellakaan ole k\u00e4ynyt. H\u00e4n ei ole p\u00e4\u00e4ssyt treenailemaan ja liikkumaan normaalisti, vaikka viisi viikkoa on jo kulunut.<\/p>\n<p>-Teen edelleen vain kevyit\u00e4 harjoituksia, ja silti sykkeet nousevat helposti. Liike tekee hyv\u00e4\u00e4, mutta tied\u00e4n ylitt\u00e4neeni rajan, jos treenin j\u00e4lkeen tulee huono olo. Oura (hyvinvointia seuraava sormus) vaatii lep\u00e4\u00e4m\u00e4\u00e4n. My\u00f6s y\u00f6ll\u00e4 leposykkeet ovat edelleen yli kymmenen pyk\u00e4l\u00e4\u00e4 normaalia korkeammat, Mervi kirjoittaa.<\/p>\n<p>Nyttemmin nainen on turvautunut p\u00e4\u00e4vammaguruun. Sit\u00e4 kautta edistyst\u00e4 on tapahtunut.<\/p>\n<p>-Opin Matilta my\u00f6s, ett\u00e4 henkinen kuormitus tai vaikkapa pime\u00e4ll\u00e4 ajaminen kuormittavat kehoa, ja juuri nyt taukojen pit\u00e4minen ja rauhoittuminen ovat osa toipumista.<\/p>\n<p>Lue my\u00f6s: <a href=\"https:\/\/www.como.fi\/uutiset\/onnettomuudessa-ollut-nayttelija-janne-saarinen-ei-muista-vielakaan-itken-ja-nipistelen-itseani\/\" title=\"Onnettomuudessa ollut n\u00e4yttelij\u00e4 Janne Saarinen ei muista viel\u00e4k\u00e4\u00e4n: \u201dItken ja nipistelen itse\u00e4ni\u201d\" class=\"underline-custom !font-montserrat !font-bold !underline-offset-4 !decoration-4 !decoration-red-600 !text-md\" rel=\"nofollow noopener\" target=\"_blank\">Onnettomuudessa ollut n\u00e4yttelij\u00e4 Janne Saarinen ei muista viel\u00e4k\u00e4\u00e4n: \u201dItken ja nipistelen itse\u00e4ni\u201d<\/a><\/p>\n<p>Lue my\u00f6s: <a href=\"https:\/\/www.como.fi\/uutiset\/loukkaantuneesta-janne-saarisesta-julkaistiin-allistyttava-kuva-voiko-olla-totta\/\" title=\"Loukkaantuneesta Janne Saarisesta julkaistiin \u00e4llistytt\u00e4v\u00e4 kuva \u2013 voiko olla totta!\" class=\"underline-custom !font-montserrat !font-bold !underline-offset-4 !decoration-4 !decoration-red-600 !text-md\" rel=\"nofollow noopener\" target=\"_blank\">Loukkaantuneesta Janne Saarisesta julkaistiin \u00e4llistytt\u00e4v\u00e4 kuva \u2013 voiko olla totta!<\/a><\/p>\n<p>Nikamien manipuloinnin ja akupunktion avulla jatkuva p\u00e4\u00e4ns\u00e4rky ja huono olo ovat Mervin mukaan vihdoin poissa, h\u00e4n kirjoittaa <a href=\"https:\/\/www.instagram.com\/p\/DQrg1QDkYTi\/?hl=fi&amp;img_index=5\" rel=\"nofollow noopener\" target=\"_blank\">somessaan<\/a>.<\/p>\n<p>Lue my\u00f6s: <a href=\"https:\/\/www.como.fi\/tilaa-comon-uutiskirje\/\" title=\"Tilaa Comon uutiskirje ja tied\u00e4t mist\u00e4 kahvitauolla puhutaan! Nappaa kotimaan tv-vinkit ja puheenaiheet suoraan s\u00e4hk\u00f6postiin t\u00e4st\u00e4.\" class=\"underline-custom !font-montserrat !font-bold !underline-offset-4 !decoration-4 !decoration-red-600 !text-md\" rel=\"nofollow noopener\" target=\"_blank\">Tilaa Comon uutiskirje ja tied\u00e4t mist\u00e4 kahvitauolla puhutaan! Nappaa kotimaan tv-vinkit ja puheenaiheet suoraan s\u00e4hk\u00f6postiin t\u00e4st\u00e4.<\/a><\/p>\n<p>\t\t\t\t<script async src=\"\/\/www.instagram.com\/embed.js\"><\/script><\/p>\n","protected":false},"excerpt":{"rendered":"Televisiosta tuttu urheilutoimittaja Mervi Kallio kaatui viisi viikkoa sitten maastopy\u00f6r\u00e4ll\u00e4. T\u00e4lli oli kova. H\u00e4n sai aivot\u00e4r\u00e4hdyksen. Oireet olivat&hellip;\n","protected":false},"author":2,"featured_media":82133,"comment_status":"","ping_status":"","sticky":false,"template":"","format":"standard","meta":{"footnotes":""},"categories":[136],"tags":[407,137,33,31,30,408,15203,32,109],"class_list":{"0":"post-82132","1":"post","2":"type-post","3":"status-publish","4":"format-standard","5":"has-post-thumbnail","7":"category-julkkikset","8":"tag-celebrities","9":"tag-entertainment","10":"tag-fi","11":"tag-finland","12":"tag-finnish","13":"tag-julkkikset","14":"tag-mervi-kallio","15":"tag-suomi","16":"tag-viihde"},"share_on_mastodon":{"url":"https:\/\/pubeurope.com\/@fi\/115499072411649650","error":""},"_links":{"self":[{"href":"https:\/\/www.europesays.com\/fi\/wp-json\/wp\/v2\/posts\/82132","targetHints":{"allow":["GET"]}}],"collection":[{"href":"https:\/\/www.europesays.com\/fi\/wp-json\/wp\/v2\/posts"}],"about":[{"href":"https:\/\/www.europesays.com\/fi\/wp-json\/wp\/v2\/types\/post"}],"author":[{"embeddable":true,"href":"https:\/\/www.europesays.com\/fi\/wp-json\/wp\/v2\/users\/2"}],"replies":[{"embeddable":true,"href":"https:\/\/www.europesays.com\/fi\/wp-json\/wp\/v2\/comments?post=82132"}],"version-history":[{"count":0,"href":"https:\/\/www.europesays.com\/fi\/wp-json\/wp\/v2\/posts\/82132\/revisions"}],"wp:featuredmedia":[{"embeddable":true,"href":"https:\/\/www.europesays.com\/fi\/wp-json\/wp\/v2\/media\/82133"}],"wp:attachment":[{"href":"https:\/\/www.europesays.com\/fi\/wp-json\/wp\/v2\/media?parent=82132"}],"wp:term":[{"taxonomy":"category","embeddable":true,"href":"https:\/\/www.europesays.com\/fi\/wp-json\/wp\/v2\/categories?post=82132"},{"taxonomy":"post_tag","embeddable":true,"href":"https:\/\/www.europesays.com\/fi\/wp-json\/wp\/v2\/tags?post=82132"}],"curies":[{"name":"wp","href":"https:\/\/api.w.org\/{rel}","templated":true}]}}