{"id":82184,"date":"2025-11-05T22:17:10","date_gmt":"2025-11-05T22:17:10","guid":{"rendered":"https:\/\/www.europesays.com\/fi\/82184\/"},"modified":"2025-11-05T22:17:10","modified_gmt":"2025-11-05T22:17:10","slug":"tauski-peltosen-raha-asioissa-tapahtui-kaanne-uutta-tietoa-myos-avioerosta","status":"publish","type":"post","link":"https:\/\/www.europesays.com\/fi\/82184\/","title":{"rendered":"Tauski Peltosen raha-asioissa tapahtui k\u00e4\u00e4nne &#8211; uutta tietoa my\u00f6s avioerosta"},"content":{"rendered":"<p>Tauski Peltosen ja h\u00e4nen Henna-vaimonsa avioliiton tilasta on kaikunut uutisia eilisest\u00e4 l\u00e4htien, kun <a href=\"https:\/\/www.seiska.fi\/kotimaa\/tauski-ja-henna-peltonen-avioero\/1983593\" target=\"_blank\" rel=\"noreferrer noopener nofollow\">Seiska <\/a>paljasti Hennan hakeneen avioeroa.<\/p>\n<p>Tilanne on vaikuttanut kummalliselta, sill\u00e4 toista kertaa naimisissa kesken\u00e4\u00e4n oleva pari on vaikuttanut onnelliselta ja uutta liittoa on kest\u00e4nyt kaksi kokonaista vuotta. Edellinen, vuonna 2011 solmittu liitto p\u00e4\u00e4ttyi vain 8 kuukautta solmimisestaan.<\/p>\n<p>Uutisista tekee ep\u00e4uskottavampaa sekin, ett\u00e4 pariskunta esitteli suhteensa tilaa Sami Kurosen Iltanuotiolla-rakkauspodcastissa vain viime viikolla.<\/p>\n<p>Kerroimme eilen Hennan erikoisesta oikaisuvaatimuksesta Iltanuotiolla-podcastista kertovaan juttuumme. Kirjoitimme jutussa, ett\u00e4 pariskunta on k\u00e4ynyt oikeutta muun muassa pahoinpitelyasioissa. Henna halusi juttuun liitett\u00e4v\u00e4n, ett\u00e4 kuka pahoinpiteli ja ket\u00e4. Eli t\u00e4ss\u00e4 tapauksessa siis Tauski h\u00e4nt\u00e4.<\/p>\n<p>Nyt<a href=\"https:\/\/www.iltalehti.fi\/viihdeuutiset\/a\/b0c87032-62d3-48e4-8733-8cad85c6f45c?_gl=1*1rh837m*_ga*MTUwMDk0NzgyLjE3NjIxOTkyMjI.*_ga_3L539PMN3X*czE3NjIzNDk1MzUkbzgkZzEkdDE3NjIzNTA1MDEkajU2JGwwJGgw\" target=\"_blank\" rel=\"noreferrer noopener nofollow\"> Iltalehti <\/a>kertoo uuden k\u00e4\u00e4nteen avioerosoppaan.<\/p>\n<p>Lehden mukaan pari on jo aiemmin t\u00e4n\u00e4 vuonna hakenut eroa. Oikeammin erohakemuksen toimitti tuolloinkin Pirkanmaan k\u00e4r\u00e4j\u00e4oikeuteen Henna yksin. Helmikuussa j\u00e4tetty hakemus ei kuitenkaan johtanut mihink\u00e4\u00e4n \u2013 joko se peruutettiin tai se ei edennyt.<\/p>\n<p>T\u00e4ll\u00e4 hetkell\u00e4 kumpainenkaan osapuolista ei ole kommentoinut eroon liittyvi\u00e4 asioita mitenk\u00e4\u00e4n.<\/p>\n<p>Liikevaihto nousee koko ajan, mutta\u2026<\/p>\n<p>Como katsasti Tauski Peltosen py\u00f6ritt\u00e4m\u00e4n Space Music Oy:n tuoreen tilinp\u00e4\u00e4t\u00f6ksen, joka on vahvistettu t\u00e4n\u00e4 vuonna.<\/p>\n<p>Siit\u00e4 selvi\u00e4\u00e4, ett\u00e4 Tauskin firma on nostattanut vuosi vuodelta liikevaihtoaan. Otanta perustuu viiteen viimeiseen tilikauteen.<\/p>\n<p>Viimeksi Tauskin firman myynti kasvoi 8 prosentin verran. Liikevaihtoa kertyi 13 000 euroa ja rapiat kuussa, eli 158 000 euroa vuodessa.<\/p>\n<p>Firma nousi my\u00f6s voitolliseksi, tulosta tuli 21 000 euroa. Viime tilikaudella yhti\u00f6 oli tehnyt 15 000 euron tappion.<\/p>\n<p>Taunon firman ongelma on sen velkaisuus. Omavaraisuus on vain kymmenen prosentin luokkaa eli velkaa on 33 000 euroa. P\u00e4\u00e4omaa ja jakokelpoisia varoja ei juurikaan yhti\u00f6st\u00e4 l\u00f6ydy muutamaa hassua tonnia enemp\u00e4\u00e4. Taseen loppusumma on 37 000 euroa.<\/p>\n<p>Lue my\u00f6s: <a href=\"https:\/\/www.como.fi\/uutiset\/podcast-tauski-ja-henna-peltonen-eri-osoitteet\/\" title=\"Podcast: Tauski ja Henna Peltonen \u2013 eri osoitteet!\" class=\"underline-custom !font-montserrat !font-bold !underline-offset-4 !decoration-4 !decoration-red-600 !text-md\" rel=\"nofollow noopener\" target=\"_blank\">Podcast: Tauski ja Henna Peltonen \u2013 eri osoitteet!<\/a><\/p>\n<p>Lue my\u00f6s: <a href=\"https:\/\/www.como.fi\/uutiset\/tauski-ja-henna-avioero-hennalta-erikoinen-kommentti\/\" title=\"Tauski ja Henna: avioero! Hennalta erikoinen kommentti\" class=\"underline-custom !font-montserrat !font-bold !underline-offset-4 !decoration-4 !decoration-red-600 !text-md\" rel=\"nofollow noopener\" target=\"_blank\">Tauski ja Henna: avioero! Hennalta erikoinen kommentti<\/a><\/p>\n<p>Lue my\u00f6s: <a href=\"https:\/\/www.como.fi\/tilaa-comon-uutiskirje\/\" title=\"Tilaa Comon uutiskirje ja tied\u00e4t mist\u00e4 kahvitauolla puhutaan! Nappaa kotimaan tv-vinkit ja puheenaiheet suoraan s\u00e4hk\u00f6postiin t\u00e4st\u00e4.\" class=\"underline-custom !font-montserrat !font-bold !underline-offset-4 !decoration-4 !decoration-red-600 !text-md\" rel=\"nofollow noopener\" target=\"_blank\">Tilaa Comon uutiskirje ja tied\u00e4t mist\u00e4 kahvitauolla puhutaan! Nappaa kotimaan tv-vinkit ja puheenaiheet suoraan s\u00e4hk\u00f6postiin t\u00e4st\u00e4.<\/a><\/p>\n","protected":false},"excerpt":{"rendered":"Tauski Peltosen ja h\u00e4nen Henna-vaimonsa avioliiton tilasta on kaikunut uutisia eilisest\u00e4 l\u00e4htien, kun Seiska paljasti Hennan hakeneen avioeroa.&hellip;\n","protected":false},"author":2,"featured_media":82185,"comment_status":"","ping_status":"","sticky":false,"template":"","format":"standard","meta":{"footnotes":""},"categories":[130],"tags":[137,33,31,30,16954,32,4489,109],"class_list":{"0":"post-82184","1":"post","2":"type-post","3":"status-publish","4":"format-standard","5":"has-post-thumbnail","7":"category-viihde","8":"tag-entertainment","9":"tag-fi","10":"tag-finland","11":"tag-finnish","12":"tag-henna-peltonen","13":"tag-suomi","14":"tag-tauski-peltonen","15":"tag-viihde"},"share_on_mastodon":{"url":"https:\/\/pubeurope.com\/@fi\/115499410577295057","error":""},"_links":{"self":[{"href":"https:\/\/www.europesays.com\/fi\/wp-json\/wp\/v2\/posts\/82184","targetHints":{"allow":["GET"]}}],"collection":[{"href":"https:\/\/www.europesays.com\/fi\/wp-json\/wp\/v2\/posts"}],"about":[{"href":"https:\/\/www.europesays.com\/fi\/wp-json\/wp\/v2\/types\/post"}],"author":[{"embeddable":true,"href":"https:\/\/www.europesays.com\/fi\/wp-json\/wp\/v2\/users\/2"}],"replies":[{"embeddable":true,"href":"https:\/\/www.europesays.com\/fi\/wp-json\/wp\/v2\/comments?post=82184"}],"version-history":[{"count":0,"href":"https:\/\/www.europesays.com\/fi\/wp-json\/wp\/v2\/posts\/82184\/revisions"}],"wp:featuredmedia":[{"embeddable":true,"href":"https:\/\/www.europesays.com\/fi\/wp-json\/wp\/v2\/media\/82185"}],"wp:attachment":[{"href":"https:\/\/www.europesays.com\/fi\/wp-json\/wp\/v2\/media?parent=82184"}],"wp:term":[{"taxonomy":"category","embeddable":true,"href":"https:\/\/www.europesays.com\/fi\/wp-json\/wp\/v2\/categories?post=82184"},{"taxonomy":"post_tag","embeddable":true,"href":"https:\/\/www.europesays.com\/fi\/wp-json\/wp\/v2\/tags?post=82184"}],"curies":[{"name":"wp","href":"https:\/\/api.w.org\/{rel}","templated":true}]}}