{"id":82262,"date":"2025-11-06T00:45:10","date_gmt":"2025-11-06T00:45:10","guid":{"rendered":"https:\/\/www.europesays.com\/fi\/82262\/"},"modified":"2025-11-06T00:45:10","modified_gmt":"2025-11-06T00:45:10","slug":"riku-niemisen-lapset-saivat-nimet-pilli-ja-pulla","status":"publish","type":"post","link":"https:\/\/www.europesays.com\/fi\/82262\/","title":{"rendered":"Riku Niemisen lapset saivat nimet \u2013 &#8221;Pilli ja Pulla&#8221;"},"content":{"rendered":"<p>N\u00e4yttelij\u00e4 <strong>Riku Nieminen<\/strong> paljasti syyskuussa saaneensa kaksoset. H\u00e4n teki sen julkaisemalla sometililleen lapsista kuvan. Vaatetuksen perusteella kyseess\u00e4 ovat poika ja tytt\u00f6. Kaksosia on n\u00e4hty my\u00f6s Rikun my\u00f6hemmiss\u00e4 julkaisuissa.<\/p>\n<p>Lue my\u00f6s: <a href=\"https:\/\/www.como.fi\/uutiset\/riku-niemiselta-yllatys-et-voi-ostaa-paasylippua\/\" title=\"Riku Niemiselt\u00e4 yll\u00e4tys \u2013 \u201dEt voi ostaa p\u00e4\u00e4sylippua\u201d\" class=\"underline-custom !font-montserrat !font-bold !underline-offset-4 !decoration-4 !decoration-red-600 !text-md\" rel=\"nofollow noopener\" target=\"_blank\">Riku Niemiselt\u00e4 yll\u00e4tys \u2013 \u201dEt voi ostaa p\u00e4\u00e4sylippua\u201d<\/a><\/p>\n<p>Riku on kutsunut kaksosiaan julkaisuissaan Pilliksi ja Pullaksi. Nyt lapsilla on oikeat nimetkin.<\/p>\n<p>\u2013 \u201dPilli ja Pulla\u201d saivat nimet viime lauantaina! paljasti Riku julkaisussaan.<\/p>\n<p>Julkaisussa on monta kuvaa juhlista, joissa lasten nimet paljastettiin. Lapset ovat p\u00e4\u00e4sseet kuvien mukaan monien vieraiden ihasteltaviksi. Paikalla oli ollut julkaisun mukaan sek\u00e4 sukua ett\u00e4 yst\u00e4vi\u00e4.<\/p>\n<p>\u2013 Kaikki arvovieraamme eiv\u00e4t olleet l\u00e4sn\u00e4 paikan p\u00e4\u00e4ll\u00e4, mutta onneksi on \u00e4lyvapaat puhelimet joilla saimme soitella videopuheluita, kertoo Riku viel\u00e4.<\/p>\n<p>Riku mainitsee julkaisussaan maailman tilanteen ja toivoo, ett\u00e4 jokainen p\u00e4\u00e4sisi v\u00e4lill\u00e4 toivoa ja rakkautta sis\u00e4lt\u00e4viin tilanteisiin.<\/p>\n<p>Jos upotus ei n\u00e4y, avaa se auki <a href=\"https:\/\/www.instagram.com\/p\/DQpp6w9Cooo\/?utm_source=ig_web_copy_link&amp;igsh=MzRlODBiNWFlZA==\" target=\"_blank\" rel=\"noreferrer noopener nofollow\">t\u00e4st\u00e4<\/a>.<\/p>\n<p>Lue my\u00f6s: <a href=\"https:\/\/www.como.fi\/tilaa-comon-uutiskirje\/\" title=\"Tilaa Comon uutiskirje ja tied\u00e4t mist\u00e4 kahvitauolla puhutaan! Nappaa kotimaan tv-vinkit ja puheenaiheet suoraan s\u00e4hk\u00f6postiin t\u00e4st\u00e4.\" class=\"underline-custom !font-montserrat !font-bold !underline-offset-4 !decoration-4 !decoration-red-600 !text-md\" rel=\"nofollow noopener\" target=\"_blank\">Tilaa Comon uutiskirje ja tied\u00e4t mist\u00e4 kahvitauolla puhutaan! Nappaa kotimaan tv-vinkit ja puheenaiheet suoraan s\u00e4hk\u00f6postiin t\u00e4st\u00e4.<\/a><\/p>\n<p>\t\t\t<script async src=\"\/\/www.instagram.com\/embed.js\"><\/script><\/p>\n","protected":false},"excerpt":{"rendered":"N\u00e4yttelij\u00e4 Riku Nieminen paljasti syyskuussa saaneensa kaksoset. H\u00e4n teki sen julkaisemalla sometililleen lapsista kuvan. Vaatetuksen perusteella kyseess\u00e4 ovat&hellip;\n","protected":false},"author":2,"featured_media":82263,"comment_status":"","ping_status":"","sticky":false,"template":"","format":"standard","meta":{"footnotes":""},"categories":[136],"tags":[407,137,33,31,30,408,9070,32,109],"class_list":{"0":"post-82262","1":"post","2":"type-post","3":"status-publish","4":"format-standard","5":"has-post-thumbnail","7":"category-julkkikset","8":"tag-celebrities","9":"tag-entertainment","10":"tag-fi","11":"tag-finland","12":"tag-finnish","13":"tag-julkkikset","14":"tag-riku-nieminen","15":"tag-suomi","16":"tag-viihde"},"share_on_mastodon":{"url":"https:\/\/pubeurope.com\/@fi\/115499992548487583","error":""},"_links":{"self":[{"href":"https:\/\/www.europesays.com\/fi\/wp-json\/wp\/v2\/posts\/82262","targetHints":{"allow":["GET"]}}],"collection":[{"href":"https:\/\/www.europesays.com\/fi\/wp-json\/wp\/v2\/posts"}],"about":[{"href":"https:\/\/www.europesays.com\/fi\/wp-json\/wp\/v2\/types\/post"}],"author":[{"embeddable":true,"href":"https:\/\/www.europesays.com\/fi\/wp-json\/wp\/v2\/users\/2"}],"replies":[{"embeddable":true,"href":"https:\/\/www.europesays.com\/fi\/wp-json\/wp\/v2\/comments?post=82262"}],"version-history":[{"count":0,"href":"https:\/\/www.europesays.com\/fi\/wp-json\/wp\/v2\/posts\/82262\/revisions"}],"wp:featuredmedia":[{"embeddable":true,"href":"https:\/\/www.europesays.com\/fi\/wp-json\/wp\/v2\/media\/82263"}],"wp:attachment":[{"href":"https:\/\/www.europesays.com\/fi\/wp-json\/wp\/v2\/media?parent=82262"}],"wp:term":[{"taxonomy":"category","embeddable":true,"href":"https:\/\/www.europesays.com\/fi\/wp-json\/wp\/v2\/categories?post=82262"},{"taxonomy":"post_tag","embeddable":true,"href":"https:\/\/www.europesays.com\/fi\/wp-json\/wp\/v2\/tags?post=82262"}],"curies":[{"name":"wp","href":"https:\/\/api.w.org\/{rel}","templated":true}]}}