{"id":82288,"date":"2025-11-06T01:25:13","date_gmt":"2025-11-06T01:25:13","guid":{"rendered":"https:\/\/www.europesays.com\/fi\/82288\/"},"modified":"2025-11-06T01:25:13","modified_gmt":"2025-11-06T01:25:13","slug":"mikaan-fyysinen-naytto-ei-tue-sita-etta-ketaan-lapsista-olisi-hyvaksikaytetty-kommentoi-yhdysvaltalaisasiantuntija-auerin-lapsia-tutkineen-gynekologin-lausuntoa-uutissuomalainen","status":"publish","type":"post","link":"https:\/\/www.europesays.com\/fi\/82288\/","title":{"rendered":"&#8221;Mik\u00e4\u00e4n fyysinen n\u00e4ytt\u00f6 ei tue sit\u00e4, ett\u00e4 ket\u00e4\u00e4n lapsista olisi hyv\u00e4ksik\u00e4ytetty&#8221;, kommentoi yhdysvaltalaisasiantuntija Auerin lapsia tutkineen gynekologin lausuntoa | Uutissuomalainen"},"content":{"rendered":"<p>Anneli Auerin puolustuksen pyyt\u00e4m\u00e4 asiantuntijalausunto asettuu vahvasti eri kannalle kuin lapsia aikanaan tutkineen gynekologin tekem\u00e4t johtop\u00e4\u00e4t\u00f6kset.<\/p>\n<p>Gynekologin lausunnon mukaan lapsilla oli muun muassa arpia per\u00e4aukossa. Gynekologi kirjoitti, ett\u00e4 l\u00f6yd\u00f6kset sopivat lasten kertomuksiin ja ett\u00e4 niiden perusteella lapsi oli &#8221;eritt\u00e4in todenn\u00e4k\u00f6isesti joutunut poikkeuksellisen t\u00f6rke\u00e4n seksuaalirikoksen uhriksi&#8221;. My\u00f6hemmin h\u00e4n korjasi lausuntoa ja poisti niist\u00e4 rikosten todenn\u00e4k\u00f6isyytt\u00e4 koskevan kohdan.<\/p>\n<p>Yhdysvaltalainen l\u00e4\u00e4ketieteen tohtori ja Midwest Children&#8217;s Resource Centerin johtaja Mark Hudson sanoi kuvien perusteella ep\u00e4ilev\u00e4ns\u00e4, oliko kell\u00e4\u00e4n lapsista todellisuudessa aiempaan traumaan viittaavia l\u00f6yd\u00f6ksi\u00e4. H\u00e4n katsoi, ett\u00e4 gynekologi &#8221;ei kykene harkitsemaan mit\u00e4\u00e4n vaihtoehtoista hypoteesia ja osoittaa selke\u00e4\u00e4 ennakkoasenteellisuutta&#8221;. T\u00e4st\u00e4 kertoivat Hudsonin mukaan useat asiat, joiden gynekologi oli tulkinnut viittaavaan seksuaaliseen hyv\u00e4ksik\u00e4ytt\u00f6\u00f6n.<\/p>\n<p>\t\t\t\t&#8221;Paljon l\u00e4\u00e4ketieteellisi\u00e4 l\u00f6yd\u00f6ksi\u00e4&#8221;<\/p>\n<p>Hudson piti huolestuttavana, ett\u00e4 gynekologi teki niin paljon l\u00e4\u00e4ketieteellisi\u00e4 l\u00f6yd\u00f6ksi\u00e4. H\u00e4nen mukaansa l\u00e4\u00e4k\u00e4reill\u00e4 on aiemmin ollut tapana ylidiagnosoida traumaan liittyvi\u00e4 l\u00f6yd\u00f6ksi\u00e4. Todellisuudessa seksuaalisen hyv\u00e4ksik\u00e4yt\u00f6n uhriksi joutuneilla lapsilla on Hudsonin mukaan hyvin harvoin hyv\u00e4ksik\u00e4yt\u00f6n &#8221;vahvistavia&#8221; l\u00f6yd\u00f6ksi\u00e4 sukuelimiss\u00e4.<\/p>\n<p>Gynekologi on kirjoittanut vanhinta lasta koskevaan lausuntoon pit\u00e4v\u00e4ns\u00e4 &#8221;huolta aiheuttavana&#8221;, miten t\u00e4m\u00e4 vastasi sukuelimi\u00e4\u00e4n koskeviin kysymyksiin. Lausunnossa sanotaan tyt\u00f6n olleen nelj\u00e4st\u00e4 sisaruksesta ainoa, joka ei kertonut seksuaalirikoksista ja todetaan, ett\u00e4 jotkut lapset eiv\u00e4t kerro totuutta esimerkiksi h\u00e4pe\u00e4n takia.<\/p>\n<p>Hudson pit\u00e4\u00e4 gynekologin antamaa vaikutelmaa lapsen puhetavasta eritt\u00e4in spekulatiivisena, vastuuttomana ja ennakkoasenteellisuutta osoittavana.<\/p>\n<p>Lopuksi Hudson toteaa, ett\u00e4 normaalit l\u00e4\u00e4k\u00e4rintarkastukset eiv\u00e4t voi sulkea pois hyv\u00e4ksik\u00e4yt\u00f6n mahdollisuutta ja ett\u00e4 useimpien hyv\u00e4ksik\u00e4ytettyjen lasten tutkimustulokset ovat normaaleja.<\/p>\n<p>\u2013\u2009T\u00e4ss\u00e4 tapauksessa mik\u00e4\u00e4n fyysinen n\u00e4ytt\u00f6 ei tue sit\u00e4, ett\u00e4 ket\u00e4\u00e4n lapsista olisi hyv\u00e4ksik\u00e4ytetty. Yht\u00e4 lailla l\u00e4\u00e4ketieteellisen n\u00e4yt\u00f6n puuttuminen ei tarkoita, etteik\u00f6 hyv\u00e4ksik\u00e4ytt\u00f6\u00e4 olisi tapahtunut.<\/p>\n<p>\t\t\t\tVuosien vankeusrangaistukset<\/p>\n<p>Auer ja h\u00e4nen entinen miesyst\u00e4v\u00e4ns\u00e4 tuomittiin seksuaali- ja v\u00e4kivaltarikoksista vuosien vankeuteen Turun hovioikeudessa vuonna 2013. Auer sai seitsem\u00e4n ja puoli vuotta ja h\u00e4nen entinen miesyst\u00e4v\u00e4ns\u00e4 kymmenen vuotta vankeutta.<\/p>\n<p>Viime vuonna korkein oikeus p\u00e4\u00e4tyi purkamaan tuomion p\u00e4\u00e4osin, sill\u00e4 jutussa asianomistajina olleet Auerin lapset ovat aikuistuttuaan kertoneet valehdelleensa rikoksista. Valtakunnansyytt\u00e4j\u00e4 p\u00e4\u00e4tti vuoden alussa kuitenkin jatkaa syytteen ajamista uudessa oikeudenk\u00e4ynniss\u00e4.<\/p>\n<p>Syyte mukailee Turun hovioikeuden langettavaa tuomiota. Sen mukaan Auer ja mies tekiv\u00e4t lapsille moninaista fyysist\u00e4 ja seksuaalista v\u00e4kivaltaa vuosina 2007\u20132009. Lis\u00e4ksi heid\u00e4n syytet\u00e4\u00e4n muun muassa kahlinneen lapsia, kuvanneen n\u00e4it\u00e4 alasti sek\u00e4 viillelleen n\u00e4it\u00e4.<\/p>\n<p>T\u00e4ll\u00e4 viikolla oikeudessa kuultiin Auerin nuorinta lasta. Tyt\u00e4r oli kolmevuotias v\u00e4itettyjen rikosten alkamisen aikaan vuonna 2007 ja seitsem\u00e4nvuotias lasten alettua kertoa niist\u00e4. Muita Auerin kolmea lasta kuullaan oikeudenk\u00e4ynniss\u00e4 marraskuun aikana.<\/p>\n<p>Joulukuun ensimm\u00e4isell\u00e4 viikolla siirryt\u00e4\u00e4n Auerin ja t\u00e4m\u00e4n entisen miesyst\u00e4v\u00e4n kuulemisiin. Sen j\u00e4lkeen vuorossa ovat muun muassa lasten sijaisvanhemmat sek\u00e4 alkuper\u00e4isess\u00e4 rikosprosessissa kuultuja l\u00e4\u00e4k\u00e4reit\u00e4 ja muita asiantuntijoita.<\/p>\n<p>Oikeudenk\u00e4ynti kest\u00e4\u00e4 ensi vuoden puolelle asti.<\/p>\n","protected":false},"excerpt":{"rendered":"Anneli Auerin puolustuksen pyyt\u00e4m\u00e4 asiantuntijalausunto asettuu vahvasti eri kannalle kuin lapsia aikanaan tutkineen gynekologin tekem\u00e4t johtop\u00e4\u00e4t\u00f6kset. Gynekologin lausunnon&hellip;\n","protected":false},"author":2,"featured_media":82289,"comment_status":"","ping_status":"","sticky":false,"template":"","format":"standard","meta":{"footnotes":""},"categories":[5],"tags":[22,23,26,27,33,31,30,17,5856,2288,53,24,25,28,29,15,977,976,18,21,38,32,19,20,1727,16],"class_list":{"0":"post-82288","1":"post","2":"type-post","3":"status-publish","4":"format-standard","5":"has-post-thumbnail","7":"category-otsikot","8":"tag-breaking-news","9":"tag-breakingnews","10":"tag-featured-news","11":"tag-featurednews","12":"tag-fi","13":"tag-finland","14":"tag-finnish","15":"tag-headlines","16":"tag-joulu","17":"tag-karajaoikeus","18":"tag-laki-oikeus-ja-rikos","19":"tag-latest-news","20":"tag-latestnews","21":"tag-main-news","22":"tag-mainnews","23":"tag-news","24":"tag-oikeusistuimet","25":"tag-oikeusprosessit","26":"tag-otsikot","27":"tag-paauutiset","28":"tag-rikos","29":"tag-suomi","30":"tag-top-stories","31":"tag-topstories","32":"tag-tuomiot","33":"tag-uutiset"},"share_on_mastodon":{"url":"https:\/\/pubeurope.com\/@fi\/115500149822895243","error":""},"_links":{"self":[{"href":"https:\/\/www.europesays.com\/fi\/wp-json\/wp\/v2\/posts\/82288","targetHints":{"allow":["GET"]}}],"collection":[{"href":"https:\/\/www.europesays.com\/fi\/wp-json\/wp\/v2\/posts"}],"about":[{"href":"https:\/\/www.europesays.com\/fi\/wp-json\/wp\/v2\/types\/post"}],"author":[{"embeddable":true,"href":"https:\/\/www.europesays.com\/fi\/wp-json\/wp\/v2\/users\/2"}],"replies":[{"embeddable":true,"href":"https:\/\/www.europesays.com\/fi\/wp-json\/wp\/v2\/comments?post=82288"}],"version-history":[{"count":0,"href":"https:\/\/www.europesays.com\/fi\/wp-json\/wp\/v2\/posts\/82288\/revisions"}],"wp:featuredmedia":[{"embeddable":true,"href":"https:\/\/www.europesays.com\/fi\/wp-json\/wp\/v2\/media\/82289"}],"wp:attachment":[{"href":"https:\/\/www.europesays.com\/fi\/wp-json\/wp\/v2\/media?parent=82288"}],"wp:term":[{"taxonomy":"category","embeddable":true,"href":"https:\/\/www.europesays.com\/fi\/wp-json\/wp\/v2\/categories?post=82288"},{"taxonomy":"post_tag","embeddable":true,"href":"https:\/\/www.europesays.com\/fi\/wp-json\/wp\/v2\/tags?post=82288"}],"curies":[{"name":"wp","href":"https:\/\/api.w.org\/{rel}","templated":true}]}}