{"id":82316,"date":"2025-11-06T02:29:13","date_gmt":"2025-11-06T02:29:13","guid":{"rendered":"https:\/\/www.europesays.com\/fi\/82316\/"},"modified":"2025-11-06T02:29:13","modified_gmt":"2025-11-06T02:29:13","slug":"kuningatar-silvian-selan-takana-tehty-paatos-herattaa-raivoa-goteborgissa-sairaalaklovnit-saavat-potkut","status":"publish","type":"post","link":"https:\/\/www.europesays.com\/fi\/82316\/","title":{"rendered":"Kuningatar Silvian sel\u00e4n takana tehty p\u00e4\u00e4t\u00f6s her\u00e4tt\u00e4\u00e4 raivoa G\u00f6teborgissa &#8211; sairaalaklovnit saavat potkut"},"content":{"rendered":"<p>            Hanne Juul \/ Aller Foto &amp; video\n        <\/p>\n<p class=\"subtitle \">G\u00f6teborgilainen klovniyhteis\u00f6 on raivoissaan p\u00e4\u00e4t\u00f6ksest\u00e4.<\/p>\n<p class=\"article-content article-content-width !bg-background\">Kuningatar  vieraili nime\u00e4\u00e4n kantavassa G\u00f6teborgin lastensairaalassa vuonna 2009. Sen j\u00e4lkeen jokin on mennyt vikaan.<\/p>\n<p class=\"font-weight-bold m-font-weight-bold article-content article-content-width !bg-background\">Arkistovideo: Silvia kehitteli viime kes\u00e4n\u00e4 erikoisvirityksen<\/p>\n<p class=\"article-content article-content-width !bg-background\"> Silvian vieraillessa sairaalassa, paikalla oli sek\u00e4 lapsipotilaiden ett\u00e4 Silvian suureksi iloksi sairaalaklovneja, <a href=\"https:\/\/www.svenskdam.se\/kungligt\/avslojat-lakarna-tog-beslut-bakom-ryggen-pa-drottning-silvia\/11108004\" target=\"_blank\" rel=\"nofollow noopener\">Svensk Dam kertoo<\/a>.<\/p>\n<p class=\"article-content article-content-width !bg-background\">Nyt klovneille on kuitenkin p\u00e4\u00e4tetty antaa pellekeng\u00e4n kuva ahteriin ja korvata muulla viihteell\u00e4. P\u00e4\u00e4t\u00f6s on tehty sairaalan suojelijan sel\u00e4n takana.<\/p>\n<p class=\"article-content article-content-width !bg-background\">\u2013 Klovneja voi ehdottomasti esiinty\u00e4 jatkossakin, mutta<br \/>\nhaluamme kehitt\u00e4\u00e4 ja laajentaa sairaalan kulttuuritarjontaa palkkaamalla<br \/>\nkokop\u00e4iv\u00e4isen taiteilijan leikkiterapiaan, <a href=\"https:\/\/www.gp.se\/nyheter\/goteborg\/clownerna-forsvinner-fran-barnsjukhuset-i-goteborg.c1aa9bc0-c6e9-4424-bfb6-00401de1b7d9\" target=\"_blank\" rel=\"nofollow noopener\">kirjoittaa sairaalan ylil\u00e4\u00e4k\u00e4ri<br \/>\nG\u00f6teborgs-Postenille<\/a>.<\/p>\n<p>Klovnit raivoissaan<\/p>\n<p class=\"article-content article-content-width !bg-background\">P\u00e4\u00e4t\u00f6s on her\u00e4tt\u00e4nyt suurta paheksuntaa, tietysti erityisesti sairaalaklovnitoimintaa tarjonneessa yhteis\u00f6ss\u00e4.<\/p>\n<p>        <a itemprop=\"url\" href=\"https:\/\/www.seiska.fi\/kuninkaalliset\/ruotsin-hovilta-ilouutinen-uusi-perheenjasen\/1907976\" rel=\"nofollow noopener\" target=\"_blank\"><\/p>\n<p>\nKaarle Kustaa ja Silvia\n<\/p>\n<p class=\"section-date\">\n        <strong class=\"article-section\" data-section=\"kuninkaalliset\"><br \/>\n            kuninkaalliset<br \/>\n        <\/strong><br \/>\n        25.8. 09:32\n    <\/p>\n<p>Ruotsin hovilta ilouutinen: Uusi perheenj\u00e4sen!\n    <\/p>\n<p itemprop=\"description\" class=\"subtitle \">\n    Silvia on my\u00f6nt\u00e4nyt olevansa joskus hieman mustasukkainen Kaarle Kustaan huomiosta.\n<\/p>\n<p>        <\/a><\/p>\n<p class=\"article-content article-content-width !bg-background\">Clownmannenina tunnettu  on raivostunut l\u00e4\u00e4k\u00e4reiden suunnitelmista hyl\u00e4t\u00e4 sairaalaklovnit.\u00a0H\u00e4n uskoo, ett\u00e4 Silvia olisi ehdottomasti vastustanut p\u00e4\u00e4t\u00f6st\u00e4, jos h\u00e4nelt\u00e4 olisi kysytty.<\/p>\n<p class=\"article-content article-content-width !bg-background\">\u2013 En usko, ett\u00e4 kuningattarelta itselt\u00e4\u00e4n on edes kysytty, h\u00e4nelt\u00e4, joka on antanut nimens\u00e4 sairaalalle. Kuningatar Silvia haluaa, ett\u00e4 lapsilla on hyv\u00e4 olla, Clownmannen sanoo P4 G\u00f6teborgille.<\/p>\n<p>        <a itemprop=\"url\" href=\"https:\/\/www.seiska.fi\/katso\/nain-kavi-korpelan-kujanjuoksu-sarjan-tahdille-sairaalaklovni-ja-lastenohjelman-nalle\/1536311\" rel=\"nofollow noopener\" target=\"_blank\"><\/p>\n<p class=\"section-date\">\n        <strong class=\"article-section\" data-section=\"katso\"><br \/>\n            katso<br \/>\n        <\/strong><br \/>\n        1.12.2024 16:15\n    <\/p>\n<p>N\u00e4in k\u00e4vi Korpelan kujanjuoksu -sarjan t\u00e4hdille \u2013 sairaalaklovni ja lastenohjelman nalle\n    <\/p>\n<p itemprop=\"description\" class=\"subtitle \">\n    Aikansa suosikkisarja Korpelan kujanjuoksu py\u00f6rii paraikaa televisiossa. Mit\u00e4 k\u00e4vik\u00e4\u00e4n sarjan t\u00e4hdille ohjelman j\u00e4lkeen?\n<\/p>\n<p>        <\/a><\/p>\n<p class=\"article-content article-content-width !bg-background\">Sairaalan ylil\u00e4\u00e4k\u00e4ri puolestaan muistuttaa, ett\u00e4 klovneja on ollut tarjolla nelj\u00e4 tuntia kahtena p\u00e4iv\u00e4n\u00e4 viikossa. Uudella j\u00e4rjestelyll\u00e4 saadaan lapsille toimintaa useammalle p\u00e4iv\u00e4lle, jopa joka p\u00e4iv\u00e4ksi.<\/p>\n<p>Tutkimus tukee klovnien k\u00e4ytt\u00f6\u00e4<\/p>\n<p class=\"article-content article-content-width !bg-background\">Clownmannen muistuttaa, ett\u00e4 l\u00e4\u00e4kitsemisen lis\u00e4ksi leikki ja mielikuvituksen ravitseminen nopeuttavat paranemista.<\/p>\n<p>        <a itemprop=\"url\" href=\"https:\/\/www.seiska.fi\/rikos\/rikostutkija-tuomas-pelkonen-tempaisee-nyt-lasten-hyvaksi-auttamishaluni-kumpuaa-syvalta\/563421\" rel=\"nofollow noopener\" target=\"_blank\"><\/p>\n<p class=\"section-date\">\n        <strong class=\"article-section\" data-section=\"rikos\"><br \/>\n            rikos<br \/>\n        <\/strong><br \/>\n        12.4.2018 11:29\n    <\/p>\n<p>Rikostutkija Tuomas Pelkonen tempaisee nyt lasten hyv\u00e4ksi: Auttamishaluni kumpuaa syv\u00e4lt\u00e4!\n    <\/p>\n<p>        <\/a><\/p>\n<p class=\"article-content article-content-width !bg-background\">\u2013 Siit\u00e4 on tutkimustietoa. Taalainmaalla tehtiin t\u00e4n\u00e4 vuonna tutkimus asiasta, ja se tukee t\u00e4t\u00e4. Ihmettelen, ettei sairaalassa ole paneuduttu t\u00e4h\u00e4n.<\/p>\n<p class=\"article-content article-content-width !bg-background\">Klovnien l\u00e4sn\u00e4olo v\u00e4hent\u00e4\u00e4 ahdistusta ja kipua muun muassa neulank\u00e4yt\u00f6ss\u00e4 ja n\u00e4ytteenotossa, jolloin pienten lasten itku v\u00e4henee.<\/p>\n<p class=\"article-content article-content-width !bg-background\">Lis\u00e4ksi tutkimuskatsauksesta k\u00e4y ilmi, ett\u00e4 sairaalaklovnit voivat my\u00f6t\u00e4vaikuttaa sairaalassa vietetyn ajan lyhentymiseen.<\/p>\n<p>        <a itemprop=\"url\" href=\"https:\/\/www.seiska.fi\/kuninkaalliset\/kuningatar-silvian-kauhunhetket-suomalaisjulkkis-livahti-kuninkaanlinnaan\/1956028\" rel=\"nofollow noopener\" target=\"_blank\"><\/p>\n<p>\nKuningatar Silvian kauhunhetket\n<\/p>\n<p class=\"section-date\">\n        <strong class=\"article-section\" data-section=\"kuninkaalliset\"><br \/>\n            kuninkaalliset<br \/>\n        <\/strong><br \/>\n        8.10. 20:44\n    <\/p>\n<p>Kuningatar Silvian kauhunhetket: Suomalaisjulkkis livahti kuninkaanlinnaan!\n    <\/p>\n<p itemprop=\"description\" class=\"subtitle \">\n    Kuningatar j\u00e4rkyttyi n\u00e4hdess\u00e4\u00e4n luvattoman vierailijan.\n<\/p>\n<p>        <\/a><\/p>\n","protected":false},"excerpt":{"rendered":"Hanne Juul \/ Aller Foto &amp; video G\u00f6teborgilainen klovniyhteis\u00f6 on raivoissaan p\u00e4\u00e4t\u00f6ksest\u00e4. Kuningatar vieraili nime\u00e4\u00e4n kantavassa G\u00f6teborgin lastensairaalassa&hellip;\n","protected":false},"author":2,"featured_media":82317,"comment_status":"","ping_status":"","sticky":false,"template":"","format":"standard","meta":{"footnotes":""},"categories":[136],"tags":[407,137,33,31,30,10733,408,108,4550,99,1127,17079,17078,110,2274,1304,9030,17080,32,167,109],"class_list":{"0":"post-82316","1":"post","2":"type-post","3":"status-publish","4":"format-standard","5":"has-post-thumbnail","7":"category-julkkikset","8":"tag-celebrities","9":"tag-entertainment","10":"tag-fi","11":"tag-finland","12":"tag-finnish","13":"tag-goteborg","14":"tag-julkkikset","15":"tag-kulttuuri","16":"tag-kuningatar-silvia","17":"tag-lapset","18":"tag-lapsi","19":"tag-lapsipotilas","20":"tag-lastensairaala","21":"tag-ruotsi","22":"tag-ruotsin-kuninkaalliset","23":"tag-sairaala","24":"tag-sairaalahoito","25":"tag-sairaalaklovnit","26":"tag-suomi","27":"tag-terveys","28":"tag-viihde"},"share_on_mastodon":{"url":"https:\/\/pubeurope.com\/@fi\/115500401524498564","error":""},"_links":{"self":[{"href":"https:\/\/www.europesays.com\/fi\/wp-json\/wp\/v2\/posts\/82316","targetHints":{"allow":["GET"]}}],"collection":[{"href":"https:\/\/www.europesays.com\/fi\/wp-json\/wp\/v2\/posts"}],"about":[{"href":"https:\/\/www.europesays.com\/fi\/wp-json\/wp\/v2\/types\/post"}],"author":[{"embeddable":true,"href":"https:\/\/www.europesays.com\/fi\/wp-json\/wp\/v2\/users\/2"}],"replies":[{"embeddable":true,"href":"https:\/\/www.europesays.com\/fi\/wp-json\/wp\/v2\/comments?post=82316"}],"version-history":[{"count":0,"href":"https:\/\/www.europesays.com\/fi\/wp-json\/wp\/v2\/posts\/82316\/revisions"}],"wp:featuredmedia":[{"embeddable":true,"href":"https:\/\/www.europesays.com\/fi\/wp-json\/wp\/v2\/media\/82317"}],"wp:attachment":[{"href":"https:\/\/www.europesays.com\/fi\/wp-json\/wp\/v2\/media?parent=82316"}],"wp:term":[{"taxonomy":"category","embeddable":true,"href":"https:\/\/www.europesays.com\/fi\/wp-json\/wp\/v2\/categories?post=82316"},{"taxonomy":"post_tag","embeddable":true,"href":"https:\/\/www.europesays.com\/fi\/wp-json\/wp\/v2\/tags?post=82316"}],"curies":[{"name":"wp","href":"https:\/\/api.w.org\/{rel}","templated":true}]}}