{"id":82351,"date":"2025-11-06T03:47:11","date_gmt":"2025-11-06T03:47:11","guid":{"rendered":"https:\/\/www.europesays.com\/fi\/82351\/"},"modified":"2025-11-06T03:47:11","modified_gmt":"2025-11-06T03:47:11","slug":"juuso-kopi-kallio-repii-huumoria-omasta-suorituskeskeisyydestaan-ja-hapeasta-olen-aika-mulkvisti-itseani-kohtaan-uutissuomalainen","status":"publish","type":"post","link":"https:\/\/www.europesays.com\/fi\/82351\/","title":{"rendered":"Juuso &#8221;K\u00f6pi&#8221; Kallio repii huumoria omasta suorituskeskeisyydest\u00e4\u00e4n ja h\u00e4pe\u00e4st\u00e4 \u2013 &#8221;Olen aika mulkvisti itse\u00e4ni kohtaan&#8221;\u2009 | Uutissuomalainen"},"content":{"rendered":"<p>Radiojuontajana ja televisiokasvona tutuksi tullut Kallio haluaa naurattaa ihmisi\u00e4 omalla sooloesityksell\u00e4\u00e4n, mutta siin\u00e4 sivussa joku saattaa liikuttua.<\/p>\n<p>Naurunremakan j\u00e4lkeen katsomoon laskeutuu hiljaisuus. Kovimmankin kikattajan \u00e4\u00e4ni vaimenee. Shh, k\u00e4\u00e4nne tulossa.<\/p>\n<p>Valospotin alla seisoo siniseen farkkuasuun pukeutunut <strong>Juuso <\/strong>&#8221;<strong>K\u00f6pi&#8221; Kallio<\/strong>, vieress\u00e4\u00e4n mikrofoni standeineen sek\u00e4 baarijakkara, jolla on lasi vett\u00e4.<\/p>\n<p>S\u00e4hk\u00f6laitteet surisevat. Yleis\u00f6 pid\u00e4tt\u00e4\u00e4 henke\u00e4\u00e4n. Kallio on edennyt esityksess\u00e4\u00e4n kohtaan, jossa katsoja tunnistaa draaman kaaren kannalta olennaisen kohdan.<\/p>\n<p>Pian saadaan varmaan taas nauraa. Vai saadaanko?<\/p>\n","protected":false},"excerpt":{"rendered":"Radiojuontajana ja televisiokasvona tutuksi tullut Kallio haluaa naurattaa ihmisi\u00e4 omalla sooloesityksell\u00e4\u00e4n, mutta siin\u00e4 sivussa joku saattaa liikuttua. Naurunremakan&hellip;\n","protected":false},"author":2,"featured_media":82352,"comment_status":"","ping_status":"","sticky":false,"template":"","format":"standard","meta":{"footnotes":""},"categories":[136],"tags":[138,407,137,17084,33,31,30,408,5660,4069,1999,32,484,139,109],"class_list":{"0":"post-82351","1":"post","2":"type-post","3":"status-publish","4":"format-standard","5":"has-post-thumbnail","7":"category-julkkikset","8":"tag-audio","9":"tag-celebrities","10":"tag-entertainment","11":"tag-esiintyjat","12":"tag-fi","13":"tag-finland","14":"tag-finnish","15":"tag-julkkikset","16":"tag-stand-up","17":"tag-sunnuntaisuomalainen","18":"tag-suomalaiset-tv-ohjelmat","19":"tag-suomi","20":"tag-taiteellinen-ilmaisu-ja-mediat","21":"tag-tv-ohjelmat","22":"tag-viihde"},"share_on_mastodon":{"url":"https:\/\/pubeurope.com\/@fi\/115500708217474954","error":""},"_links":{"self":[{"href":"https:\/\/www.europesays.com\/fi\/wp-json\/wp\/v2\/posts\/82351","targetHints":{"allow":["GET"]}}],"collection":[{"href":"https:\/\/www.europesays.com\/fi\/wp-json\/wp\/v2\/posts"}],"about":[{"href":"https:\/\/www.europesays.com\/fi\/wp-json\/wp\/v2\/types\/post"}],"author":[{"embeddable":true,"href":"https:\/\/www.europesays.com\/fi\/wp-json\/wp\/v2\/users\/2"}],"replies":[{"embeddable":true,"href":"https:\/\/www.europesays.com\/fi\/wp-json\/wp\/v2\/comments?post=82351"}],"version-history":[{"count":0,"href":"https:\/\/www.europesays.com\/fi\/wp-json\/wp\/v2\/posts\/82351\/revisions"}],"wp:featuredmedia":[{"embeddable":true,"href":"https:\/\/www.europesays.com\/fi\/wp-json\/wp\/v2\/media\/82352"}],"wp:attachment":[{"href":"https:\/\/www.europesays.com\/fi\/wp-json\/wp\/v2\/media?parent=82351"}],"wp:term":[{"taxonomy":"category","embeddable":true,"href":"https:\/\/www.europesays.com\/fi\/wp-json\/wp\/v2\/categories?post=82351"},{"taxonomy":"post_tag","embeddable":true,"href":"https:\/\/www.europesays.com\/fi\/wp-json\/wp\/v2\/tags?post=82351"}],"curies":[{"name":"wp","href":"https:\/\/api.w.org\/{rel}","templated":true}]}}