{"id":82381,"date":"2025-11-06T04:39:09","date_gmt":"2025-11-06T04:39:09","guid":{"rendered":"https:\/\/www.europesays.com\/fi\/82381\/"},"modified":"2025-11-06T04:39:09","modified_gmt":"2025-11-06T04:39:09","slug":"tangokuninas-kari-hirvonen-otti-salarakkaan-keikkamatkalleen-tukholmaan-vaimo-kotona-lasten-kanssa","status":"publish","type":"post","link":"https:\/\/www.europesays.com\/fi\/82381\/","title":{"rendered":"Tangokuninas Kari Hirvonen otti salarakkaan keikkamatkalleen Tukholmaan: Vaimo kotona lasten kanssa"},"content":{"rendered":"<p>\n            Kari nauttii keikka- ja perhearjesta. \u2013 Haluan olla l\u00e4sn\u00e4oleva is\u00e4 vuoden ik\u00e4iselle pojalleni.<\/p>\n<p class=\"subtitle \">Suosikkilaulajaa odottaa kotona avopuoliso ja kaksi pient\u00e4 lasta.<\/p>\n<p class=\"article-content article-content-width !bg-background\">Iskelm\u00e4t\u00e4hti , 42, on hehkuttanut viime vuosina julkisuudessa onnellista<br \/>\nperhe-el\u00e4m\u00e4\u00e4ns\u00e4. Karin ja h\u00e4nen pitk\u00e4aikaisen avopuolisonsa perheonni t\u00e4ydentyi<br \/>\nkev\u00e4\u00e4ll\u00e4 toisella lapsella. Samaan aikaan laulajahurmuri on kuitenkin Seiskan<br \/>\nselvityksen mukaan viett\u00e4nyt keikkareissuillaan kaksoisel\u00e4m\u00e4\u00e4.<\/p>\n<p class=\"article-content article-content-width !bg-background\">Vuoden 2003<br \/>\ntangokuningas on Seiskan tietojen heilastellut jo kuukausien ajan kahdeksan<br \/>\nvuotta nuoremman tummaverik\u00f6n kanssa.\u00a0<\/p>\n<p>        <a itemprop=\"url\" href=\"https:\/\/www.seiska.fi\/kotimaa\/haista-haaveileva-kari-hirvonen-nauttii-taas-keikka-ja-perhearjesta-haluan-olla-lasna-oleva-isa\/1803468\" rel=\"nofollow noopener\" target=\"_blank\"><\/p>\n<p class=\"section-date\">\n        <strong class=\"article-section\" data-section=\"kotimaa\"><br \/>\n            kotimaa<br \/>\n        <\/strong><br \/>\n        18.8.2021 07:01\n    <\/p>\n<p>H\u00e4ist\u00e4 haaveileva Kari Hirvonen nauttii taas keikka- ja perhearjesta: Haluan olla l\u00e4sn\u00e4 oleva is\u00e4\n    <\/p>\n<p>        <\/a><\/p>\n<p>Julkinen salaisuus<\/p>\n<p class=\"article-content article-content-width !bg-background\">Suhde on ollut jo<br \/>\npidemp\u00e4\u00e4n Karin keikoilla julkinen salaisuus, mik\u00e4 on her\u00e4tt\u00e4nyt laulajan uskollisten<br \/>\nfanien keskuudessa paheksuntaa.<\/p>\n<p class=\"article-content article-content-width !bg-background\"> \u2013 Nainen on kertonut yst\u00e4villeen Karin luvanneen<br \/>\ntaluttaa h\u00e4net alttarille, mutta n\u00e4ht\u00e4v\u00e4ksi j\u00e4\u00e4, Seiskalle kerrotaan.<\/p>\n<p class=\"article-content article-content-width !bg-background\">Salarakkaan tiedet\u00e4\u00e4n<br \/>\nk\u00e4yneen alkuun Karin tanssikeikoilla, mit\u00e4 kautta kaksikon v\u00e4lit ovat l\u00e4mmenneet.\n<\/p>\n<p class=\"article-content article-content-width !bg-background\">Viimeksi daami<br \/>\nn\u00e4htiin kultakurkun mukana 27.\u201329. lokakuuta Turusta Tukholmaan suunnanneella<br \/>\nlaivakeikalla M\/S Baltic Princessill\u00e4. Kyseess\u00e4 oli kahden y\u00f6n mittainen<br \/>\nristeily, jonne Seiskan reportteri hypp\u00e4si mukaan todistamaan suhteen laatua.<\/p>\n<p>        <a itemprop=\"url\" href=\"https:\/\/www.seiska.fi\/kotimaa\/tangokuningas-kari-hirvosen-haasuunnitelmiin-takapakkia-emme-ole-edes-kihloissa\/271274\" rel=\"nofollow noopener\" target=\"_blank\"><\/p>\n<p class=\"section-date\">\n        <strong class=\"article-section\" data-section=\"kotimaa\"><br \/>\n            kotimaa<br \/>\n        <\/strong><br \/>\n        25.6.2022 10:30\n    <\/p>\n<p>Tangokuningas Kari Hirvosen h\u00e4\u00e4suunnitelmiin takapakkia \u2013 \u201dEmme ole edes kihloissa\u201d\n    <\/p>\n<p>        <\/a><\/p>\n<p>Livahti samaan<br \/>\nhyttiin<\/p>\n<p class=\"article-content article-content-width !bg-background\">Paljastui, ett\u00e4 Karilla oli paremman luokan keulahytti, johon nainen livahti<br \/>\nlaukkuineen heti laivan irrottua Turun satamasta. Kari oli seuralaistaan hytiss\u00e4<br \/>\nvastassa, sill\u00e4 esiintyj\u00e4n\u00e4 h\u00e4n oli p\u00e4\u00e4ssyt laivaan muita matkustajia aiemmin.<\/p>\n<p class=\"article-content article-content-width !bg-background\">Nainen ilmaantui<br \/>\nlaivan y\u00f6kerhoon aina Karin vanavedess\u00e4 t\u00e4m\u00e4n noustessa lavalle<br \/>\nOnnent\u00e4hti-orkesterinsa kanssa. Keikkojen v\u00e4liss\u00e4 laulaja k\u00e4vi pusuttelemassa<br \/>\nsalarakastaan h\u00e4m\u00e4r\u00e4n y\u00f6kerhon yl\u00e4parvella ennen palaamistaan lavalle.<\/p>\n<p class=\"article-content article-content-width !bg-background\">Paluumatkalla parivaljakko<br \/>\nliimautui toistensa kylkeen kosmetiikkamyym\u00e4l\u00e4ss\u00e4. Pari teki ostoksia yhdess\u00e4,<br \/>\nmink\u00e4 j\u00e4lkeen he poistuivat yht\u00e4 matkaa samaan hyttiin.<\/p>\n<p>                <img decoding=\"async\" src=\"https:\/\/www.europesays.com\/fi\/wp-content\/uploads\/2025\/11\/1982283.webp\" width=\"456\" height=\"217\" alt=\"Ex-tangokuninkaan vasemmassa nimett\u00f6m\u00e4ss\u00e4 komeili kihlasormus. Seiskan tietojen mukaan Kari kihlasi avopuolisonsa pari vuotta sitten.\" loading=\"lazy\" \/>            <\/p>\n<p>\n            Ex-tangokuninkaan vasemmassa nimett\u00f6m\u00e4ss\u00e4 komeili kihlasormus. Seiskan tietojen mukaan Kari kihlasi avopuolisonsa pari vuotta sitten.<br \/>\n            Juhamatti Nieminen\n        <\/p>\n<p>Lemmenloma<br \/>\nsuunnitteilla<\/p>\n<p class=\"article-content article-content-width !bg-background\">Seiskan tietojen<br \/>\nmukaan tummaverikk\u00f6 viihtyi Karin seurassa jo kev\u00e4\u00e4n laivakeikoilla. H\u00e4n on<br \/>\nkulkenut Karin mukana my\u00f6s tanssikeikoilla pitkin viime kev\u00e4tt\u00e4 ja kes\u00e4\u00e4 muun<br \/>\nmuassa Keuruulla ja V\u00e4\u00e4ksyn Tallukassa.<\/p>\n<p class=\"article-content article-content-width !bg-background\">\u2013 Naisella on ollut<br \/>\naikeita l\u00e4hte\u00e4 Karin mukaan my\u00f6s tammikuussa Kanarialle yhdistetylle keikka- ja<br \/>\nlemmenlomalle, l\u00e4hipiirist\u00e4 paljastetaan.<\/p>\n<p class=\"article-content article-content-width !bg-background\">L\u00e4hipiirin mukaan<br \/>\nKarin avovaimo ei ole suhteesta tietoinen. Heill\u00e4 on kaksi yhteist\u00e4 lasta.<br \/>\nLis\u00e4ksi puoliso istuu Karin luotsaaman Musakunkku Ky:n hallituksessa.<\/p>\n<p>Kohautti<br \/>\ntangovuonna<\/p>\n<p class=\"article-content article-content-width !bg-background\">Kari ei ole<br \/>\nensimm\u00e4ist\u00e4 kertaa otsikoissa naiskuvioidensa takia.<\/p>\n<p>                <img decoding=\"async\" src=\"https:\/\/www.europesays.com\/fi\/wp-content\/uploads\/2025\/11\/1609329.webp\" width=\"576\" height=\"274\" alt=\"Saija Tuupanen ja Kari Hirvonen kruunattiin tangokuninkaallisiksi vuonna 2003. Heist\u00e4 tuli my\u00f6s pariskunta toviksi.\" loading=\"lazy\" \/>            <\/p>\n<p>\n            Saija Tuupanen ja Kari Hirvonen kruunattiin tangokuninkaallisiksi vuonna 2003. Heist\u00e4 tuli my\u00f6s pariskunta toviksi.<br \/>\n            Timo Vottonen\n        <\/p>\n<p class=\"article-content article-content-width !bg-background\">Ensimm\u00e4inen syntyi<br \/>\nheti kruunajaisvuonna 2003, kun Kari erosi raskaana olleesta naisyst\u00e4v\u00e4st\u00e4\u00e4n ja<br \/>\nalkoi seurustella saman vuoden tangokuningattaren  kanssa.<\/p>\n<p class=\"article-content article-content-width !bg-background\">Tangokuninkaallisten<br \/>\nsuhde kuihtui nopeasti, kun Kari palasi takaisin ex\u00e4ns\u00e4 luo. Suhteesta syntyi<br \/>\nKarin esikoinen, nyt jo aikuinen tyt\u00e4r.<\/p>\n<p>Kihlat purettiin<\/p>\n<p class=\"article-content article-content-width !bg-background\">Perhe-el\u00e4m\u00e4 ei<br \/>\nkuitenkaan ottanut sujuakseen, mink\u00e4 j\u00e4lkeen Kari l\u00f6i uudelleen hynttyyt yhteen<br \/>\nSaijan kanssa. Pari kihlautui vuonna 2005, mutta he erosivat jo seuraavana<br \/>\nvuonna.<\/p>\n<p class=\"article-content article-content-width !bg-background\">Eron j\u00e4lkeen<br \/>\nKarilla meno vain kiihtyi. Naiset vaihtuivat lennosta ja kohujakin riitti.<\/p>\n<p>        <a itemprop=\"url\" href=\"https:\/\/www.seiska.fi\/kotimaa\/iskelmatahti-kari-hirvonen-palasi-viinasotkujen-jalkeen-noyrana-keikkalavoille-en-ole-enaa-kaksikymppinen\/955383\" rel=\"nofollow noopener\" target=\"_blank\"><\/p>\n<p class=\"section-date\">\n        <strong class=\"article-section\" data-section=\"kotimaa\"><br \/>\n            kotimaa<br \/>\n        <\/strong><br \/>\n        13.8.2021 13:01\n    <\/p>\n<p>Iskelm\u00e4t\u00e4hti Kari Hirvonen palasi viinasotkujen j\u00e4lkeen n\u00f6yr\u00e4n\u00e4 keikkalavoille: En ole en\u00e4\u00e4 kaksikymppinen\n    <\/p>\n<p>        <\/a><\/p>\n<p>Kari: \u201dVoi hyv\u00e4nen<br \/>\naika\u2026\u201d<\/p>\n<p class=\"article-content article-content-width !bg-background\">Seiska tavoitti<br \/>\nKarin, joka kiisti ett\u00e4 h\u00e4nell\u00e4 olisi avoliiton ulkopuolisia sutinoita<br \/>\nmeneill\u00e4\u00e4n.<\/p>\n<p class=\"article-content article-content-width !bg-background\">\u2013 Voi hyv\u00e4nen aika<br \/>\nsent\u00e4\u00e4n. Kyll\u00e4 sit\u00e4 tulee tuossa kaikkien kanssa py\u00f6ritty\u00e4 v\u00e4lill\u00e4\u2026 mutta<br \/>\nmit\u00e4\u00e4n sellaista ei pit\u00e4isi olla, ett\u00e4 kenenk\u00e4\u00e4n t\u00e4ytyisi huolissaan olla, Kari<br \/>\nlinjasi.<\/p>\n<p class=\"article-content article-content-width !bg-background\">Kun puhe k\u00e4\u00e4ntyi<br \/>\ntummaverikk\u00f6\u00f6n, Kari tunnusti tuntevansa naisen.<\/p>\n<p class=\"article-content article-content-width !bg-background\">\u2013 Kyll\u00e4 min\u00e4 tied\u00e4n<br \/>\nh\u00e4net, kuten monta muutakin. H\u00e4n k\u00e4y keikoilla ja that&#8217;s it.<\/p>\n<p class=\"article-content article-content-width !bg-background\">\u2013 Ei todellakaan.<br \/>\nIhan kuule olen ollut omassa hytiss\u00e4ni ihan itsesseen. En tied\u00e4, mit\u00e4 joku on<br \/>\najatellut. Jos juttelee jonkun kanssa tai jotain. Jos siit\u00e4 joku haluaa jotain<br \/>\nuutisoida, en tied\u00e4.<\/p>\n<p class=\"article-content article-content-width !bg-background\">Lopuksi Kari<br \/>\nvakuutti perheasioidensa olevan mallillaan.<\/p>\n<p class=\"article-content article-content-width !bg-background\">\u2013 Kaikki on<br \/>\nkunnossa, h\u00e4n kuittasi.<\/p>\n<p class=\"font-weight-bold m-font-weight-bold article-content article-content-width !bg-background\">Katso paparazzikuvat tangokuninkaasta ja salarakkaasta tuoreimmasta Seiskasta!<\/p>\n","protected":false},"excerpt":{"rendered":"Kari nauttii keikka- ja perhearjesta. \u2013 Haluan olla l\u00e4sn\u00e4oleva is\u00e4 vuoden ik\u00e4iselle pojalleni. Suosikkilaulajaa odottaa kotona avopuoliso ja&hellip;\n","protected":false},"author":2,"featured_media":82382,"comment_status":"","ping_status":"","sticky":false,"template":"","format":"standard","meta":{"footnotes":""},"categories":[136],"tags":[407,137,33,31,30,408,17088,98,3295,4831,4423,2397,32,3111,6137,109],"class_list":{"0":"post-82381","1":"post","2":"type-post","3":"status-publish","4":"format-standard","5":"has-post-thumbnail","7":"category-julkkikset","8":"tag-celebrities","9":"tag-entertainment","10":"tag-fi","11":"tag-finland","12":"tag-finnish","13":"tag-julkkikset","14":"tag-kari-hirvonen","15":"tag-perhe","16":"tag-perhe-elama","17":"tag-saija-tuupanen","18":"tag-salarakas","19":"tag-seiska","20":"tag-suomi","21":"tag-tangokuningas","22":"tag-vaimo","23":"tag-viihde"},"share_on_mastodon":{"url":"https:\/\/pubeurope.com\/@fi\/115500912802831764","error":""},"_links":{"self":[{"href":"https:\/\/www.europesays.com\/fi\/wp-json\/wp\/v2\/posts\/82381","targetHints":{"allow":["GET"]}}],"collection":[{"href":"https:\/\/www.europesays.com\/fi\/wp-json\/wp\/v2\/posts"}],"about":[{"href":"https:\/\/www.europesays.com\/fi\/wp-json\/wp\/v2\/types\/post"}],"author":[{"embeddable":true,"href":"https:\/\/www.europesays.com\/fi\/wp-json\/wp\/v2\/users\/2"}],"replies":[{"embeddable":true,"href":"https:\/\/www.europesays.com\/fi\/wp-json\/wp\/v2\/comments?post=82381"}],"version-history":[{"count":0,"href":"https:\/\/www.europesays.com\/fi\/wp-json\/wp\/v2\/posts\/82381\/revisions"}],"wp:featuredmedia":[{"embeddable":true,"href":"https:\/\/www.europesays.com\/fi\/wp-json\/wp\/v2\/media\/82382"}],"wp:attachment":[{"href":"https:\/\/www.europesays.com\/fi\/wp-json\/wp\/v2\/media?parent=82381"}],"wp:term":[{"taxonomy":"category","embeddable":true,"href":"https:\/\/www.europesays.com\/fi\/wp-json\/wp\/v2\/categories?post=82381"},{"taxonomy":"post_tag","embeddable":true,"href":"https:\/\/www.europesays.com\/fi\/wp-json\/wp\/v2\/tags?post=82381"}],"curies":[{"name":"wp","href":"https:\/\/api.w.org\/{rel}","templated":true}]}}