{"id":82395,"date":"2025-11-06T04:53:09","date_gmt":"2025-11-06T04:53:09","guid":{"rendered":"https:\/\/www.europesays.com\/fi\/82395\/"},"modified":"2025-11-06T04:53:09","modified_gmt":"2025-11-06T04:53:09","slug":"ylen-kannatusmittauksessa-harvinaisen-tasainen-tulos-sdp-ja-kokoomus-jatkavat-karjessa-politiikka","status":"publish","type":"post","link":"https:\/\/www.europesays.com\/fi\/82395\/","title":{"rendered":"Ylen kannatusmittauksessa harvinaisen tasainen tulos: SDP ja kokoomus jatkavat k\u00e4rjess\u00e4 | Politiikka"},"content":{"rendered":"<p class=\"aw-1gybjub aw-5vja16 kEtdKx kmuxyA yle__article__paragraph\">Ylen tuoreimmassa kannatusmittauksessa ei tapahtunut suuria muutoksia suuntaan tai toiseen. Selke\u00e4t nousijat ovat kaksi suurinta.<\/p>\n<p><img decoding=\"async\" alt=\"Ylen tuoreimmassa puoluekannatuskyselyss\u00e4 SDP saa 25,4 prosentin kannatuksen, kokoomus 19,0:n, PS 14,6:n ja keskusta 13,8 prosentin. SDP:n ja kokoomuksen kannatus nousi hieman, muiden laski.\" src=\"https:\/\/www.europesays.com\/fi\/wp-content\/uploads\/2025\/11\/39-1549074690b2ca761d5e.jpeg\" class=\"aw-1l9m598 hKVVvP\"\/><\/p>\n<p>Avaa kuvien katselu<\/p>\n<p>SDP jatkaa kannatusmittauksen k\u00e4rjess\u00e4. Toisena tulee kokoomus, kolmantena perussuomalaiset ja nelj\u00e4nten\u00e4 keskusta. J\u00e4rjestys on sama kuin aiemmassa kannatusmittauksessa. Kuva: eduskunta, Petteri Sopanen \/ Yle ja Silja Viitala \/ Yle, grafiikka: Nanna S\u00e4rkk\u00e4 \/ Yle<\/p>\n<p class=\"aw-1gybjub aw-am3gsa kEtdKx ZKIzy yle__accessibilityText\">Osa artikkelin sis\u00e4ll\u00f6st\u00e4 ei ole v\u00e4ltt\u00e4m\u00e4tt\u00e4 saavutettavissa esimerkiksi ruudunlukuohjelmalla.<\/p>\n<p class=\"aw-1gybjub aw-1p7kakr kEtdKx cEmitX yle__article__paragraph\">Eduskuntapuolueet pysyiv\u00e4t samoissa asemissa Ylen lokakuisessa kannatusmittauksessa kuukautta aiempaan verrattuna.<\/p>\n<p class=\"aw-1gybjub aw-1p7kakr kEtdKx cEmitX yle__article__paragraph\">Selke\u00e4ll\u00e4 k\u00e4rjell\u00e4 jatkaa yh\u00e4 SDP 25,4 prosentin kannatuksella. Sill\u00e4 on jo yli kuuden prosenttiyksik\u00f6n ero toisena tulevaan p\u00e4\u00e4ministeripuolue kokoomukseen, jonka kannatus on tasan 19 prosenttia.<\/p>\n<p class=\"aw-1gybjub aw-1p7kakr kEtdKx cEmitX yle__article__paragraph\">Kolmantena jatkaa perussuomalaiset 14,6 prosentin kannatuksella. Nelj\u00e4nten\u00e4 on keskusta 13,8 prosentin kannatuksella.<\/p>\n<p class=\"aw-1gybjub aw-1p7kakr kEtdKx cEmitX yle__article__paragraph\">Sek\u00e4 keskustalla ett\u00e4 perussuomalaisilla kannatus on tullut piirun verran alasp\u00e4in.<\/p>\n<p class=\"aw-1gybjub aw-1p7kakr kEtdKx cEmitX yle__article__paragraph\">Keskustan loiva alam\u00e4ki on jatkunut hein\u00e4kuusta asti, ja se menettikin pronssisijansa perussuomalaisille syyskuussa. Eniten kannatusta h\u00e4vi\u00e4\u00e4 ty\u00f6ik\u00e4isten piiriss\u00e4. Perussuomalaisilla pudotusta tulee naiskannattajien keskuudessa sek\u00e4 nuorten aikuisten ja ty\u00f6ik\u00e4isten keskuudessa.<\/p>\n<p class=\"aw-1gybjub aw-1p7kakr kEtdKx cEmitX yle__article__paragraph\">Sen sijaan duunari\u00e4\u00e4nest\u00e4j\u00e4t ovat l\u00f6yt\u00e4neet takaisin perussuomalaisten taakse alkukes\u00e4n pudotuksen j\u00e4lkeen.<\/p>\n<p class=\"aw-1gybjub aw-1p7kakr kEtdKx cEmitX yle__article__paragraph\">Kannatusmittaus on harvinaisen tasainen, sanoo my\u00f6s Taloustutkimuksen tutkimusjohtaja <strong class=\"aw-ak79eh KyCXm yle__article__strong\">Tuomo Turja<\/strong>.<\/p>\n<p class=\"aw-1gybjub aw-1p7kakr kEtdKx cEmitX yle__article__paragraph\">\u2013 Voi sanoa, ett\u00e4 t\u00e4m\u00e4 on jopa melkein harvinaisen stabiili mittaus, ei hirve\u00e4sti muutoksia t\u00e4ll\u00e4 kertaa.<\/p>\n<p>Ei siis rajuja muutoksia kannatusrintamalla<\/p>\n<p class=\"aw-1gybjub aw-1p7kakr kEtdKx cEmitX yle__article__paragraph\">Kaksi suurinta ovat my\u00f6s mittauksen suurimmat nytk\u00e4ht\u00e4j\u00e4t mihin suuntaan tahansa katsottuna. Kun ihmisilt\u00e4 on kysytty kannatusmittausta tehdess\u00e4, mit\u00e4 puoluetta he \u00e4\u00e4nest\u00e4isiv\u00e4t, jos vaalit olisivat nyt, \u00e4\u00e4nest\u00e4j\u00e4t ovat pysyneet pitk\u00e4lti samalla kannalla jo parin kuukauden ajan.<\/p>\n<p class=\"aw-1gybjub aw-1p7kakr kEtdKx cEmitX yle__article__paragraph\">Miksi suuria muutoksia ei tapahdu suuntaan tai toiseen?<\/p>\n<p class=\"aw-1gybjub aw-1p7kakr kEtdKx cEmitX yle__article__paragraph\">Syit\u00e4 voi hakea ei niin kuohuttaneesta lokakuusta politiikassa.<\/p>\n<p class=\"aw-1gybjub aw-1p7kakr kEtdKx cEmitX yle__article__paragraph\">Eduskunnassa on v\u00e4\u00e4nnetty muun muassa <a class=\"aw-iao6s4 iHOxEa yle__article__link\" href=\"https:\/\/yle.fi\/a\/74-20188516\" role=\"link\" rel=\"nofollow noopener\" target=\"_blank\">ty\u00f6tt\u00f6myydest\u00e4 <\/a>ja <a class=\"aw-iao6s4 iHOxEa yle__article__link\" href=\"https:\/\/yle.fi\/a\/74-20189507\" role=\"link\" rel=\"nofollow noopener\" target=\"_blank\">hyvinvointialueiden rahoituksesta<\/a>.<\/p>\n<p class=\"aw-1gybjub aw-1p7kakr kEtdKx cEmitX yle__article__paragraph\">Pienemm\u00e4ss\u00e4 mittakaavassa on ihmetelty <a class=\"aw-iao6s4 iHOxEa yle__article__link\" href=\"https:\/\/yle.fi\/a\/74-20191006\" role=\"link\" rel=\"nofollow noopener\" target=\"_blank\">l\u00e4hiomaisten palkkaamista<\/a> kansanedustajan avustajaksi ja kiitelty Suomen ja Yhdysvaltain <a class=\"aw-iao6s4 iHOxEa yle__article__link\" href=\"https:\/\/yle.fi\/a\/74-20187541\" role=\"link\" rel=\"nofollow noopener\" target=\"_blank\">j\u00e4\u00e4nmurtajakauppoja <\/a>lokakuun alkupuolella.<\/p>\n<p class=\"aw-1gybjub aw-1p7kakr kEtdKx cEmitX yle__article__paragraph\">Sopu on l\u00f6ytynyt puolueiden kesken <a class=\"aw-iao6s4 iHOxEa yle__article__link\" href=\"https:\/\/yle.fi\/a\/74-20188223\" role=\"link\" rel=\"nofollow noopener\" target=\"_blank\">velkajarrusta<\/a>, ja valtio ja seitsem\u00e4n kuntaa p\u00e4\u00e4siv\u00e4t yhteisymm\u00e4rrykseen niin sanotusta <a class=\"aw-iao6s4 iHOxEa yle__article__link\" href=\"https:\/\/yle.fi\/a\/74-20191578\" role=\"link\" rel=\"nofollow noopener\" target=\"_blank\">tunnin junasta<\/a>.<\/p>\n<p class=\"aw-1gybjub aw-1p7kakr kEtdKx cEmitX yle__article__paragraph\">Kannatusmittaus ei n\u00e4y edes kahden puolueen kanssa, jotka kipuilivat velkajarrun kanssa eniten. Vasemmistoliitto j\u00e4tt\u00e4ytyi lopulta velkajarrun ulkopuolelle, eik\u00e4 vihreill\u00e4k\u00e4\u00e4n kannatusmuutos ollut mainittava.<\/p>\n<p class=\"aw-1gybjub aw-1p7kakr kEtdKx cEmitX yle__article__paragraph\">Vasemmistoliiton kannatus inahti alasp\u00e4in 0,1 prosenttiyksikk\u00f6\u00e4, vihreill\u00e4 muutos oli 0,2 prosenttiyksik\u00f6n lasku.<\/p>\n<p>N\u00e4in kannatusmittaus tehtiin<\/p>\n<p class=\"aw-1gybjub aw-1p7kakr kEtdKx cEmitX yle__article__paragraph\">Taloustutkimus haastatteli 2 520 ihmist\u00e4. Puoluekantansa kertoi 1 864 henkil\u00f6\u00e4 (74 %).<\/p>\n<p class=\"aw-1gybjub aw-1p7kakr kEtdKx cEmitX yle__article__paragraph\">Haastateltavilta kysyttiin, mink\u00e4 puolueen ehdokasta he \u00e4\u00e4nest\u00e4isiv\u00e4t, jos eduskuntavaalit olisivat nyt.<\/p>\n<p class=\"aw-1gybjub aw-1p7kakr kEtdKx cEmitX yle__article__paragraph\">Haastattelut tehtiin tietokoneavusteisina puhelinhaastatteluina ja nettipaneelissa 6.10.\u2013 4.11.2025.<\/p>\n<p class=\"aw-1gybjub aw-1p7kakr kEtdKx cEmitX yle__article__paragraph\">Haastattelujen kohderyhm\u00e4n\u00e4 oli Suomen yli 18-vuotias v\u00e4est\u00f6, pois lukien Ahvenanmaa.<\/p>\n<p class=\"aw-1gybjub aw-1p7kakr kEtdKx cEmitX yle__article__paragraph\">Virhemarginaali on suurimmillaan 2 prosenttiyksikk\u00f6\u00e4 suuntaansa.<\/p>\n<p class=\"aw-1gybjub aw-1p7kakr kEtdKx cEmitX yle__article__paragraph\">Tutkimuksen aineisto l\u00f6ytyy <a class=\"aw-iao6s4 iHOxEa yle__article__link\" href=\"https:\/\/docs.google.com\/presentation\/d\/1JYIH5-rMHXHENS4nPGtaKgm4cUUlvVqZ\/edit?slide=id.p1#slide=id.p1\" role=\"link\" rel=\"nofollow noopener\" target=\"_blank\">t\u00e4st\u00e4 linkist\u00e4<\/a>.<\/p>\n","protected":false},"excerpt":{"rendered":"Ylen tuoreimmassa kannatusmittauksessa ei tapahtunut suuria muutoksia suuntaan tai toiseen. Selke\u00e4t nousijat ovat kaksi suurinta. Avaa kuvien katselu&hellip;\n","protected":false},"author":2,"featured_media":82396,"comment_status":"","ping_status":"","sticky":false,"template":"","format":"standard","meta":{"footnotes":""},"categories":[5],"tags":[22,23,26,27,33,31,30,17,24,25,28,29,15,18,21,637,886,8079,8078,32,19,20,16],"class_list":{"0":"post-82395","1":"post","2":"type-post","3":"status-publish","4":"format-standard","5":"has-post-thumbnail","7":"category-otsikot","8":"tag-breaking-news","9":"tag-breakingnews","10":"tag-featured-news","11":"tag-featurednews","12":"tag-fi","13":"tag-finland","14":"tag-finnish","15":"tag-headlines","16":"tag-latest-news","17":"tag-latestnews","18":"tag-main-news","19":"tag-mainnews","20":"tag-news","21":"tag-otsikot","22":"tag-paauutiset","23":"tag-politiikka","24":"tag-puolueet","25":"tag-puolueiden-kannatus","26":"tag-puoluekannatus-suomessa","27":"tag-suomi","28":"tag-top-stories","29":"tag-topstories","30":"tag-uutiset"},"share_on_mastodon":{"url":"https:\/\/pubeurope.com\/@fi\/115500967882857692","error":""},"_links":{"self":[{"href":"https:\/\/www.europesays.com\/fi\/wp-json\/wp\/v2\/posts\/82395","targetHints":{"allow":["GET"]}}],"collection":[{"href":"https:\/\/www.europesays.com\/fi\/wp-json\/wp\/v2\/posts"}],"about":[{"href":"https:\/\/www.europesays.com\/fi\/wp-json\/wp\/v2\/types\/post"}],"author":[{"embeddable":true,"href":"https:\/\/www.europesays.com\/fi\/wp-json\/wp\/v2\/users\/2"}],"replies":[{"embeddable":true,"href":"https:\/\/www.europesays.com\/fi\/wp-json\/wp\/v2\/comments?post=82395"}],"version-history":[{"count":0,"href":"https:\/\/www.europesays.com\/fi\/wp-json\/wp\/v2\/posts\/82395\/revisions"}],"wp:featuredmedia":[{"embeddable":true,"href":"https:\/\/www.europesays.com\/fi\/wp-json\/wp\/v2\/media\/82396"}],"wp:attachment":[{"href":"https:\/\/www.europesays.com\/fi\/wp-json\/wp\/v2\/media?parent=82395"}],"wp:term":[{"taxonomy":"category","embeddable":true,"href":"https:\/\/www.europesays.com\/fi\/wp-json\/wp\/v2\/categories?post=82395"},{"taxonomy":"post_tag","embeddable":true,"href":"https:\/\/www.europesays.com\/fi\/wp-json\/wp\/v2\/tags?post=82395"}],"curies":[{"name":"wp","href":"https:\/\/api.w.org\/{rel}","templated":true}]}}