{"id":82421,"date":"2025-11-06T05:22:09","date_gmt":"2025-11-06T05:22:09","guid":{"rendered":"https:\/\/www.europesays.com\/fi\/82421\/"},"modified":"2025-11-06T05:22:09","modified_gmt":"2025-11-06T05:22:09","slug":"fysiikan-nobel-palkinnon-saaja-julkistetaan-tanaan","status":"publish","type":"post","link":"https:\/\/www.europesays.com\/fi\/82421\/","title":{"rendered":"Fysiikan Nobel-palkinnon saaja julkistetaan t\u00e4n\u00e4\u00e4n"},"content":{"rendered":"<p>    <img decoding=\"async\" class=\"responsive-image article__image-image lozad\"   src=\"https:\/\/www.europesays.com\/fi\/wp-content\/uploads\/2025\/11\/ptF_wvqzXD0BVA5UzS04rAEzCxI0zE-KSVCkRy4ZavSnyClA57nh5BANX1zXwV05Sl0_7xFEgwJLg6zk4kXbOZxAuoJbYtYcy21e.jpeg\" alt=\"Karoliininen instituutti kertoo Nobel-palkinnon saajan tai saajien nimet puolenp\u00e4iv\u00e4n j\u00e4lkeen Suomen aikaa.\"\/><\/p>\n<p>\n                Karoliininen instituutti kertoo Nobel-palkinnon saajan tai saajien nimet puolenp\u00e4iv\u00e4n j\u00e4lkeen Suomen aikaa.\n              <\/p>\n<p class=\"article__paragraph\">\n      T\u00e4m\u00e4n vuoden fysiikan Nobel-palkinnon saaja julkistetaan t\u00e4n\u00e4\u00e4n Tukholmassa. Palkinnon jakaa Ruotsin kuninkaallinen tiedeakatemia, ja palkittavan tai palkittavien nimet kerrotaan puolenp\u00e4iv\u00e4n j\u00e4lkeen Suomen aikaa.\n    <\/p>\n<p class=\"article__paragraph\">\n      Viime vuonna fysiikan Nobel-palkinnon saivat John Hopfield Yhdysvalloista ja Geoffrey Hinton Kanadasta. Heid\u00e4t palkittiin tutkimuksesta, joka on mahdollistanut teko\u00e4lyn eli koneoppimisen keinotekoisten neuroverkkojen avulla.\n    <\/p>\n<p class=\"article__paragraph\">\n      Nobel-viikko jatkuu keskiviikkona kemian ja torstaina kirjallisuuden palkinnoilla. Viikko huipentuu Nobelin rauhanpalkinnon saajan julkistamiseen Oslossa perjantaina.\n    <\/p>\n<p class=\"article__paragraph\">\n      Fysiikan Nobel-palkinto luovutetaan saajalleen Tukholman palkintogaalassa 10. joulukuuta.\n    <\/p>\n<p class=\"article__paragraph\">\n      &#8211; &#8211; &#8211; &#8211;\n    <\/p>\n<p class=\"article__paragraph\">\n      Uutista on korjattu klo 9.38. Fysiikan Nobel-palkinnon jakaa Ruotsin kuninkaallinen tiedeakatemia, ei Karoliininen instituutti.\n    <\/p>\n","protected":false},"excerpt":{"rendered":"Karoliininen instituutti kertoo Nobel-palkinnon saajan tai saajien nimet puolenp\u00e4iv\u00e4n j\u00e4lkeen Suomen aikaa. T\u00e4m\u00e4n vuoden fysiikan Nobel-palkinnon saaja julkistetaan&hellip;\n","protected":false},"author":2,"featured_media":82422,"comment_status":"","ping_status":"","sticky":false,"template":"","format":"standard","meta":{"footnotes":""},"categories":[115],"tags":[33,31,30,455,454,118,32,119],"class_list":{"0":"post-82421","1":"post","2":"type-post","3":"status-publish","4":"format-standard","5":"has-post-thumbnail","7":"category-fysiikka","8":"tag-fi","9":"tag-finland","10":"tag-finnish","11":"tag-fysiikka","12":"tag-physics","13":"tag-science","14":"tag-suomi","15":"tag-tiede"},"share_on_mastodon":{"url":"https:\/\/pubeurope.com\/@fi\/115501081851788070","error":""},"_links":{"self":[{"href":"https:\/\/www.europesays.com\/fi\/wp-json\/wp\/v2\/posts\/82421","targetHints":{"allow":["GET"]}}],"collection":[{"href":"https:\/\/www.europesays.com\/fi\/wp-json\/wp\/v2\/posts"}],"about":[{"href":"https:\/\/www.europesays.com\/fi\/wp-json\/wp\/v2\/types\/post"}],"author":[{"embeddable":true,"href":"https:\/\/www.europesays.com\/fi\/wp-json\/wp\/v2\/users\/2"}],"replies":[{"embeddable":true,"href":"https:\/\/www.europesays.com\/fi\/wp-json\/wp\/v2\/comments?post=82421"}],"version-history":[{"count":0,"href":"https:\/\/www.europesays.com\/fi\/wp-json\/wp\/v2\/posts\/82421\/revisions"}],"wp:featuredmedia":[{"embeddable":true,"href":"https:\/\/www.europesays.com\/fi\/wp-json\/wp\/v2\/media\/82422"}],"wp:attachment":[{"href":"https:\/\/www.europesays.com\/fi\/wp-json\/wp\/v2\/media?parent=82421"}],"wp:term":[{"taxonomy":"category","embeddable":true,"href":"https:\/\/www.europesays.com\/fi\/wp-json\/wp\/v2\/categories?post=82421"},{"taxonomy":"post_tag","embeddable":true,"href":"https:\/\/www.europesays.com\/fi\/wp-json\/wp\/v2\/tags?post=82421"}],"curies":[{"name":"wp","href":"https:\/\/api.w.org\/{rel}","templated":true}]}}