{"id":82481,"date":"2025-11-06T06:34:11","date_gmt":"2025-11-06T06:34:11","guid":{"rendered":"https:\/\/www.europesays.com\/fi\/82481\/"},"modified":"2025-11-06T06:34:11","modified_gmt":"2025-11-06T06:34:11","slug":"sheinin-verkkoalusta-menossa-toistaiseksi-sappiin-ranskassa-taustalla-kohu-seksinukeista-uutissuomalainen-3","status":"publish","type":"post","link":"https:\/\/www.europesays.com\/fi\/82481\/","title":{"rendered":"Sheinin verkkoalusta menossa toistaiseksi s\u00e4ppiin Ranskassa \u2013 taustalla kohu seksinukeista | Uutissuomalainen"},"content":{"rendered":"<p>Ranskassa p\u00e4\u00e4ministeri Sebastien Lecornu m\u00e4\u00e4r\u00e4si keskiviikkona maan viranomaiset valmistelemaan kiinalaistaustaisen pikamuotij\u00e4tti Sheinin verkkoalustan sulkemista toistaiseksi.<\/p>\n<p>P\u00e4\u00e4ministerin kanslian mukaan Sheinin verkkoalustan olisi tarkoitus pysy\u00e4 suljettuna, kunnes yritys on osoittanut, ett\u00e4 alustan sis\u00e4lt\u00f6 on linjassa Ranskan lains\u00e4\u00e4d\u00e4nn\u00f6n kanssa.<\/p>\n<p>Sheinin toiminnasta on leimahtanut viime p\u00e4ivin\u00e4 Ranskassa kohu, joka liittyy verkkoalustalla myytyihin lapsen kaltaisiin seksinukkeihin.<\/p>\n<p>Pariisin syytt\u00e4j\u00e4nvirasto on aloittanut seksinukeista tutkinnan, jonka kohteena on Sheinin ohella muitakin verkkokauppa-alustoja, muun muassa kiinalainen Temu.<\/p>\n<p>Shein on sanonut tekev\u00e4ns\u00e4 asiassa yhteisty\u00f6t\u00e4 Ranskan viranomaisten kanssa ja kielt\u00e4v\u00e4ns\u00e4 kaikki seksinuket alustaltaan.<\/p>\n<p>Shein kommentoi keskiviikkona, ett\u00e4 se haluaa p\u00e4\u00e4st\u00e4 mahdollisimman pian vuoropuheluun viranomaisten kanssa.<\/p>\n<p>\t\t\t\tPoliiseja ja mielenosoittajia<\/p>\n<p>Samana p\u00e4iv\u00e4n\u00e4 Shein my\u00f6s avasi maailman ensimm\u00e4isen kivijalkamyym\u00e4l\u00e4ns\u00e4 Pariisissa. Mellakkapoliiseja oli komennettu kaupungin keskustaan ennen kuin myym\u00e4l\u00e4 avasi p\u00e4iv\u00e4ll\u00e4 ovensa pariisilaisessa BHV-tavaratalossa.<\/p>\n<p>Ensimm\u00e4iset asiakkaat astuivat Sheinin myym\u00e4l\u00e4\u00e4n poliisien valvovan katseen alla jonotettuaan sit\u00e4 ennen tunteja tavaratalon ulkopuolella. Uutistoimisto AFP:n mukaan jotkut jonottajista sanoivat saapuneensa paikalle uteliaisuudesta, toiset taas halpojen hintojen vuoksi.<\/p>\n<p>L\u00e4hist\u00f6ll\u00e4 aktivistit osoittivat mielt\u00e4 lasten oikeuksien puolesta.<\/p>\n<p>\u2013\u2009Suojelkaa lapsia, \u00e4lk\u00e4\u00e4 Sheini\u00e4, yhdess\u00e4 aktivistien kylteist\u00e4 luki AFP:n mukaan.<\/p>\n<p>\t\t\t\tTulossa lis\u00e4\u00e4 myym\u00e4l\u00f6it\u00e4<\/p>\n<p>Sheini\u00e4 on arvosteltu sen tehtaiden ty\u00f6oloista ja ultrapikamuotiin nojaavan liiketoimintamallin ymp\u00e4rist\u00f6vaikutuksista. Sheinin saapumista Ranskaan ovat vastustaneet niin poliitikot, ammattiliitot kuin muotibr\u00e4nditkin.<\/p>\n<p>Shein perustettiin Kiinassa vuonna 2012, mutta yhti\u00f6n p\u00e4\u00e4konttori sijaitsee nykyisin Singaporessa.<\/p>\n<p>Sheinin on m\u00e4\u00e4r\u00e4 avata lis\u00e4ksi viisi myym\u00e4l\u00e4\u00e4 muissa Ranskan kaupungeissa, mukaan lukien Dijonissa, Grenoblessa ja Reimsiss\u00e4.<\/p>\n","protected":false},"excerpt":{"rendered":"Ranskassa p\u00e4\u00e4ministeri Sebastien Lecornu m\u00e4\u00e4r\u00e4si keskiviikkona maan viranomaiset valmistelemaan kiinalaistaustaisen pikamuotij\u00e4tti Sheinin verkkoalustan sulkemista toistaiseksi. P\u00e4\u00e4ministerin kanslian mukaan&hellip;\n","protected":false},"author":2,"featured_media":82482,"comment_status":"","ping_status":"","sticky":false,"template":"","format":"standard","meta":{"footnotes":""},"categories":[76],"tags":[79,77,33,31,30,55,53,2571,52,637,32,78,546],"class_list":{"0":"post-82481","1":"post","2":"type-post","3":"status-publish","4":"format-standard","5":"has-post-thumbnail","7":"category-talous","8":"tag-business","9":"tag-economy","10":"tag-fi","11":"tag-finland","12":"tag-finnish","13":"tag-lainvalvonta","14":"tag-laki-oikeus-ja-rikos","15":"tag-mielenosoitukset","16":"tag-poliisi","17":"tag-politiikka","18":"tag-suomi","19":"tag-talous","20":"tag-turvallisuus"},"share_on_mastodon":{"url":"https:\/\/pubeurope.com\/@fi\/115501364987569947","error":""},"_links":{"self":[{"href":"https:\/\/www.europesays.com\/fi\/wp-json\/wp\/v2\/posts\/82481","targetHints":{"allow":["GET"]}}],"collection":[{"href":"https:\/\/www.europesays.com\/fi\/wp-json\/wp\/v2\/posts"}],"about":[{"href":"https:\/\/www.europesays.com\/fi\/wp-json\/wp\/v2\/types\/post"}],"author":[{"embeddable":true,"href":"https:\/\/www.europesays.com\/fi\/wp-json\/wp\/v2\/users\/2"}],"replies":[{"embeddable":true,"href":"https:\/\/www.europesays.com\/fi\/wp-json\/wp\/v2\/comments?post=82481"}],"version-history":[{"count":0,"href":"https:\/\/www.europesays.com\/fi\/wp-json\/wp\/v2\/posts\/82481\/revisions"}],"wp:featuredmedia":[{"embeddable":true,"href":"https:\/\/www.europesays.com\/fi\/wp-json\/wp\/v2\/media\/82482"}],"wp:attachment":[{"href":"https:\/\/www.europesays.com\/fi\/wp-json\/wp\/v2\/media?parent=82481"}],"wp:term":[{"taxonomy":"category","embeddable":true,"href":"https:\/\/www.europesays.com\/fi\/wp-json\/wp\/v2\/categories?post=82481"},{"taxonomy":"post_tag","embeddable":true,"href":"https:\/\/www.europesays.com\/fi\/wp-json\/wp\/v2\/tags?post=82481"}],"curies":[{"name":"wp","href":"https:\/\/api.w.org\/{rel}","templated":true}]}}