{"id":82490,"date":"2025-11-06T06:52:08","date_gmt":"2025-11-06T06:52:08","guid":{"rendered":"https:\/\/www.europesays.com\/fi\/82490\/"},"modified":"2025-11-06T06:52:08","modified_gmt":"2025-11-06T06:52:08","slug":"helsingin-huumepoliisista-kertova-sarja-saa-jatkoa-katso-traileri","status":"publish","type":"post","link":"https:\/\/www.europesays.com\/fi\/82490\/","title":{"rendered":"Helsingin huumepoliisista kertova sarja saa jatkoa \u2013 Katso traileri"},"content":{"rendered":"<p>Kalevi \u201dKale\u201d Puontin dekkarisarjaan pohjautuva tv-sarja saa jatkoa. <\/p>\n<p class=\"paragraph\">Pasilan myrkky -sarjan toinen kausi Pasilan myrkky \u2013 Joni n\u00e4hd\u00e4\u00e4n vuoden vaihteessa.<\/p>\n<p class=\"paragraph\"><a href=\"https:\/\/www.iltalehti.fi\/henkilot\/Kale Puonti\" class=\"article-link-person-page\" rel=\"nofollow noopener\" target=\"_blank\">Kalevi \u201dKale\u201d Puontin<\/a> dekkarisarjan Joni-kirjaan pohjautuvalla kaudella Helsingin huumepoliisi joutuu kovaan tilanteeseen, kun kaksi kilpailevaa jengipomoa ammutaan teloitustyyliin. Poliisit alkavat selvitt\u00e4\u00e4 murhavyyhti\u00e4, jonka j\u00e4ljet johtavat my\u00f6s poliisilaitoksen sis\u00e4lle.<\/p>\n<p class=\"paragraph\">\u2013 Katujengit ja jengien keskin\u00e4iset riidat ovat olleet paljon otsikoissa viime vuosina. Olen kirjoittanut Joniin uhkakuvia, jotka ovat jo valitettavasti jollain tavoin konkretisoituneet tosiel\u00e4m\u00e4ss\u00e4. Toivottavasti t\u00e4st\u00e4 ei tule uutta normaalia, kertoo puolestaan Puonti.<\/p>\n<p class=\"paragraph\">Sarjassa n\u00e4hd\u00e4\u00e4n ensimm\u00e4iselt\u00e4 kaudelta tutut huumepoliisit eli \u201cmyrkyt\u201d, muun muassa <a href=\"https:\/\/www.iltalehti.fi\/henkilot\/Hannu-Pekka Bj\u00f6rkman\" class=\"article-link-person-page\" rel=\"nofollow noopener\" target=\"_blank\">Hannu-Pekka Bj\u00f6rkmanin<\/a> n\u00e4yttelem\u00e4 rikosylikonstaapeli Kalle Pesonen, joka alkaa j\u00e4lleen tutkia omalla tyylill\u00e4\u00e4n katujengipomojen murhia.<\/p>\n<p class=\"paragraph\">\u2013 Pesosen n\u00e4ytteleminen oli kuin palaisi vanhan yst\u00e4v\u00e4n luo. Samastun h\u00e4ness\u00e4 moneen asiaan ja piirteeseen, kertoo Bj\u00f6rkman tiedotteessa.<\/p>\n<p><img decoding=\"async\" class=\"image image-show image-preview\" src=\"https:\/\/www.europesays.com\/fi\/wp-content\/uploads\/2025\/11\/816e8a0c3b3c8ab5b51a3ae92532d9437cbc0c9fa639beba4334a64597bc51ef.jpg\" alt=\"\"\/><img decoding=\"async\" class=\"image image-show\" src=\"https:\/\/www.europesays.com\/fi\/wp-content\/uploads\/2025\/11\/1762411928_123_816e8a0c3b3c8ab5b51a3ae92532d9437cbc0c9fa639beba4334a64597bc51ef.jpg\" alt=\"\"\/><\/p>\n<p>Hannu-Pekka Bj\u00f6rkman n\u00e4hd\u00e4\u00e4n Pasilan myrkky -sarjan toisella kaudella rikosylikonsaapeli Kalle Pesosen roolissa.  Elisa Viihde<\/p>\n<p class=\"paragraph\">Bj\u00f6rkmanin lis\u00e4ksi rooleissa n\u00e4hd\u00e4\u00e4n muun muassa edelliskaudelta tutut <a href=\"https:\/\/www.iltalehti.fi\/henkilot\/Seidi Haarla\" class=\"article-link-person-page\" rel=\"nofollow noopener\" target=\"_blank\">Seidi Haarla<\/a>, <a href=\"https:\/\/www.iltalehti.fi\/henkilot\/Jyrki M\u00e4ntt\u00e4ri\" class=\"article-link-person-page\" rel=\"nofollow noopener\" target=\"_blank\">Jyrki M\u00e4ntt\u00e4ri<\/a> ja <a href=\"https:\/\/www.iltalehti.fi\/henkilot\/Jussi Nikkil\u00e4\" class=\"article-link-person-page\" rel=\"nofollow noopener\" target=\"_blank\">Jussi Nikkil\u00e4<\/a>. Uusia n\u00e4yttelij\u00f6it\u00e4 toisella kaudella ovat esimerkiksi Ona Huczkowski, <a href=\"https:\/\/www.iltalehti.fi\/henkilot\/Miro Lopperi\" class=\"article-link-person-page\" rel=\"nofollow noopener\" target=\"_blank\">Miro Lopperi<\/a>, <a href=\"https:\/\/www.iltalehti.fi\/henkilot\/Jarkko Niemi\" class=\"article-link-person-page\" rel=\"nofollow noopener\" target=\"_blank\">Jarkko Niemi<\/a>, <a href=\"https:\/\/www.iltalehti.fi\/henkilot\/Jasir Osman\" class=\"article-link-person-page\" rel=\"nofollow noopener\" target=\"_blank\">Jasir Osman<\/a>, <a href=\"https:\/\/www.iltalehti.fi\/henkilot\/Joonas Saartamo\" class=\"article-link-person-page\" rel=\"nofollow noopener\" target=\"_blank\">Joonas Saartamo<\/a> ja <a href=\"https:\/\/www.iltalehti.fi\/henkilot\/Salah Isse Mohamed\" class=\"article-link-person-page\" rel=\"nofollow noopener\" target=\"_blank\">Salah Isse Mohamed<\/a>.<\/p>\n<p class=\"paragraph\">Pasilan myrkky \u2013 Joni julkaistaan 1.1.2026. Sarjan ensiesitys n\u00e4hd\u00e4\u00e4n Ruutu+-palvelussa, my\u00f6hemmin se on katsottavissa my\u00f6s Elisa Viihde -palvelussa.<\/p>\n","protected":false},"excerpt":{"rendered":"Kalevi \u201dKale\u201d Puontin dekkarisarjaan pohjautuva tv-sarja saa jatkoa. Pasilan myrkky -sarjan toinen kausi Pasilan myrkky \u2013 Joni n\u00e4hd\u00e4\u00e4n&hellip;\n","protected":false},"author":2,"featured_media":82491,"comment_status":"","ping_status":"","sticky":false,"template":"","format":"standard","meta":{"footnotes":""},"categories":[133],"tags":[35,153,137,33,31,30,52,38,32,206,140,139,156,109],"class_list":{"0":"post-82490","1":"post","2":"type-post","3":"status-publish","4":"format-standard","5":"has-post-thumbnail","7":"category-televisiot","8":"tag-24h","9":"tag-audiovisuaalinen-media","10":"tag-entertainment","11":"tag-fi","12":"tag-finland","13":"tag-finnish","14":"tag-poliisi","15":"tag-rikos","16":"tag-suomi","17":"tag-televisiot","18":"tag-tv-ja-elokuvat","19":"tag-tv-ohjelmat","20":"tag-tv","21":"tag-viihde"},"share_on_mastodon":{"url":"https:\/\/pubeurope.com\/@fi\/115501435847506187","error":""},"_links":{"self":[{"href":"https:\/\/www.europesays.com\/fi\/wp-json\/wp\/v2\/posts\/82490","targetHints":{"allow":["GET"]}}],"collection":[{"href":"https:\/\/www.europesays.com\/fi\/wp-json\/wp\/v2\/posts"}],"about":[{"href":"https:\/\/www.europesays.com\/fi\/wp-json\/wp\/v2\/types\/post"}],"author":[{"embeddable":true,"href":"https:\/\/www.europesays.com\/fi\/wp-json\/wp\/v2\/users\/2"}],"replies":[{"embeddable":true,"href":"https:\/\/www.europesays.com\/fi\/wp-json\/wp\/v2\/comments?post=82490"}],"version-history":[{"count":0,"href":"https:\/\/www.europesays.com\/fi\/wp-json\/wp\/v2\/posts\/82490\/revisions"}],"wp:featuredmedia":[{"embeddable":true,"href":"https:\/\/www.europesays.com\/fi\/wp-json\/wp\/v2\/media\/82491"}],"wp:attachment":[{"href":"https:\/\/www.europesays.com\/fi\/wp-json\/wp\/v2\/media?parent=82490"}],"wp:term":[{"taxonomy":"category","embeddable":true,"href":"https:\/\/www.europesays.com\/fi\/wp-json\/wp\/v2\/categories?post=82490"},{"taxonomy":"post_tag","embeddable":true,"href":"https:\/\/www.europesays.com\/fi\/wp-json\/wp\/v2\/tags?post=82490"}],"curies":[{"name":"wp","href":"https:\/\/api.w.org\/{rel}","templated":true}]}}