{"id":82498,"date":"2025-11-06T06:57:09","date_gmt":"2025-11-06T06:57:09","guid":{"rendered":"https:\/\/www.europesays.com\/fi\/82498\/"},"modified":"2025-11-06T06:57:09","modified_gmt":"2025-11-06T06:57:09","slug":"seiska-jari-matti-latvala-vietti-mokkiviikonlopun-tempparit-tahden-kanssa-nain-se-tosiaan-meni","status":"publish","type":"post","link":"https:\/\/www.europesays.com\/fi\/82498\/","title":{"rendered":"Seiska: Jari-Matti Latvala vietti m\u00f6kkiviikonlopun Tempparit-t\u00e4hden kanssa: \u201dN\u00e4in se tosiaan meni\u201d"},"content":{"rendered":"<p>Rallit\u00e4hti my\u00f6nt\u00e4\u00e4 sutinat tosi-tv-t\u00e4hden kanssa.<\/p>\n<p><img decoding=\"async\" class=\"image image-show image-preview\" src=\"https:\/\/www.europesays.com\/fi\/wp-content\/uploads\/2025\/11\/98430d5646623d3a94c4b03bb825168755e05c59b9c6e91a76c9b08dc4571578.jpg\" alt=\"\"\/><img decoding=\"async\" class=\"image image-show\" src=\"https:\/\/www.europesays.com\/fi\/wp-content\/uploads\/2025\/11\/1762412229_949_98430d5646623d3a94c4b03bb825168755e05c59b9c6e91a76c9b08dc4571578.jpg\" alt=\"\"\/><\/p>\n<p>Jari-Matti Latvala vietti Tempparit-t\u00e4hden kanssa yhteisen viikonlopun. Toyota GAZOO Racing WRT <\/p>\n<p class=\"paragraph\">Rallit\u00e4hti <strong>Jari-Matti Latvala<\/strong>, 40, vietti yhteisen m\u00f6kkiviikonlopun Temppareista tutun <strong>Tuuli Lehtosen<\/strong>, 27, kanssa, kertoo <a href=\"https:\/\/www.seiska.fi\/vain-seiskassa\/jari-matti-latvalan-naisruletti-pyorahti-jalleen-kuuma-viikonloppu-tis-tuulin-kanssa\/1982046\" rel=\"noopener nofollow\" target=\"_blank\">Seiska<\/a>. Pari sutinoi Jari-Matin vanhempien m\u00f6kill\u00e4 Etel\u00e4-Pohjanmaalla, jonne Tuuli matkusti junalla lokakuun viimeisen\u00e4 viikonloppuna.<\/p>\n<p class=\"paragraph\">Seiskalle kerrotaan, ett\u00e4 Latvala haki Lehtosen juna-asemalta, ja Lehtonen lainasi my\u00f6hemmin ralliautoilijan autoa ostosreissulla. Latvala my\u00f6nt\u00e4\u00e4 sutinoinnin Seiskalle, ja kertoo olevansa sinkku.<\/p>\n<p class=\"paragraph\">\u2013 Kyll\u00e4 t\u00e4m\u00e4 kaikki pit\u00e4\u00e4 paikkansa. N\u00e4in se tosiaan meni, h\u00e4n kommentoi lehdelle ja harmitteli, miten tiedot aina vuotavatkin lehdist\u00f6lle.<\/p>\n<p>Tuuli Lehtonen tunnetaan TIS-ohjelmasta. Teemu Laitinen, Nelonen<\/p>\n<p class=\"paragraph\">Tosi-tv-t\u00e4hti Tuuli Lehtonen tunnetaan Temptation Island Suomi -ohjelmasta, jonne h\u00e4n osallistui <strong>Niki Rantasen<\/strong> kanssa. Kaksikon rakkaus ei kest\u00e4nyt viime kaudella viettelyksi\u00e4, vaan he lopulta erosivat.<\/p>\n<p class=\"paragraph\">\u2013 Suhde otti minulta paljon enemm\u00e4n kuin antoi, mink\u00e4 vuoksi en ollut suhteessa onnellinen, h\u00e4n kertoi <a href=\"https:\/\/www.iltalehti.fi\/viihdeuutiset\/9a3f221d-f919-4e16-8d22-e847ca3f4abd\" rel=\"nofollow noopener\" target=\"_blank\">Iltalehdelle<\/a>.<\/p>\n<p class=\"paragraph\">\u2013 En halunnut erota riidoissa tai j\u00e4tt\u00e4\u00e4 huonoja v\u00e4lej\u00e4 vaan hoitaa asiat loppuun asti fiksusti. Tulemme siis toimeen hyvin ja pystymme keskustella esimerkiksi muuttoon liittyvist\u00e4 asioista hyvin.<\/p>\n<p class=\"paragraph\">Lehtonen tunnetaan my\u00f6s Onlyfans-sis\u00e4ll\u00f6ntuottajana. H\u00e4nen on kerrottu aiemmin viihtyneen my\u00f6s Erikoisjoukot-sarjasta tutun <strong>Matias Pet\u00e4ist\u00f6n<\/strong> kanssa.<\/p>\n<p class=\"paragraph\">Rallit\u00e4hti Jari-Matti Latvala taas valmistautuu t\u00e4ll\u00e4 hetkell\u00e4 historic-luokan EM-kisaan Portugalissa. H\u00e4n vaihtoi kartanlukijaa t\u00e4h\u00e4n kisaan, ja nuotteja lukee <strong>Topi Luhtinen<\/strong>.<\/p>\n","protected":false},"excerpt":{"rendered":"Rallit\u00e4hti my\u00f6nt\u00e4\u00e4 sutinat tosi-tv-t\u00e4hden kanssa. Jari-Matti Latvala vietti Tempparit-t\u00e4hden kanssa yhteisen viikonlopun. Toyota GAZOO Racing WRT Rallit\u00e4hti Jari-Matti&hellip;\n","protected":false},"author":2,"featured_media":82499,"comment_status":"","ping_status":"","sticky":false,"template":"","format":"standard","meta":{"footnotes":""},"categories":[130],"tags":[35,137,33,31,30,121,979,32,2140,140,139,109],"class_list":{"0":"post-82498","1":"post","2":"type-post","3":"status-publish","4":"format-standard","5":"has-post-thumbnail","7":"category-viihde","8":"tag-24h","9":"tag-entertainment","10":"tag-fi","11":"tag-finland","12":"tag-finnish","13":"tag-liikenne-ja-kuljetus","14":"tag-sahkoinen-media","15":"tag-suomi","16":"tag-tosi-tv-ohjelmat","17":"tag-tv-ja-elokuvat","18":"tag-tv-ohjelmat","19":"tag-viihde"},"share_on_mastodon":{"url":"https:\/\/pubeurope.com\/@fi\/115501455492405724","error":""},"_links":{"self":[{"href":"https:\/\/www.europesays.com\/fi\/wp-json\/wp\/v2\/posts\/82498","targetHints":{"allow":["GET"]}}],"collection":[{"href":"https:\/\/www.europesays.com\/fi\/wp-json\/wp\/v2\/posts"}],"about":[{"href":"https:\/\/www.europesays.com\/fi\/wp-json\/wp\/v2\/types\/post"}],"author":[{"embeddable":true,"href":"https:\/\/www.europesays.com\/fi\/wp-json\/wp\/v2\/users\/2"}],"replies":[{"embeddable":true,"href":"https:\/\/www.europesays.com\/fi\/wp-json\/wp\/v2\/comments?post=82498"}],"version-history":[{"count":0,"href":"https:\/\/www.europesays.com\/fi\/wp-json\/wp\/v2\/posts\/82498\/revisions"}],"wp:featuredmedia":[{"embeddable":true,"href":"https:\/\/www.europesays.com\/fi\/wp-json\/wp\/v2\/media\/82499"}],"wp:attachment":[{"href":"https:\/\/www.europesays.com\/fi\/wp-json\/wp\/v2\/media?parent=82498"}],"wp:term":[{"taxonomy":"category","embeddable":true,"href":"https:\/\/www.europesays.com\/fi\/wp-json\/wp\/v2\/categories?post=82498"},{"taxonomy":"post_tag","embeddable":true,"href":"https:\/\/www.europesays.com\/fi\/wp-json\/wp\/v2\/tags?post=82498"}],"curies":[{"name":"wp","href":"https:\/\/api.w.org\/{rel}","templated":true}]}}