{"id":82514,"date":"2025-11-06T07:26:08","date_gmt":"2025-11-06T07:26:08","guid":{"rendered":"https:\/\/www.europesays.com\/fi\/82514\/"},"modified":"2025-11-06T07:26:08","modified_gmt":"2025-11-06T07:26:08","slug":"microsoft-sahko-loppuu","status":"publish","type":"post","link":"https:\/\/www.europesays.com\/fi\/82514\/","title":{"rendered":"Microsoft: S\u00e4hk\u00f6 loppuu"},"content":{"rendered":"<p>Teknopomot povasivat podcastissa teknologian kehittyv\u00e4n suuntaan, jossa konesalien sijaan kielimallit py\u00f6riv\u00e4t energiatehokkaasti ja paikallisesti.<\/p>\n<p><img decoding=\"async\" class=\"image image-show image-preview\" src=\"https:\/\/www.europesays.com\/fi\/wp-content\/uploads\/2025\/11\/7729ffab96681f0d5a90f52ddd40bd4a3cae1c2a0b9791531ded13b590957f0b.jpg\" alt=\"\"\/><img decoding=\"async\" class=\"image image-show\" src=\"https:\/\/www.europesays.com\/fi\/wp-content\/uploads\/2025\/11\/1762413968_249_7729ffab96681f0d5a90f52ddd40bd4a3cae1c2a0b9791531ded13b590957f0b.jpg\" alt=\"\"\/><\/p>\n<p>\u201dRehellisesti sanottuna suurin ongelma t\u00e4ll\u00e4 hetkell\u00e4 ei ole laskentatehon ylitarjonta, vaan s\u00e4hk\u00f6\u201d, toimitusjohtaja Nadella kertoo. Arkistokuva. CLAUDIO PERI<\/p>\n<p class=\"paragraph\">Teknologiaj\u00e4tti Microsoftin toimitusjohtaja <strong>Satya Nadella<\/strong> my\u00f6nt\u00e4\u00e4, ettei yrityksell\u00e4 riit\u00e4 s\u00e4hk\u00f6 kaikkien sen k\u00e4ytt\u00e4mien teko\u00e4lysirujen virrantarpeisiin.<\/p>\n<p class=\"paragraph\">Nadella paljasti asian podcast-juontaja <strong>Brad Gerstnerille<\/strong>, jonka <a href=\"https:\/\/www.youtube.com\/watch?v=Gnl833wXRz0\" rel=\"noopener nofollow\" target=\"_blank\">Youtube-jaksoa<\/a> teknologiasivusto <a href=\"https:\/\/www.tomshardware.com\/tech-industry\/artificial-intelligence\/microsoft-ceo-says-the-company-doesnt-have-enough-electricity-to-install-all-the-ai-gpus-in-its-inventory-you-may-actually-have-a-bunch-of-chips-sitting-in-inventory-that-i-cant-plug-in\" rel=\"noopener nofollow\" target=\"_blank\">Tom\u2019sHardware<\/a> siteeraa.<\/p>\n<p class=\"paragraph\">Gerstner kysyi Nadellalta sek\u00e4 OpenAI:n toimitusjohtaja <strong>Sam Altmanilta<\/strong> arviota laskentatehon ylitarjonnasta teko\u00e4lymarkkinoilla.<\/p>\n<p class=\"paragraph\">Tom\u2019sHardware taustoittaa siruyhti\u00f6 Nvidian toimitusjohtaja <strong>Jensen Huangin<\/strong> aikaisemmin todenneen, ett\u00e4 laskentatehon ylitarjonta on mahdotonta ainakin seuraavien kahden tai kolmen vuoden ajan.<\/p>\n<p class=\"paragraph\">\u2013 Rehellisesti sanottuna suurin ongelma t\u00e4ll\u00e4 hetkell\u00e4 ei ole laskentatehon ylitarjonta, vaan s\u00e4hk\u00f6 \u2014 kyse on tavallaan siit\u00e4, kuinka nopeasti [teko\u00e4lyinfra]rakennukset saadaan valmiiksi l\u00e4helle s\u00e4hk\u00f6\u00e4 , Nadella kertoo.<\/p>\n<p class=\"paragraph\">Jos teko\u00e4lyinfrastruktuuria ei saada rakennettua l\u00e4helle mielek\u00e4st\u00e4 energianl\u00e4hdett\u00e4, voi \u201dvarastoon ker\u00e4\u00e4nty\u00e4 l\u00e4j\u00e4p\u00e4in teko\u00e4lysiruja, joita ei voi kytke\u00e4 mihink\u00e4\u00e4n\u201d, Nadella kuvailee.<\/p>\n<p class=\"paragraph\">\u2013 Kyse ei ole sirujen toimitusongelmista, vaan l\u00e4mpimien kuorten puutteesta.<\/p>\n<p class=\"paragraph\">L\u00e4mpimill\u00e4 kuorilla Nadella viittaa datakeskuksiin, jotka s\u00e4hk\u00f6- ja vesipuitteineen ovat \u2013 teko\u00e4lysirut pois lukien \u2013 valmiita laitoksia laskentatehotuotannon py\u00f6ritt\u00e4miseen.<\/p>\n<p class=\"paragraph\">Teko\u00e4lyn kouluttamistarkoituksiin rakennetut datakeskukset ovat valtavia energia- ja vesisy\u00f6pp\u00f6j\u00e4, Tom\u2019sHardware sivustolla taustoitetaan.<\/p>\n<p>Kuplan puhkaiseva visio?<\/p>\n<p class=\"paragraph\">Nadella ja Altman povasivat podcastissa my\u00f6s teknologian kehittyv\u00e4n suuntaan, jossa konesalien sijaan kielimallit py\u00f6riv\u00e4t energiatehokkaasti ja paikallisesti.<\/p>\n<p class=\"paragraph\">\u2013 Jonain p\u00e4iv\u00e4n\u00e4 viel\u00e4 teemme uskomattoman kuluttajalaitteen, jossa py\u00f6rii GPT-5 tai [tulevaisuudessa mahdollinen] GPT-6 pienell\u00e4 virrankulutuksella ja paikallisesti, Altman visioi.<\/p>\n<p class=\"paragraph\">Jos vastaava kehityskulku toteutuu, voivat suuryritysten miljardiluokan datakeskusinvestoinnit valua Tom\u2019sHardwaren mukaan valua hukkaan. T\u00e4m\u00e4 kehityskulku voi jouduttaa teko\u00e4lykuplan puhkeamista, sivusto arvioi.<\/p>\n","protected":false},"excerpt":{"rendered":"Teknopomot povasivat podcastissa teknologian kehittyv\u00e4n suuntaan, jossa konesalien sijaan kielimallit py\u00f6riv\u00e4t energiatehokkaasti ja paikallisesti. \u201dRehellisesti sanottuna suurin ongelma&hellip;\n","protected":false},"author":2,"featured_media":82515,"comment_status":"","ping_status":"","sticky":false,"template":"","format":"standard","meta":{"footnotes":""},"categories":[76],"tags":[35,79,77,33,31,30,17116,537,536,32,78,487,149],"class_list":{"0":"post-82514","1":"post","2":"type-post","3":"status-publish","4":"format-standard","5":"has-post-thumbnail","7":"category-talous","8":"tag-24h","9":"tag-business","10":"tag-economy","11":"tag-fi","12":"tag-finland","13":"tag-finnish","14":"tag-hajautettu-laskenta","15":"tag-informaatioteknologia-sektori","16":"tag-ohjelmistot","17":"tag-suomi","18":"tag-talous","19":"tag-teknologia-yleista","20":"tag-tietojenkasittely-ja-informaatioteknologia"},"share_on_mastodon":{"url":"https:\/\/pubeurope.com\/@fi\/115501569626223533","error":""},"_links":{"self":[{"href":"https:\/\/www.europesays.com\/fi\/wp-json\/wp\/v2\/posts\/82514","targetHints":{"allow":["GET"]}}],"collection":[{"href":"https:\/\/www.europesays.com\/fi\/wp-json\/wp\/v2\/posts"}],"about":[{"href":"https:\/\/www.europesays.com\/fi\/wp-json\/wp\/v2\/types\/post"}],"author":[{"embeddable":true,"href":"https:\/\/www.europesays.com\/fi\/wp-json\/wp\/v2\/users\/2"}],"replies":[{"embeddable":true,"href":"https:\/\/www.europesays.com\/fi\/wp-json\/wp\/v2\/comments?post=82514"}],"version-history":[{"count":0,"href":"https:\/\/www.europesays.com\/fi\/wp-json\/wp\/v2\/posts\/82514\/revisions"}],"wp:featuredmedia":[{"embeddable":true,"href":"https:\/\/www.europesays.com\/fi\/wp-json\/wp\/v2\/media\/82515"}],"wp:attachment":[{"href":"https:\/\/www.europesays.com\/fi\/wp-json\/wp\/v2\/media?parent=82514"}],"wp:term":[{"taxonomy":"category","embeddable":true,"href":"https:\/\/www.europesays.com\/fi\/wp-json\/wp\/v2\/categories?post=82514"},{"taxonomy":"post_tag","embeddable":true,"href":"https:\/\/www.europesays.com\/fi\/wp-json\/wp\/v2\/tags?post=82514"}],"curies":[{"name":"wp","href":"https:\/\/api.w.org\/{rel}","templated":true}]}}