{"id":82525,"date":"2025-11-06T07:44:07","date_gmt":"2025-11-06T07:44:07","guid":{"rendered":"https:\/\/www.europesays.com\/fi\/82525\/"},"modified":"2025-11-06T07:44:07","modified_gmt":"2025-11-06T07:44:07","slug":"kaikki-rakastavat-hevosia-sarja-jaa-raakileeksi","status":"publish","type":"post","link":"https:\/\/www.europesays.com\/fi\/82525\/","title":{"rendered":"Kaikki rakastavat hevosia -sarja j\u00e4\u00e4 raakileeksi"},"content":{"rendered":"<p>Televisioarvio|Islannissa kuvattu kotimainen Kaikki rakastavat hevosia -sarja j\u00e4\u00e4 raakileeksi.<\/p>\n<p class=\"article-body mb-nof-24 px-nof-16\">Kaikki rakastavat hevosia. Yle Areena. \u2605\u2605<\/p>\n<p class=\"article-body mb-nof-24 px-nof-16\">Lieneek\u00f6 <a class=\"article-personlink\" href=\"https:\/\/www.hs.fi\/haku\/?query=Satu%20R%C3%A4m%C3%B6n\" rel=\"nofollow noopener\" target=\"_blank\">Satu R\u00e4m\u00f6n <\/a>Hildur-dekkareilla osuutta siihen, ett\u00e4 Islannin maisemat houkuttelevat nyt suomalaisia.<\/p>\n<p class=\"article-body mb-nof-24 px-nof-16\">Ne houkuttelevat my\u00f6s Kaikki rakastavat hevosia -sarjan p\u00e4\u00e4henkil\u00f6it\u00e4. Kaveriporukka l\u00e4htee yhdess\u00e4 Islantiin hevosleirille viett\u00e4m\u00e4\u00e4n Kaisan viisikymppisi\u00e4. <\/p>\n","protected":false},"excerpt":{"rendered":"Televisioarvio|Islannissa kuvattu kotimainen Kaikki rakastavat hevosia -sarja j\u00e4\u00e4 raakileeksi. Kaikki rakastavat hevosia. Yle Areena. \u2605\u2605 Lieneek\u00f6 Satu R\u00e4m\u00f6n&hellip;\n","protected":false},"author":2,"featured_media":82526,"comment_status":"","ping_status":"","sticky":false,"template":"","format":"standard","meta":{"footnotes":""},"categories":[133],"tags":[137,33,31,30,46,32,206,156,109],"class_list":{"0":"post-82525","1":"post","2":"type-post","3":"status-publish","4":"format-standard","5":"has-post-thumbnail","7":"category-televisiot","8":"tag-entertainment","9":"tag-fi","10":"tag-finland","11":"tag-finnish","12":"tag-helsingin-sanomat","13":"tag-suomi","14":"tag-televisiot","15":"tag-tv","16":"tag-viihde"},"share_on_mastodon":{"url":"https:\/\/pubeurope.com\/@fi\/115501640073954223","error":""},"_links":{"self":[{"href":"https:\/\/www.europesays.com\/fi\/wp-json\/wp\/v2\/posts\/82525","targetHints":{"allow":["GET"]}}],"collection":[{"href":"https:\/\/www.europesays.com\/fi\/wp-json\/wp\/v2\/posts"}],"about":[{"href":"https:\/\/www.europesays.com\/fi\/wp-json\/wp\/v2\/types\/post"}],"author":[{"embeddable":true,"href":"https:\/\/www.europesays.com\/fi\/wp-json\/wp\/v2\/users\/2"}],"replies":[{"embeddable":true,"href":"https:\/\/www.europesays.com\/fi\/wp-json\/wp\/v2\/comments?post=82525"}],"version-history":[{"count":0,"href":"https:\/\/www.europesays.com\/fi\/wp-json\/wp\/v2\/posts\/82525\/revisions"}],"wp:featuredmedia":[{"embeddable":true,"href":"https:\/\/www.europesays.com\/fi\/wp-json\/wp\/v2\/media\/82526"}],"wp:attachment":[{"href":"https:\/\/www.europesays.com\/fi\/wp-json\/wp\/v2\/media?parent=82525"}],"wp:term":[{"taxonomy":"category","embeddable":true,"href":"https:\/\/www.europesays.com\/fi\/wp-json\/wp\/v2\/categories?post=82525"},{"taxonomy":"post_tag","embeddable":true,"href":"https:\/\/www.europesays.com\/fi\/wp-json\/wp\/v2\/tags?post=82525"}],"curies":[{"name":"wp","href":"https:\/\/api.w.org\/{rel}","templated":true}]}}