{"id":82540,"date":"2025-11-06T08:10:07","date_gmt":"2025-11-06T08:10:07","guid":{"rendered":"https:\/\/www.europesays.com\/fi\/82540\/"},"modified":"2025-11-06T08:10:07","modified_gmt":"2025-11-06T08:10:07","slug":"puoli-seitseman-ohjelmassa-poikkeustilanne-ella-kanninen-puuttui-lahetyksesta","status":"publish","type":"post","link":"https:\/\/www.europesays.com\/fi\/82540\/","title":{"rendered":"Puoli seitsem\u00e4n -ohjelmassa poikkeustilanne: Ella Kanninen puuttui l\u00e4hetyksest\u00e4"},"content":{"rendered":"<p class=\"article-content article-content-width !bg-background\">Keskiviikkona 5.11. Puoli seitsem\u00e4n -ohjelmassa puhuttiin mustasta aukosta ja pohdittiin, ett\u00e4 el\u00e4mmek\u00f6 oikeasti toisessa todellisuudessa. Vieraana l\u00e4hetyksess\u00e4 oli astrofyysikko <a alt=\"Haku\" class=\"text-primary-red font-extrabold\" href=\"https:\/\/www.seiska.fi\/haku?q=Sissi Enestam\" rel=\"nofollow noopener\" target=\"_blank\">Sissi Enestam<\/a>.<\/p>\n<p class=\"font-weight-bold m-font-weight-bold article-content article-content-width !bg-background\">Video: Sara Mellerin joulu alkaa jo marraskuussa.\u00a0<\/p>\n<p class=\"article-content article-content-width !bg-background\">Pinkin sohvan toinen puoli ammotti l\u00e4hetyksen aikana kuitenkin tyhjyytt\u00e4\u00e4n, ja studiossa n\u00e4htiin vain toinen juontajista, <a alt=\"Haku\" class=\"text-primary-red font-extrabold\" href=\"https:\/\/www.seiska.fi\/haku?q=Mikko Kek\u00e4l\u00e4inen\" rel=\"nofollow noopener\" target=\"_blank\">Mikko Kek\u00e4l\u00e4inen<\/a>. <a alt=\"Haku\" class=\"text-primary-red font-extrabold\" href=\"https:\/\/www.seiska.fi\/haku?q=Ella Kanninen\" rel=\"nofollow noopener\" target=\"_blank\">Ella Kanninen<\/a> ei ollut l\u00e4hetyksess\u00e4 mukana.\u00a0<\/p>\n<p>Kuppi kuumaa<\/p>\n<p class=\"article-content article-content-width !bg-background\">Syy poissaololle selvi\u00e4\u00e4 Ellan <a href=\"https:\/\/www.instagram.com\/ellakanninen\/\" target=\"_blank\" rel=\"nofollow noopener\">Instagram-tililt\u00e4<\/a>. H\u00e4n julkaisi tarinan, jossa kertoo syyn.\u00a0<\/p>\n<p class=\"article-content article-content-width !bg-background\"> \u2013 Heippuli! Olen t\u00e4n\u00e4\u00e4n parantelemassa \u00e4\u00e4nt\u00e4 ja tukkoista nen\u00e4\u00e4 kotona, sek\u00e4 h\u00f6rppim\u00e4ss\u00e4 kuumaa, Ella kirjoittaa.\u00a0<\/p>\n<p class=\"article-content article-content-width !bg-background\">Ella lupaa, ett\u00e4 h\u00e4net tullaan n\u00e4kem\u00e4\u00e4n j\u00e4lleen ohjelmassa torstaina 6.11.\u00a0<\/p>\n<p class=\"article-content article-content-width !bg-background\">\u00a0 \u2013 N\u00e4hd\u00e4\u00e4n Puoli seitsem\u00e4n -ohjelman pinkill\u00e4 sohvalla taas torstaina, Ella kirjoittaa.\u00a0<\/p>\n<p class=\"article-content article-content-width !bg-background\">Torstaina 6.11. ohjelman vieraaksi saapuu ex-popt\u00e4hti, nykyinen hiiht\u00e4j\u00e4 <a alt=\"Haku\" class=\"text-primary-red font-extrabold\" href=\"https:\/\/www.seiska.fi\/haku?q=Antti Tuisku\" rel=\"nofollow noopener\" target=\"_blank\">Antti Tuisku<\/a>.\u00a0<\/p>\n<p class=\"article-content article-content-width !bg-background\">Maanantaina 11.10. Yle Areenassa ilmestyy Antista kertova kolmiosainen dokumenttisarja.<\/p>\n<p class=\"italic m-italic article-content article-content-width !bg-background\">Puoli seitsem\u00e4n arkisin TV1-kanavalla.<\/p>\n<p><script async src=\"\/\/www.instagram.com\/embed.js\"><\/script><\/p>\n","protected":false},"excerpt":{"rendered":"Keskiviikkona 5.11. Puoli seitsem\u00e4n -ohjelmassa puhuttiin mustasta aukosta ja pohdittiin, ett\u00e4 el\u00e4mmek\u00f6 oikeasti toisessa todellisuudessa. Vieraana l\u00e4hetyksess\u00e4 oli&hellip;\n","protected":false},"author":2,"featured_media":77349,"comment_status":"","ping_status":"","sticky":false,"template":"","format":"standard","meta":{"footnotes":""},"categories":[133],"tags":[204,10013,137,33,31,30,3060,5314,5853,17118,32,10154,206,1318,156,1753,109,913],"class_list":{"0":"post-82540","1":"post","2":"type-post","3":"status-publish","4":"format-standard","5":"has-post-thumbnail","7":"category-televisiot","8":"tag-antti-tuisku","9":"tag-ella-kanninen","10":"tag-entertainment","11":"tag-fi","12":"tag-finland","13":"tag-finnish","14":"tag-keskusteluohjelma","15":"tag-mikko-kekalainen","16":"tag-puoli-seitseman","17":"tag-sissi-enestam","18":"tag-suomi","19":"tag-suora-lahetys","20":"tag-televisiot","21":"tag-tv-ohjelma","22":"tag-tv","23":"tag-tv1","24":"tag-viihde","25":"tag-yle-areena"},"share_on_mastodon":{"url":"https:\/\/pubeurope.com\/@fi\/115501742375064878","error":""},"_links":{"self":[{"href":"https:\/\/www.europesays.com\/fi\/wp-json\/wp\/v2\/posts\/82540","targetHints":{"allow":["GET"]}}],"collection":[{"href":"https:\/\/www.europesays.com\/fi\/wp-json\/wp\/v2\/posts"}],"about":[{"href":"https:\/\/www.europesays.com\/fi\/wp-json\/wp\/v2\/types\/post"}],"author":[{"embeddable":true,"href":"https:\/\/www.europesays.com\/fi\/wp-json\/wp\/v2\/users\/2"}],"replies":[{"embeddable":true,"href":"https:\/\/www.europesays.com\/fi\/wp-json\/wp\/v2\/comments?post=82540"}],"version-history":[{"count":0,"href":"https:\/\/www.europesays.com\/fi\/wp-json\/wp\/v2\/posts\/82540\/revisions"}],"wp:featuredmedia":[{"embeddable":true,"href":"https:\/\/www.europesays.com\/fi\/wp-json\/wp\/v2\/media\/77349"}],"wp:attachment":[{"href":"https:\/\/www.europesays.com\/fi\/wp-json\/wp\/v2\/media?parent=82540"}],"wp:term":[{"taxonomy":"category","embeddable":true,"href":"https:\/\/www.europesays.com\/fi\/wp-json\/wp\/v2\/categories?post=82540"},{"taxonomy":"post_tag","embeddable":true,"href":"https:\/\/www.europesays.com\/fi\/wp-json\/wp\/v2\/tags?post=82540"}],"curies":[{"name":"wp","href":"https:\/\/api.w.org\/{rel}","templated":true}]}}