{"id":82551,"date":"2025-11-06T08:20:08","date_gmt":"2025-11-06T08:20:08","guid":{"rendered":"https:\/\/www.europesays.com\/fi\/82551\/"},"modified":"2025-11-06T08:20:08","modified_gmt":"2025-11-06T08:20:08","slug":"myos-orpo-ja-adlercreutz-jaavaavat-itsensa-lansiradan-kasittelyssa","status":"publish","type":"post","link":"https:\/\/www.europesays.com\/fi\/82551\/","title":{"rendered":"My\u00f6s Orpo ja Adlercreutz j\u00e4\u00e4v\u00e4\u00e4v\u00e4t itsens\u00e4 L\u00e4nsiradan k\u00e4sittelyss\u00e4"},"content":{"rendered":"<p>Tunnin juna|Kunnat alkavat k\u00e4sitell\u00e4 viime viikolla hyv\u00e4ksytty\u00e4 L\u00e4nsiradan osakassopimusta perjantaina.<\/p>\n<p>Lue tiivistelm\u00e4<\/p>\n<p>Tiivistelm\u00e4 on teko\u00e4lyn tekem\u00e4 ja ihmisen tarkistama.<\/p>\n<p class=\"article-body mb-nof-24 px-nof-16 sndp-summary-bullet-point-font\">P\u00e4\u00e4ministeri Petteri Orpo, valtiovarainministeri Riikka Purra sek\u00e4 opetusministeri Anders Adlercreutz aikovat j\u00e4\u00e4v\u00e4t\u00e4 itsens\u00e4 L\u00e4nsiradan k\u00e4sittelyss\u00e4.<\/p>\n<p class=\"article-body mb-nof-24 px-nof-16 sndp-summary-bullet-point-font\">Orpo, Purra ja Adlercreutz istuvat valtioneuvoston lis\u00e4ksi kaupunginvaltuustoissa, jotka k\u00e4sittelev\u00e4t osakassopimuksia.<\/p>\n<p class=\"article-body mb-nof-24 px-nof-16 sndp-summary-bullet-point-font\">Helsingin yliopiston emeritusprofessori Olli M\u00e4enp\u00e4\u00e4 pit\u00e4\u00e4 ministerien aikeita perusteettomina.<\/p>\n<p class=\"article-body mb-nof-24 px-nof-16\">P\u00e4\u00e4ministeri <a class=\"article-personlink\" href=\"https:\/\/www.hs.fi\/haku\/?query=Petteri%20Orpo\" rel=\"nofollow noopener\" target=\"_blank\">Petteri Orpo<\/a> (kok) ja opetusministeri <a class=\"article-personlink\" href=\"https:\/\/www.hs.fi\/haku\/?query=Anders%20Adlercreutz\" rel=\"nofollow noopener\" target=\"_blank\">Anders Adlercreutz<\/a> (r) ovat j\u00e4\u00e4v\u00e4\u00e4m\u00e4ss\u00e4 itsens\u00e4 L\u00e4nsirataa koskevassa k\u00e4sittelyss\u00e4, kuten tekee my\u00f6s valtiovarainministeri <a class=\"article-personlink\" href=\"https:\/\/www.hs.fi\/haku\/?query=Riikka%20Purra\" rel=\"nofollow noopener\" target=\"_blank\">Riikka Purra<\/a> (ps). L\u00e4nsiradasta p\u00e4\u00e4tet\u00e4\u00e4n kaupunginvaltuustoissa ja talouspoliittisessa ministerivaliokunnassa. P\u00e4\u00e4t\u00f6kset j\u00e4\u00e4v\u00e4\u00e4misest\u00e4 vahvistettiin Helsingin Sanomille ministerien esikunnista.<\/p>\n<p class=\"article-body mb-nof-24 px-nof-16\">Purra <a class=\"article-genericlink\" href=\"https:\/\/www.hs.fi\/politiikka\/art-2000011601732.html\" rel=\"nofollow noopener\" target=\"_blank\">kertoi<\/a> maanantaina HS:lle, ett\u00e4 j\u00e4\u00e4v\u00e4\u00e4 itsens\u00e4 asiassa hallituksen talouspoliittisessa ministerivaliokunnassa ja todenn\u00e4k\u00f6isesti my\u00f6s kotikuntansa Kirkkonummen kaupunginvaltuutettuna.<\/p>\n<p class=\"article-body mb-nof-24 px-nof-16\">Orpo toimii kaupunginvaltuutettuna Turussa ja Adlercreutz Kirkkonummella. Molemmat kaupungit ovat L\u00e4nsiradan osakaskuntia. Kunnat alkavat k\u00e4sitell\u00e4 viime viikolla hyv\u00e4ksytty\u00e4 L\u00e4nsiradan osakassopimusta perjantaina.<\/p>\n<p class=\"article-body mb-nof-24 px-nof-16\">L\u00e4nsiradasta p\u00e4\u00e4tt\u00e4viss\u00e4 kunnista asuu ministereist\u00e4 Purran, Orpon ja Adlercreutzin lis\u00e4ksi urheilu-, liikunta- ja nuorisoministeri <a class=\"article-personlink\" href=\"https:\/\/www.hs.fi\/haku\/?query=Mika%20Poutala\" rel=\"nofollow noopener\" target=\"_blank\">Mika Poutala<\/a> (kd). Poutala viestitt\u00e4\u00e4 HS:lle, ettei viel\u00e4 ole muodostanut j\u00e4\u00e4v\u00e4\u00e4misen osalta kantaansa ja kertoo selvitt\u00e4v\u00e4ns\u00e4 asiaa.<\/p>\n<p class=\"article-body mb-nof-24 px-nof-16\">Helsingin yliopiston hallinto-oikeuden emeritusprofessori <a class=\"article-personlink\" href=\"https:\/\/www.hs.fi\/haku\/?query=Olli%20M%C3%A4enp%C3%A4%C3%A4\" rel=\"nofollow noopener\" target=\"_blank\">Olli M\u00e4enp\u00e4\u00e4<\/a> tyrm\u00e4\u00e4 ministerien aikeet j\u00e4\u00e4v\u00e4t\u00e4 itsens\u00e4 L\u00e4nsirataa koskevassa p\u00e4\u00e4t\u00f6ksenteossa.<\/p>\n<p class=\"article-body mb-nof-24 px-nof-16\">Perusteita j\u00e4\u00e4v\u00e4\u00e4miselle ei h\u00e4nen mielest\u00e4\u00e4n ole sen paremmin kaupunginvaltuustossa kuin ministerivaliokunnassaan. T\u00e4m\u00e4 johtuu siit\u00e4, ettei L\u00e4nsirata tiett\u00e4v\u00e4sti synnyt\u00e4 suoraa hy\u00f6ty\u00e4 p\u00e4\u00e4t\u00f6st\u00e4 tekeville, M\u00e4enp\u00e4\u00e4 toteaa.<\/p>\n<p class=\"article-body mb-nof-24 px-nof-16\">Ministerivaliokunnassa j\u00e4\u00e4viydest\u00e4 p\u00e4\u00e4tt\u00e4minen perustuu virkamieheen sovellettaviin esteellisyysperusteluihin. Siihen saattavat kaatua my\u00f6s ministerien nyt esitt\u00e4m\u00e4t aikeet j\u00e4tt\u00e4\u00e4 itsens\u00e4 p\u00e4\u00e4t\u00f6ksenteon ulkopuolelle.<\/p>\n<p><img decoding=\"async\" src=\"https:\/\/www.europesays.com\/fi\/wp-content\/uploads\/2025\/11\/1762417208_779_468.jpg\" alt=\"Helsingin yliopiston hallinto-oikeuden emeritusprofessori Olli M\u00e4enp\u00e4\u00e4.\" class=\"_Img_1rerz_1\" style=\"aspect-ratio:1.5\" loading=\"eager\"\/><\/p>\n<p class=\"article-picture-caption\">Helsingin yliopiston hallinto-oikeuden emeritusprofessori Olli M\u00e4enp\u00e4\u00e4. Kuva:\u00a0Outi Pyh\u00e4ranta \/ HS<\/p>\n<p class=\"article-body mb-nof-24 px-nof-16\">\u201dPerusteeton j\u00e4\u00e4v\u00e4\u00e4minen on menettelyvirhe. Niin ei pit\u00e4isi tehd\u00e4. K\u00e4sien peseminen poliittisesti ei ole peruste j\u00e4\u00e4v\u00e4t\u00e4 itse\u00e4\u00e4n p\u00e4\u00e4t\u00f6ksenteossa\u201d, M\u00e4enp\u00e4\u00e4 linjaa.<\/p>\n<p class=\"article-body mb-nof-24 px-nof-16\">Valtuustossakaan itsens\u00e4 j\u00e4\u00e4v\u00e4\u00e4minen poliittisista tai imagollisista syist\u00e4 ei ole riitt\u00e4v\u00e4 peruste.<\/p>\n<p class=\"article-body mb-nof-24 px-nof-16\">\u201dEi valtuutettu voi mielivaltaisesti tai oman harkintansa mukaan olla pois p\u00e4\u00e4tt\u00e4m\u00e4st\u00e4 asiasta valtuustossa keksityll\u00e4 tai huteralla perustelulla.\u201d<\/p>\n<p class=\"article-body mb-nof-24 px-nof-16\">K\u00e4yt\u00e4nn\u00f6ss\u00e4 p\u00e4\u00e4t\u00f6ksenteosta voisi j\u00e4tt\u00e4yty\u00e4 pois vain muun esteen, esimerkiksi sairauden, perusteella.<\/p>\n<p class=\"article-body mb-nof-24 px-nof-16\">Rkp:n Adlercreutzin kannalta tilannetta mutkistaa my\u00f6s se, ett\u00e4 ministerivaliokunnassa kullakin puolueella tulisi olla oma edustajansa. Muuten valiokunta ei ole p\u00e4\u00e4t\u00f6svaltainen. Opetusministerin esikunta viestitt\u00e4\u00e4 HS:lle, ett\u00e4 t\u00e4h\u00e4n liittyvi\u00e4 j\u00e4rjestelyj\u00e4 selvitet\u00e4\u00e4n.<\/p>\n","protected":false},"excerpt":{"rendered":"Tunnin juna|Kunnat alkavat k\u00e4sitell\u00e4 viime viikolla hyv\u00e4ksytty\u00e4 L\u00e4nsiradan osakassopimusta perjantaina. Lue tiivistelm\u00e4 Tiivistelm\u00e4 on teko\u00e4lyn tekem\u00e4 ja ihmisen&hellip;\n","protected":false},"author":2,"featured_media":82552,"comment_status":"","ping_status":"","sticky":false,"template":"","format":"standard","meta":{"footnotes":""},"categories":[12],"tags":[22,23,26,27,33,31,30,17,46,24,25,28,29,15,18,21,32,19,20,16],"class_list":{"0":"post-82551","1":"post","2":"type-post","3":"status-publish","4":"format-standard","5":"has-post-thumbnail","7":"category-suomi","8":"tag-breaking-news","9":"tag-breakingnews","10":"tag-featured-news","11":"tag-featurednews","12":"tag-fi","13":"tag-finland","14":"tag-finnish","15":"tag-headlines","16":"tag-helsingin-sanomat","17":"tag-latest-news","18":"tag-latestnews","19":"tag-main-news","20":"tag-mainnews","21":"tag-news","22":"tag-otsikot","23":"tag-paauutiset","24":"tag-suomi","25":"tag-top-stories","26":"tag-topstories","27":"tag-uutiset"},"share_on_mastodon":{"url":"https:\/\/pubeurope.com\/@fi\/115501781912508517","error":""},"_links":{"self":[{"href":"https:\/\/www.europesays.com\/fi\/wp-json\/wp\/v2\/posts\/82551","targetHints":{"allow":["GET"]}}],"collection":[{"href":"https:\/\/www.europesays.com\/fi\/wp-json\/wp\/v2\/posts"}],"about":[{"href":"https:\/\/www.europesays.com\/fi\/wp-json\/wp\/v2\/types\/post"}],"author":[{"embeddable":true,"href":"https:\/\/www.europesays.com\/fi\/wp-json\/wp\/v2\/users\/2"}],"replies":[{"embeddable":true,"href":"https:\/\/www.europesays.com\/fi\/wp-json\/wp\/v2\/comments?post=82551"}],"version-history":[{"count":0,"href":"https:\/\/www.europesays.com\/fi\/wp-json\/wp\/v2\/posts\/82551\/revisions"}],"wp:featuredmedia":[{"embeddable":true,"href":"https:\/\/www.europesays.com\/fi\/wp-json\/wp\/v2\/media\/82552"}],"wp:attachment":[{"href":"https:\/\/www.europesays.com\/fi\/wp-json\/wp\/v2\/media?parent=82551"}],"wp:term":[{"taxonomy":"category","embeddable":true,"href":"https:\/\/www.europesays.com\/fi\/wp-json\/wp\/v2\/categories?post=82551"},{"taxonomy":"post_tag","embeddable":true,"href":"https:\/\/www.europesays.com\/fi\/wp-json\/wp\/v2\/tags?post=82551"}],"curies":[{"name":"wp","href":"https:\/\/api.w.org\/{rel}","templated":true}]}}