{"id":82561,"date":"2025-11-06T08:38:07","date_gmt":"2025-11-06T08:38:07","guid":{"rendered":"https:\/\/www.europesays.com\/fi\/82561\/"},"modified":"2025-11-06T08:38:07","modified_gmt":"2025-11-06T08:38:07","slug":"marvel-studiosin-uusin-elokuva-tuli-disneyaan-pienen-bonuksen-kanssa","status":"publish","type":"post","link":"https:\/\/www.europesays.com\/fi\/82561\/","title":{"rendered":"Marvel Studiosin uusin elokuva tuli Disney+:aan pienen bonuksen kanssa"},"content":{"rendered":"<p>The Fantastic Four: First Steps tuli Disney+:aan eilen. Samalla palvelun tilaajille aukesi tilaisuus larpata Ihmenelosia itse.<\/p>\n<p><a href=\"https:\/\/muropaketti.com\/avainsana\/the-fantastic-four-first-steps\/\" rel=\"nofollow noopener\" target=\"_blank\">The Fantastic Four: First Stepsin<\/a> julkaisun my\u00f6t\u00e4 Disney+:aan on tullut mahdollisuus vaihtaa oman avatar-kuvansa Ihmenelosten j\u00e4seneksi. Vaihtoehtoina ovat Reed Richards, Sue Storm, Johnny Storm, Ben Grimm ja H.E.R.B.I.E.-robotti.<\/p>\n<p>Asiasta on uutisoinut <a href=\"https:\/\/whatsondisneyplus.com\/disney-adds-the-fantastic-four-first-steps-profile-avatars\/?fbclid=IwY2xjawN5MXlleHRuA2FlbQIxMQBicmlkETFHd2oxVjFDVGNsa3VoMWNFc3J0YwZhcHBfaWQQMjIyMDM5MTc4ODIwMDg5MgABHmNqNWEXeUjNhO3TqBMmte-4GWYdvQbTHP32U1IMCegsiYqRrv5x8cVBhkpI_aem_OaPGUkojNh2dZD4J4AiyuQ\" target=\"_blank\" rel=\"noreferrer noopener nofollow\">What\u2019s On Disney Plus -sivusto<\/a>.<\/p>\n<p>Avatarit ovat auenneet k\u00e4ytt\u00f6\u00f6n my\u00f6s Suomessa, joten ei muuta kuin asetuksiin uutta kuvaa valitsemaan.<\/p>\n<p>Paitsi ett\u00e4 M\u00f6ykky on varattu meille!<\/p>\n<p><a href=\"https:\/\/muropaketti.com\/wp-content\/uploads\/2025\/11\/disney-plus-ihmeneloset.jpg\" rel=\"nofollow noopener\" target=\"_blank\"><img fetchpriority=\"high\" decoding=\"async\" width=\"1024\" height=\"532\" alt=\"\" class=\"wp-image-905374 awpo-lazy\"  data- src=\"https:\/\/www.europesays.com\/fi\/wp-content\/uploads\/2025\/11\/disney-plus-ihmeneloset-1024x532.jpg\"\/><\/a><\/p>\n","protected":false},"excerpt":{"rendered":"The Fantastic Four: First Steps tuli Disney+:aan eilen. Samalla palvelun tilaajille aukesi tilaisuus larpata Ihmenelosia itse. The Fantastic&hellip;\n","protected":false},"author":2,"featured_media":51351,"comment_status":"","ping_status":"","sticky":false,"template":"","format":"standard","meta":{"footnotes":""},"categories":[131],"tags":[298,155,137,33,173,31,30,172,32,1280,109],"class_list":{"0":"post-82561","1":"post","2":"type-post","3":"status-publish","4":"format-standard","5":"has-post-thumbnail","7":"category-elokuvat","8":"tag-disney","9":"tag-elokuvat","10":"tag-entertainment","11":"tag-fi","12":"tag-film","13":"tag-finland","14":"tag-finnish","15":"tag-movies","16":"tag-suomi","17":"tag-the-fantastic-four-first-steps","18":"tag-viihde"},"share_on_mastodon":{"url":"https:\/\/pubeurope.com\/@fi\/115501852557650568","error":""},"_links":{"self":[{"href":"https:\/\/www.europesays.com\/fi\/wp-json\/wp\/v2\/posts\/82561","targetHints":{"allow":["GET"]}}],"collection":[{"href":"https:\/\/www.europesays.com\/fi\/wp-json\/wp\/v2\/posts"}],"about":[{"href":"https:\/\/www.europesays.com\/fi\/wp-json\/wp\/v2\/types\/post"}],"author":[{"embeddable":true,"href":"https:\/\/www.europesays.com\/fi\/wp-json\/wp\/v2\/users\/2"}],"replies":[{"embeddable":true,"href":"https:\/\/www.europesays.com\/fi\/wp-json\/wp\/v2\/comments?post=82561"}],"version-history":[{"count":0,"href":"https:\/\/www.europesays.com\/fi\/wp-json\/wp\/v2\/posts\/82561\/revisions"}],"wp:featuredmedia":[{"embeddable":true,"href":"https:\/\/www.europesays.com\/fi\/wp-json\/wp\/v2\/media\/51351"}],"wp:attachment":[{"href":"https:\/\/www.europesays.com\/fi\/wp-json\/wp\/v2\/media?parent=82561"}],"wp:term":[{"taxonomy":"category","embeddable":true,"href":"https:\/\/www.europesays.com\/fi\/wp-json\/wp\/v2\/categories?post=82561"},{"taxonomy":"post_tag","embeddable":true,"href":"https:\/\/www.europesays.com\/fi\/wp-json\/wp\/v2\/tags?post=82561"}],"curies":[{"name":"wp","href":"https:\/\/api.w.org\/{rel}","templated":true}]}}