{"id":82566,"date":"2025-11-06T08:43:12","date_gmt":"2025-11-06T08:43:12","guid":{"rendered":"https:\/\/www.europesays.com\/fi\/82566\/"},"modified":"2025-11-06T08:43:12","modified_gmt":"2025-11-06T08:43:12","slug":"apple-julkaisi-ios-ja-ipados-18-7-2-tietoturvapaivitykset-paikkaavat-kymmenia-haavoittuvuuksia","status":"publish","type":"post","link":"https:\/\/www.europesays.com\/fi\/82566\/","title":{"rendered":"Apple julkaisi iOS ja iPadOS 18.7.2 -tietoturvap\u00e4ivitykset \u2013 paikkaavat kymmeni\u00e4 haavoittuvuuksia"},"content":{"rendered":"<p><a href=\"https:\/\/mobiili.fi\/wp-content\/uploads\/2018\/09\/iphone_xs_iphone_xs_max_1-1.jpg\" data-lightbox=\"image\" rel=\"nofollow noopener\" target=\"_blank\"><img fetchpriority=\"high\" decoding=\"async\" aria-describedby=\"caption-attachment-117633\" class=\"size-large wp-image-117633\" src=\"data:image\/svg+xml,%3Csvg%20xmlns=\" http:=\"\" alt=\"Kuvassa Apple iPhone XS Max ja iPhone XS.\" width=\"800\" height=\"600\" data-lazy- data-lazy- data-lazy-src=\"https:\/\/www.europesays.com\/fi\/wp-content\/uploads\/2025\/11\/iphone_xs_iphone_xs_max_1-1-800x600.jpg\"\/><\/a><\/p>\n<p id=\"caption-attachment-117633\" class=\"wp-caption-text\">Kuvassa Apple iPhone XS Max ja iPhone XS.<\/p>\n<p>Apple on julkaissut iOS ja iPadOS 18.7.2 -k\u00e4ytt\u00f6j\u00e4rjestelm\u00e4version p\u00e4ivityksen\u00e4 iPhoneille ja iPadeille.<\/p>\n<p>P\u00e4ivitys seuraa <a href=\"https:\/\/mobiili.fi\/2025\/11\/04\/apple-julkaisi-uusia-ominaisuuksia-tuovat-pistepaivitykset-ios-26-1-ja-muut-nyt-ladattavissa-tassa-uudistukset\/\" rel=\"nofollow noopener\" target=\"_blank\">Applen my\u00f6h\u00e4\u00e4n maanantai-iltana 5. marraskuuta julkaisemia 26-versioita eri k\u00e4ytt\u00f6j\u00e4rjestelmist\u00e4\u00e4n<\/a>.<\/p>\n<p>iOS 18.7.2:n my\u00f6t\u00e4 Apple tuo tietoturvakorjauksia aiemmille merkitt\u00e4v\u00e4lle iOS- ja iPadOS-versioille, jolila on viel\u00e4 paljon k\u00e4ytt\u00e4ji\u00e4. Siirtyminen 26-versioihin on valinnaista, mink\u00e4 lis\u00e4ksi iPhone XR, iPhone XS ja iPhone XS Max sek\u00e4 7. sukupolven iPad-perusmalli putosivat pois viimeisimpien versioiden tuen piirist\u00e4.<\/p>\n<p style=\"width: 98%; text-align: center; font-size:13px; border-bottom: 1px solid #C8C8C8; line-height: 0.1em; margin: 8px 1% 16px 1%;\">MAINOS (ARTIKKELI JATKUU ALLA)<\/p>\n<p>Applen mukaan iOS ja iPadOS 18.7.2 sis\u00e4lt\u00e4v\u00e4t t\u00e4rkeit\u00e4 tietoturvakorjauksia ja sit\u00e4 suositellaan kaikille k\u00e4ytt\u00e4jille.<\/p>\n<p><a href=\"https:\/\/support.apple.com\/en-us\/125633\" rel=\"nofollow noopener\" target=\"_blank\">Tietoturvap\u00e4ivitysten sivuillaan Apple kertoo iOS ja iPadOS 18.7.2:n sis\u00e4lt\u00e4v\u00e4n kaikkiaan kolmisenkymment\u00e4 haavoittuvuuskorjausta<\/a>, jotka vastaavat pit\u00e4lti iOS ja iPadOS 26.1:n sis\u00e4lt\u00e4mi\u00e4 korjauksia.<\/p>\n<p>iPhonen ja iPadin p\u00e4ivitt\u00e4minen onnistuu valikosta Asetukset \u2013 Yleiset \u2013 Ohjelmistop\u00e4ivitys.<\/p>\n<p>Jaa t\u00e4m\u00e4<\/p>\n<ul>\n<li class=\"share-facebook\"><a rel=\"nofollow noopener noreferrer\" data-shared=\"sharing-facebook-268216\" class=\"share-facebook sd-button share-icon\" href=\"https:\/\/mobiili.fi\/2025\/11\/05\/apple-julkaisi-ios-ja-ipados-18-7-2-tietoturvapaivitykset-paikkaavat-kymmenia-haavoittuvuuksia\/?share=facebook\" target=\"_blank\" aria-labelledby=\"sharing-facebook-268216\"><br \/>\n\t\t\t\tJaa Facebookissa(Avautuu uudessa ikkunassa)<br \/>\n\t\t\t\tFacebook<br \/>\n\t\t\t<\/a><\/li>\n<li class=\"share-twitter\"><a rel=\"nofollow noopener noreferrer\" data-shared=\"sharing-twitter-268216\" class=\"share-twitter sd-button share-icon\" href=\"https:\/\/mobiili.fi\/2025\/11\/05\/apple-julkaisi-ios-ja-ipados-18-7-2-tietoturvapaivitykset-paikkaavat-kymmenia-haavoittuvuuksia\/?share=twitter\" target=\"_blank\" aria-labelledby=\"sharing-twitter-268216\"><br \/>\n\t\t\t\tClick to share on X(Avautuu uudessa ikkunassa)<br \/>\n\t\t\t\tX<br \/>\n\t\t\t<\/a><\/li>\n<li class=\"share-linkedin\"><a rel=\"nofollow noopener noreferrer\" data-shared=\"sharing-linkedin-268216\" class=\"share-linkedin sd-button share-icon\" href=\"https:\/\/mobiili.fi\/2025\/11\/05\/apple-julkaisi-ios-ja-ipados-18-7-2-tietoturvapaivitykset-paikkaavat-kymmenia-haavoittuvuuksia\/?share=linkedin\" target=\"_blank\" aria-labelledby=\"sharing-linkedin-268216\"><br \/>\n\t\t\t\tJaa LinkedIn:ss\u00e4(Avautuu uudessa ikkunassa)<br \/>\n\t\t\t\tLinkedIn<br \/>\n\t\t\t<\/a><\/li>\n<li class=\"share-jetpack-whatsapp\"><a rel=\"nofollow noopener noreferrer\" data-shared=\"sharing-whatsapp-268216\" class=\"share-jetpack-whatsapp sd-button share-icon\" href=\"https:\/\/mobiili.fi\/2025\/11\/05\/apple-julkaisi-ios-ja-ipados-18-7-2-tietoturvapaivitykset-paikkaavat-kymmenia-haavoittuvuuksia\/?share=jetpack-whatsapp\" target=\"_blank\" aria-labelledby=\"sharing-whatsapp-268216\"><br \/>\n\t\t\t\tJaa WhatsApp palvelussa(Avautuu uudessa ikkunassa)<br \/>\n\t\t\t\tWhatsApp<br \/>\n\t\t\t<\/a><\/li>\n<li class=\"share-end\"\/><\/ul>\n<p>Mainos: <a href=\"https:\/\/hinta.fi\/?src=gPp6fX03\" target=\"_blank\" rel=\"nofollow noopener\">Noin 1 600 000 tuotteen hintavertailu ja hintaseuranta &#8211; katso Hinta.fist\u00e4 mist\u00e4 saat halvimmalla<\/a><\/p>\n","protected":false},"excerpt":{"rendered":"Kuvassa Apple iPhone XS Max ja iPhone XS. Apple on julkaissut iOS ja iPadOS 18.7.2 -k\u00e4ytt\u00f6j\u00e4rjestelm\u00e4version p\u00e4ivityksen\u00e4 iPhoneille&hellip;\n","protected":false},"author":2,"featured_media":82567,"comment_status":"","ping_status":"","sticky":false,"template":"","format":"standard","meta":{"footnotes":""},"categories":[84],"tags":[33,31,30,32,91,92],"class_list":{"0":"post-82566","1":"post","2":"type-post","3":"status-publish","4":"format-standard","5":"has-post-thumbnail","7":"category-teknologia","8":"tag-fi","9":"tag-finland","10":"tag-finnish","11":"tag-suomi","12":"tag-technology","13":"tag-teknologia"},"share_on_mastodon":{"url":"https:\/\/pubeurope.com\/@fi\/115501872253751381","error":""},"_links":{"self":[{"href":"https:\/\/www.europesays.com\/fi\/wp-json\/wp\/v2\/posts\/82566","targetHints":{"allow":["GET"]}}],"collection":[{"href":"https:\/\/www.europesays.com\/fi\/wp-json\/wp\/v2\/posts"}],"about":[{"href":"https:\/\/www.europesays.com\/fi\/wp-json\/wp\/v2\/types\/post"}],"author":[{"embeddable":true,"href":"https:\/\/www.europesays.com\/fi\/wp-json\/wp\/v2\/users\/2"}],"replies":[{"embeddable":true,"href":"https:\/\/www.europesays.com\/fi\/wp-json\/wp\/v2\/comments?post=82566"}],"version-history":[{"count":0,"href":"https:\/\/www.europesays.com\/fi\/wp-json\/wp\/v2\/posts\/82566\/revisions"}],"wp:featuredmedia":[{"embeddable":true,"href":"https:\/\/www.europesays.com\/fi\/wp-json\/wp\/v2\/media\/82567"}],"wp:attachment":[{"href":"https:\/\/www.europesays.com\/fi\/wp-json\/wp\/v2\/media?parent=82566"}],"wp:term":[{"taxonomy":"category","embeddable":true,"href":"https:\/\/www.europesays.com\/fi\/wp-json\/wp\/v2\/categories?post=82566"},{"taxonomy":"post_tag","embeddable":true,"href":"https:\/\/www.europesays.com\/fi\/wp-json\/wp\/v2\/tags?post=82566"}],"curies":[{"name":"wp","href":"https:\/\/api.w.org\/{rel}","templated":true}]}}