{"id":82588,"date":"2025-11-06T09:06:08","date_gmt":"2025-11-06T09:06:08","guid":{"rendered":"https:\/\/www.europesays.com\/fi\/82588\/"},"modified":"2025-11-06T09:06:08","modified_gmt":"2025-11-06T09:06:08","slug":"japanin-mm-ralli-kalle-rovanpera-heti-hurjassa-vauhdissa","status":"publish","type":"post","link":"https:\/\/www.europesays.com\/fi\/82588\/","title":{"rendered":"Japanin MM-ralli: Kalle Rovanper\u00e4 heti hurjassa vauhdissa"},"content":{"rendered":"<p>Ralli|Rallin MM-sarjan kauden toiseksi viimeinen osakilpailu ajetaan Japanissa.<\/p>\n<p class=\"article-body mb-nof-24 px-nof-16\">Rallit\u00e4hti <a class=\"article-personlink\" href=\"https:\/\/www.hs.fi\/haku\/?query=Kalle%20Rovanper%C3%A4\" rel=\"nofollow noopener\" target=\"_blank\">Kalle Rovanper\u00e4<\/a> aloitti kauden toiseksi viimeisen MM-rallin Japanin asvaltilla todella vahvasti.<\/p>\n<p class=\"article-body mb-nof-24 px-nof-16\">Torstaina ajettiin vain lyhyt 2,75 kilometrin erikoiskoe, joten suuria eroja ei viel\u00e4 saatu aikaiseksi. Rovanper\u00e4 kurvaili Toyotalla p\u00e4tk\u00e4n aikaan 2.07,5. Hyundain <a class=\"article-personlink\" href=\"https:\/\/www.hs.fi\/haku\/?query=Ott%20T%C3%A4nak\" rel=\"nofollow noopener\" target=\"_blank\">Ott T\u00e4nak<\/a> j\u00e4i 0,1 sekunnin p\u00e4\u00e4h\u00e4n, ja kotiyleis\u00f6n suosikki <a class=\"article-personlink\" href=\"https:\/\/www.hs.fi\/haku\/?query=Takamoto%20Katsuta\" rel=\"nofollow noopener\" target=\"_blank\">Takamoto Katsuta<\/a> 0,2 sekunnin.<\/p>\n<p class=\"article-body mb-nof-24 px-nof-16\">Maailmanmestaruudesta niin ik\u00e4\u00e4n taisteleva tallikaveri <a class=\"article-personlink\" href=\"https:\/\/www.hs.fi\/haku\/?query=Sebastien%20Ogier\" rel=\"nofollow noopener\" target=\"_blank\">Sebastien Ogier<\/a> h\u00e4visi Rovanper\u00e4lle 0,4 sekuntia ja oli nelj\u00e4s. MM-sarjan k\u00e4rkimies <a class=\"article-personlink\" href=\"https:\/\/www.hs.fi\/haku\/?query=Elfyn%20Evans\" rel=\"nofollow noopener\" target=\"_blank\">Elfyn Evans<\/a> j\u00e4i per\u00e4ti 0,8 sekuntia ja oli kuudes.<\/p>\n<p class=\"article-body mb-nof-24 px-nof-16\">\u201dEi ollut paras tunne autossa, toivottavasti huomenna on parempi fiilis. Aika liukasta ja pient\u00e4 py\u00f6rityst\u00e4\u201d, Rovanper\u00e4 kommentoi MM-sarja WRC:n l\u00e4hetyksess\u00e4.<\/p>\n<p class=\"article-body mb-nof-24 px-nof-16\">Ogierin ja Evansin kannalta Rovanper\u00e4n kommentti ei lupaa hyv\u00e4\u00e4. Jos huonolla tuntumallakin Rovanper\u00e4 painelee tuollaista vauhtia, voi luvassa olla viel\u00e4 hurjaa kyyti\u00e4.<\/p>\n<p class=\"article-body mb-nof-24 px-nof-16\">Toyotan toinen suomalaiskuljettaja <a class=\"article-personlink\" href=\"https:\/\/www.hs.fi\/haku\/?query=Sami%20Pajari\" rel=\"nofollow noopener\" target=\"_blank\">Sami Pajari<\/a> j\u00e4i k\u00e4rjest\u00e4 0,5 sekuntia ja oli viidenneksi nopein.<\/p>\n<p class=\"article-body mb-nof-24 px-nof-16\">Toden teolla ralli k\u00e4ynnistyy perjantaina. Silloin ohjelmassa on kolme p\u00e4tk\u00e4\u00e4, jotka kaikki ajetaan kahdesti. Erikoiskoekilometrej\u00e4 kertyy 108,3.<\/p>\n<p class=\"article-body mb-nof-24 px-nof-16\">Lauantaina ajetaan seitsem\u00e4n erikoiskoetta, ja ralli p\u00e4\u00e4ttyy sunnuntaina.<\/p>\n<p class=\"article-body mb-nof-24 px-nof-16\">Kolmatta maailmanmestaruuttaan mets\u00e4st\u00e4v\u00e4 Rovanper\u00e4 on MM-sarjassa jaetulla kakkossijalla Ogierin kanssa. Kaksikolla on koossa 234 pistett\u00e4. K\u00e4rjess\u00e4 on niin ik\u00e4\u00e4n Toyotalla Evans 247 pisteell\u00e4.<\/p>\n<p class=\"article-body mb-nof-24 px-nof-16\">Rallin MM-sarja huipentuu Saudi-Arabian osakilpailuun 26.\u201329. marraskuuta.<\/p>\n<p>Japanin MM-rallin aikataulu perjantaina<\/p>\n<ul class=\"mb-nof-16 px-nof-16 article-unordered-list unordered-list\">\n<li class=\"unordered-list-item\">\n<p class=\"article-body\">EK2 (17,08 km): klo 00.11<\/p>\n<\/li>\n<li class=\"unordered-list-item\">\n<p class=\"article-body\">EK3 (17,41 km): klo 01.24<\/p>\n<\/li>\n<li class=\"unordered-list-item\">\n<p class=\"article-body\">EK4 (19,66 km): klo 02.57<\/p>\n<\/li>\n<li class=\"unordered-list-item\">\n<p class=\"article-body\">EK5 (19,66 km): klo 06.40<\/p>\n<\/li>\n<li class=\"unordered-list-item\">\n<p class=\"article-body\">EK6 (17,08 km): klo 08.03<\/p>\n<\/li>\n<li class=\"unordered-list-item\">\n<p class=\"article-body\">EK7 (17,41 km): klo 09.16<\/p>\n<\/li>\n<\/ul>\n","protected":false},"excerpt":{"rendered":"Ralli|Rallin MM-sarjan kauden toiseksi viimeinen osakilpailu ajetaan Japanissa. Rallit\u00e4hti Kalle Rovanper\u00e4 aloitti kauden toiseksi viimeisen MM-rallin Japanin asvaltilla&hellip;\n","protected":false},"author":2,"featured_media":82589,"comment_status":"","ping_status":"","sticky":false,"template":"","format":"standard","meta":{"footnotes":""},"categories":[158],"tags":[33,31,30,46,159,32,160],"class_list":{"0":"post-82588","1":"post","2":"type-post","3":"status-publish","4":"format-standard","5":"has-post-thumbnail","7":"category-urheilu","8":"tag-fi","9":"tag-finland","10":"tag-finnish","11":"tag-helsingin-sanomat","12":"tag-sports","13":"tag-suomi","14":"tag-urheilu"},"share_on_mastodon":{"url":"https:\/\/pubeurope.com\/@fi\/115501962639398572","error":""},"_links":{"self":[{"href":"https:\/\/www.europesays.com\/fi\/wp-json\/wp\/v2\/posts\/82588","targetHints":{"allow":["GET"]}}],"collection":[{"href":"https:\/\/www.europesays.com\/fi\/wp-json\/wp\/v2\/posts"}],"about":[{"href":"https:\/\/www.europesays.com\/fi\/wp-json\/wp\/v2\/types\/post"}],"author":[{"embeddable":true,"href":"https:\/\/www.europesays.com\/fi\/wp-json\/wp\/v2\/users\/2"}],"replies":[{"embeddable":true,"href":"https:\/\/www.europesays.com\/fi\/wp-json\/wp\/v2\/comments?post=82588"}],"version-history":[{"count":0,"href":"https:\/\/www.europesays.com\/fi\/wp-json\/wp\/v2\/posts\/82588\/revisions"}],"wp:featuredmedia":[{"embeddable":true,"href":"https:\/\/www.europesays.com\/fi\/wp-json\/wp\/v2\/media\/82589"}],"wp:attachment":[{"href":"https:\/\/www.europesays.com\/fi\/wp-json\/wp\/v2\/media?parent=82588"}],"wp:term":[{"taxonomy":"category","embeddable":true,"href":"https:\/\/www.europesays.com\/fi\/wp-json\/wp\/v2\/categories?post=82588"},{"taxonomy":"post_tag","embeddable":true,"href":"https:\/\/www.europesays.com\/fi\/wp-json\/wp\/v2\/tags?post=82588"}],"curies":[{"name":"wp","href":"https:\/\/api.w.org\/{rel}","templated":true}]}}