{"id":82621,"date":"2025-11-06T09:54:08","date_gmt":"2025-11-06T09:54:08","guid":{"rendered":"https:\/\/www.europesays.com\/fi\/82621\/"},"modified":"2025-11-06T09:54:08","modified_gmt":"2025-11-06T09:54:08","slug":"temptation-island-suomi-julia-tunnustaa-pitkaan-jatkuneen-pettamisen","status":"publish","type":"post","link":"https:\/\/www.europesays.com\/fi\/82621\/","title":{"rendered":"Temptation Island Suomi: Julia tunnustaa pitk\u00e4\u00e4n jatkuneen pett\u00e4misen"},"content":{"rendered":"<p>Pitk\u00e4\u00e4n jatkunut pett\u00e4minen paljastuu Temptation Island Suomi -ohjelmassa dramaattisella tavalla.<\/p>\n<p>Videolla n\u00e4kyy, kun Semi saa j\u00e4rkytt\u00e4v\u00e4n puhelun Suomesta.Video: Nelonen media<\/p>\n<p class=\"article-body mb-nof-24 px-nof-16\">Realityohjelman 14. kauden uusimman jakson (14\/22) lopulla juontaja <a class=\"article-personlink\" href=\"https:\/\/www.is.fi\/haku\/?query=Sami%20Kuronen\" rel=\"nofollow noopener\" target=\"_blank\">Sami Kuronen<\/a> pyyt\u00e4\u00e4 iltanuotiolla <a class=\"article-personlink\" href=\"https:\/\/www.is.fi\/haku\/?query=Juliaa\" rel=\"nofollow noopener\" target=\"_blank\">Juliaa<\/a> j\u00e4\u00e4m\u00e4\u00e4n viel\u00e4 katsomaan videon.<\/p>\n<p class=\"article-body mb-nof-24 px-nof-16\">Julia ja <a class=\"article-personlink\" href=\"https:\/\/www.is.fi\/haku\/?query=Semi\" rel=\"nofollow noopener\" target=\"_blank\">Semi <\/a>ovat tulleet ohjelmaan varattuna parina. Edellisess\u00e4 jaksossa Semi on saanut koti-Suomesta puhelun, joka h\u00e4tk\u00e4hdytt\u00e4\u00e4 miest\u00e4.<\/p>\n<p class=\"article-body mb-nof-24 px-nof-16\">\u2013\u2009Pisti mielen matalaksi. Tuli puhelu, ett\u00e4 Julia on pett\u00e4nyt minua yli puolitoista vuotta ennen t\u00e4nne tuloa. H\u00e4n on valehdellut mulle suoraan.<\/p>\n<p class=\"article-body mb-nof-24 px-nof-16\">Semi kertoo jaksossa (13\/22) saamastaan puhelusta varatuille ja sinkuille.<\/p>\n<p class=\"article-body mb-nof-24 px-nof-16\">Uusimmassa jaksossa Julia n\u00e4kee videolta pett\u00e4misest\u00e4 kuulleen Semin purkauksen.<\/p>\n<p class=\"article-body mb-nof-24 px-nof-16\">\u2013\u2009V&#8230;n sairasta, ett\u00e4 pystyy tuollaista piilottamaan. Ei (Julia) ole n\u00e4ytt\u00e4nyt mit\u00e4\u00e4n merkkej\u00e4 minulle, ett\u00e4 on el\u00e4nyt kaksoisel\u00e4m\u00e4\u00e4, Semi puuskahtaa.<\/p>\n<p class=\"article-body mb-nof-24 px-nof-16\">Julia katselee videota ulkoisesti tyynen oloisena.<\/p>\n<p class=\"article-body mb-nof-24 px-nof-16\">Sami Kuronen esitt\u00e4\u00e4 muutaman kysymyksen Julialle.<\/p>\n<p class=\"article-body mb-nof-24 px-nof-16\">Mik\u00e4 juttu tuo on?<\/p>\n<p class=\"article-body mb-nof-24 px-nof-16\">\u2013\u2009Tiesin, ett\u00e4 j\u00e4\u00e4n kiinni, mutta en ihan t\u00e4ll\u00e4 tavalla, Julia vastaa.<\/p>\n<p class=\"article-body mb-nof-24 px-nof-16\">Onko tuo totta?<\/p>\n<p class=\"article-body mb-nof-24 px-nof-16\">\u2013\u2009On.<\/p>\n<p class=\"article-body mb-nof-24 px-nof-16\">Pit\u00e4\u00e4k\u00f6 aikam\u00e4\u00e4re paikkansa, ett\u00e4 on jatkunut puolitoista vuotta?<\/p>\n<p class=\"article-body mb-nof-24 px-nof-16\">\u2013\u2009Kyll\u00e4.<\/p>\n<p class=\"article-body mb-nof-24 px-nof-16\">Miksi?<\/p>\n<p class=\"article-body mb-nof-24 px-nof-16\">\u2013\u2009Ehk\u00e4 olen hakenut jotain sellaista, jota en ole Semilt\u00e4 saanut.<\/p>\n<p class=\"article-body mb-nof-24 px-nof-16\">Mit\u00e4 ajattelet siit\u00e4, ett\u00e4 t\u00e4m\u00e4 tuli t\u00e4ll\u00e4 tavalla ilmi?<\/p>\n<p class=\"article-body mb-nof-24 px-nof-16\">\u2013\u2009Ehk\u00e4 on hyv\u00e4, ettei tarvi en\u00e4\u00e4 piilotella.<\/p>\n<p class=\"article-body mb-nof-24 px-nof-16\">Miksi halusit tulla Semin kanssa t\u00e4nne?<\/p>\n<p class=\"article-body mb-nof-24 px-nof-16\">\u2013\u2009Ett\u00e4 t\u00e4m\u00e4 v&#8230;n paskasuhde p\u00e4\u00e4ttyy. Vaikeaa on olla itsens\u00e4 kanssa, ja h\u00e4vett\u00e4\u00e4, ett\u00e4 on mennyt loukkaamaan toista. On aika n\u00f6yr\u00e4\u00e4 tytt\u00f6\u00e4 t\u00e4ss\u00e4 nyt.<\/p>\n<p class=\"article-body mb-nof-24 px-nof-16\">Julia my\u00f6nt\u00e4\u00e4 tekonsa parille muullekin naiselle iltanuotion j\u00e4lkeen.<\/p>\n<p class=\"article-body mb-nof-24 px-nof-16\">\u2013\u2009Olen puolitoista vuotta pett\u00e4nyt seitsem\u00e4st\u00e4 vuodesta Semi\u00e4. Pikku twisti. Meik\u00e4 j\u00e4i kiinni nyt.<\/p>\n<p class=\"article-body nof-ui-body-medium mb-nof-24 px-nof-16\">Temptation Island Suomi Ruudussa keskiviikkoisin ja torstaisin.<\/p>\n<p class=\"article-body nof-ui-body-medium mb-nof-24 px-nof-16\">Ilta-Sanomat ja Ruutu kuuluvat samaan Sanoma-konserniin.<\/p>\n","protected":false},"excerpt":{"rendered":"Pitk\u00e4\u00e4n jatkunut pett\u00e4minen paljastuu Temptation Island Suomi -ohjelmassa dramaattisella tavalla. Videolla n\u00e4kyy, kun Semi saa j\u00e4rkytt\u00e4v\u00e4n puhelun Suomesta.Video:&hellip;\n","protected":false},"author":2,"featured_media":82622,"comment_status":"","ping_status":"","sticky":false,"template":"","format":"standard","meta":{"footnotes":""},"categories":[133],"tags":[137,33,31,30,34,32,206,156,109],"class_list":{"0":"post-82621","1":"post","2":"type-post","3":"status-publish","4":"format-standard","5":"has-post-thumbnail","7":"category-televisiot","8":"tag-entertainment","9":"tag-fi","10":"tag-finland","11":"tag-finnish","12":"tag-ilta-sanomat","13":"tag-suomi","14":"tag-televisiot","15":"tag-tv","16":"tag-viihde"},"share_on_mastodon":{"url":"https:\/\/pubeurope.com\/@fi\/115502151347736595","error":""},"_links":{"self":[{"href":"https:\/\/www.europesays.com\/fi\/wp-json\/wp\/v2\/posts\/82621","targetHints":{"allow":["GET"]}}],"collection":[{"href":"https:\/\/www.europesays.com\/fi\/wp-json\/wp\/v2\/posts"}],"about":[{"href":"https:\/\/www.europesays.com\/fi\/wp-json\/wp\/v2\/types\/post"}],"author":[{"embeddable":true,"href":"https:\/\/www.europesays.com\/fi\/wp-json\/wp\/v2\/users\/2"}],"replies":[{"embeddable":true,"href":"https:\/\/www.europesays.com\/fi\/wp-json\/wp\/v2\/comments?post=82621"}],"version-history":[{"count":0,"href":"https:\/\/www.europesays.com\/fi\/wp-json\/wp\/v2\/posts\/82621\/revisions"}],"wp:featuredmedia":[{"embeddable":true,"href":"https:\/\/www.europesays.com\/fi\/wp-json\/wp\/v2\/media\/82622"}],"wp:attachment":[{"href":"https:\/\/www.europesays.com\/fi\/wp-json\/wp\/v2\/media?parent=82621"}],"wp:term":[{"taxonomy":"category","embeddable":true,"href":"https:\/\/www.europesays.com\/fi\/wp-json\/wp\/v2\/categories?post=82621"},{"taxonomy":"post_tag","embeddable":true,"href":"https:\/\/www.europesays.com\/fi\/wp-json\/wp\/v2\/tags?post=82621"}],"curies":[{"name":"wp","href":"https:\/\/api.w.org\/{rel}","templated":true}]}}