{"id":82642,"date":"2025-11-06T10:22:08","date_gmt":"2025-11-06T10:22:08","guid":{"rendered":"https:\/\/www.europesays.com\/fi\/82642\/"},"modified":"2025-11-06T10:22:08","modified_gmt":"2025-11-06T10:22:08","slug":"saisiko-olla-sisu-3-kylla-kiitos-vastasi-yleiso","status":"publish","type":"post","link":"https:\/\/www.europesays.com\/fi\/82642\/","title":{"rendered":"Saisiko olla Sisu 3? Kyll\u00e4 kiitos, vastasi yleis\u00f6"},"content":{"rendered":"<p>Kysyimme Muropaketin gallupissa eilen, pit\u00e4isik\u00f6 Jalmari Helanderin tehd\u00e4 viel\u00e4 kolmaskin Sisu-elokuva.<\/p>\n<p>Kansa on puhunut ja vastaus kuuluu p\u00e4\u00e4piirteitt\u00e4in:<\/p>\n<p>Kyll\u00e4 pit\u00e4isi!<\/p>\n<p>Sisu 3 -gallupiimme on tullut t\u00e4ss\u00e4 vaiheessa pari tuhatta vastausta, ja tilanne on seuraava:<\/p>\n<ul class=\"wp-block-list\">\n<li>28 prosenttia vastanneista ei halua enemp\u00e4\u00e4 Sisuja. <\/li>\n<li>Samalle m\u00e4\u00e4r\u00e4lle vastaajista kolmas Sisu kyll\u00e4 voisi kelvatakin, mutta kiirett\u00e4 sen tekemiselle ei ole.<\/li>\n<li>44 prosenttia vastanneista puolestaan on vahvasti sit\u00e4 mielt\u00e4, ett\u00e4 Aatami Korvelle olisi viel\u00e4 hommia.<\/li>\n<\/ul>\n<p>Gallup on yh\u00e4 auki ja siihen voi osallistua alla.<\/p>\n<p>Loppuun viel\u00e4 alleviivattakoon, ett\u00e4 mielipiteens\u00e4 p\u00e4\u00e4see kertomaan ilman kirjautumista ja tunnistautumista. Vastausjakauma on siis parhaassakin tapauksessa vain suuntaa antava, eik\u00e4 t\u00e4yt\u00e4 ammattimaisesti laaditun kyselyn kriteereit\u00e4.<\/p>\n","protected":false},"excerpt":{"rendered":"Kysyimme Muropaketin gallupissa eilen, pit\u00e4isik\u00f6 Jalmari Helanderin tehd\u00e4 viel\u00e4 kolmaskin Sisu-elokuva. Kansa on puhunut ja vastaus kuuluu p\u00e4\u00e4piirteitt\u00e4in:&hellip;\n","protected":false},"author":2,"featured_media":6542,"comment_status":"","ping_status":"","sticky":false,"template":"","format":"standard","meta":{"footnotes":""},"categories":[131],"tags":[155,137,33,173,31,30,172,3297,3298,32,109],"class_list":{"0":"post-82642","1":"post","2":"type-post","3":"status-publish","4":"format-standard","5":"has-post-thumbnail","7":"category-elokuvat","8":"tag-elokuvat","9":"tag-entertainment","10":"tag-fi","11":"tag-film","12":"tag-finland","13":"tag-finnish","14":"tag-movies","15":"tag-sisu","16":"tag-sisu-2","17":"tag-suomi","18":"tag-viihde"},"share_on_mastodon":{"url":"https:\/\/pubeurope.com\/@fi\/115502261537100365","error":""},"_links":{"self":[{"href":"https:\/\/www.europesays.com\/fi\/wp-json\/wp\/v2\/posts\/82642","targetHints":{"allow":["GET"]}}],"collection":[{"href":"https:\/\/www.europesays.com\/fi\/wp-json\/wp\/v2\/posts"}],"about":[{"href":"https:\/\/www.europesays.com\/fi\/wp-json\/wp\/v2\/types\/post"}],"author":[{"embeddable":true,"href":"https:\/\/www.europesays.com\/fi\/wp-json\/wp\/v2\/users\/2"}],"replies":[{"embeddable":true,"href":"https:\/\/www.europesays.com\/fi\/wp-json\/wp\/v2\/comments?post=82642"}],"version-history":[{"count":0,"href":"https:\/\/www.europesays.com\/fi\/wp-json\/wp\/v2\/posts\/82642\/revisions"}],"wp:featuredmedia":[{"embeddable":true,"href":"https:\/\/www.europesays.com\/fi\/wp-json\/wp\/v2\/media\/6542"}],"wp:attachment":[{"href":"https:\/\/www.europesays.com\/fi\/wp-json\/wp\/v2\/media?parent=82642"}],"wp:term":[{"taxonomy":"category","embeddable":true,"href":"https:\/\/www.europesays.com\/fi\/wp-json\/wp\/v2\/categories?post=82642"},{"taxonomy":"post_tag","embeddable":true,"href":"https:\/\/www.europesays.com\/fi\/wp-json\/wp\/v2\/tags?post=82642"}],"curies":[{"name":"wp","href":"https:\/\/api.w.org\/{rel}","templated":true}]}}