{"id":82659,"date":"2025-11-06T10:43:08","date_gmt":"2025-11-06T10:43:08","guid":{"rendered":"https:\/\/www.europesays.com\/fi\/82659\/"},"modified":"2025-11-06T10:43:08","modified_gmt":"2025-11-06T10:43:08","slug":"elina-salo-on-kuollut","status":"publish","type":"post","link":"https:\/\/www.europesays.com\/fi\/82659\/","title":{"rendered":"Elina Salo on kuollut"},"content":{"rendered":"<p>Yle kertoo n\u00e4yttelij\u00e4 Elina Salon kuolleen.<\/p>\n<p><img decoding=\"async\" class=\"image image-show image-preview\" src=\"https:\/\/www.europesays.com\/fi\/wp-content\/uploads\/2025\/11\/1f28d6a55ecabecfed9c6b150f64ed52d6d82868f2a6dda8614d02619e982010.jpg\" alt=\"\"\/><img decoding=\"async\" class=\"image image-show\" src=\"https:\/\/www.europesays.com\/fi\/wp-content\/uploads\/2025\/11\/1762425788_336_1f28d6a55ecabecfed9c6b150f64ed52d6d82868f2a6dda8614d02619e982010.jpg\" alt=\"\"\/><\/p>\n<p>Elina Salo teki pitk\u00e4n uran n\u00e4yttelij\u00e4n\u00e4. Kuva Red Carpet -gaalasta vuodelta 2021.  Timo Korhonen \/ AOP<\/p>\n<p class=\"paragraph\">N\u00e4yttelij\u00e4 <a href=\"https:\/\/www.iltalehti.fi\/henkilot\/Elina Salo\" class=\"article-link-person-page\" rel=\"nofollow noopener\" target=\"_blank\">Elina Salo<\/a> kuoli t\u00e4m\u00e4n viikon tiistaina. H\u00e4n oli kuollessaan 89-vuotias.<\/p>\n<p class=\"paragraph\">Tiedon <a href=\"https:\/\/yle.fi\/a\/74-20008433\" rel=\"noopener nofollow\" target=\"_blank\">kertoi Ylelle<\/a> Salon tyt\u00e4r <strong>Saara Maisala<\/strong>.<\/p>\n<p class=\"paragraph\">Salon kuolinsyy ei ole tiedossa.<\/p>\n<p class=\"paragraph\">Vuonna 1936 syntynyt Salo teki pitk\u00e4n uran n\u00e4yttelij\u00e4n\u00e4. H\u00e4n n\u00e4ytteli teatterissa, elokuvissa ja televisio-ohjelmissa.<\/p>\n<p class=\"paragraph\">1960-luvulla h\u00e4n n\u00e4ytteli <strong>Matti Kassilan<\/strong> ohjaamissa Komisario Palmu -elokuvissa. Komisario Palmun erehdys (1960) ja Kaasua, komisario Palmu! (1961) tekiv\u00e4t h\u00e4nest\u00e4 suositun ja kriitikoiden kehuman n\u00e4yttelij\u00e4n.<\/p>\n<p class=\"paragraph\">Parhaan naisp\u00e4\u00e4osan Jussin Salo voitti elokuvasta Runoilija ja Muusa (1979).<\/p>\n<p class=\"paragraph\">Salo voitti parhaan naissivuosan Jussi-palkinnon <strong>Aki Kaurism\u00e4en<\/strong> elokuvista Tulitikkutehtaan tytt\u00f6 (1990), Kauas pilvet karkaavat (1996) ja Le Havre (2012).<\/p>\n<p class=\"paragraph\">El\u00e4m\u00e4nty\u00f6st\u00e4 jaettavan betoni-Jussin h\u00e4n sai vuonna 2012.<\/p>\n<p class=\"paragraph\">Salo teki my\u00f6s \u00e4\u00e4nin\u00e4yttelij\u00e4n t\u00f6it\u00e4. H\u00e4n oli Pikku Myyn \u00e4\u00e4ni Muumilaakson tarinoita -animaatiosarjassa.<\/p>\n","protected":false},"excerpt":{"rendered":"Yle kertoo n\u00e4yttelij\u00e4 Elina Salon kuolleen. Elina Salo teki pitk\u00e4n uran n\u00e4yttelij\u00e4n\u00e4. Kuva Red Carpet -gaalasta vuodelta 2021.&hellip;\n","protected":false},"author":2,"featured_media":82660,"comment_status":"","ping_status":"","sticky":false,"template":"","format":"standard","meta":{"footnotes":""},"categories":[136],"tags":[35,153,407,137,33,31,30,408,763,718,32,397,484,140,109],"class_list":{"0":"post-82659","1":"post","2":"type-post","3":"status-publish","4":"format-standard","5":"has-post-thumbnail","7":"category-julkkikset","8":"tag-24h","9":"tag-audiovisuaalinen-media","10":"tag-celebrities","11":"tag-entertainment","12":"tag-fi","13":"tag-finland","14":"tag-finnish","15":"tag-julkkikset","16":"tag-kulttuuri-ja-viihde","17":"tag-nayttamotaide","18":"tag-suomi","19":"tag-taide","20":"tag-taiteellinen-ilmaisu-ja-mediat","21":"tag-tv-ja-elokuvat","22":"tag-viihde"},"share_on_mastodon":{"url":"https:\/\/pubeurope.com\/@fi\/115502344153328084","error":""},"_links":{"self":[{"href":"https:\/\/www.europesays.com\/fi\/wp-json\/wp\/v2\/posts\/82659","targetHints":{"allow":["GET"]}}],"collection":[{"href":"https:\/\/www.europesays.com\/fi\/wp-json\/wp\/v2\/posts"}],"about":[{"href":"https:\/\/www.europesays.com\/fi\/wp-json\/wp\/v2\/types\/post"}],"author":[{"embeddable":true,"href":"https:\/\/www.europesays.com\/fi\/wp-json\/wp\/v2\/users\/2"}],"replies":[{"embeddable":true,"href":"https:\/\/www.europesays.com\/fi\/wp-json\/wp\/v2\/comments?post=82659"}],"version-history":[{"count":0,"href":"https:\/\/www.europesays.com\/fi\/wp-json\/wp\/v2\/posts\/82659\/revisions"}],"wp:featuredmedia":[{"embeddable":true,"href":"https:\/\/www.europesays.com\/fi\/wp-json\/wp\/v2\/media\/82660"}],"wp:attachment":[{"href":"https:\/\/www.europesays.com\/fi\/wp-json\/wp\/v2\/media?parent=82659"}],"wp:term":[{"taxonomy":"category","embeddable":true,"href":"https:\/\/www.europesays.com\/fi\/wp-json\/wp\/v2\/categories?post=82659"},{"taxonomy":"post_tag","embeddable":true,"href":"https:\/\/www.europesays.com\/fi\/wp-json\/wp\/v2\/tags?post=82659"}],"curies":[{"name":"wp","href":"https:\/\/api.w.org\/{rel}","templated":true}]}}