{"id":82661,"date":"2025-11-06T10:46:10","date_gmt":"2025-11-06T10:46:10","guid":{"rendered":"https:\/\/www.europesays.com\/fi\/82661\/"},"modified":"2025-11-06T10:46:10","modified_gmt":"2025-11-06T10:46:10","slug":"erikoisjoukot-robert-helenius-lyyhistyy-kesken-harjoituksen","status":"publish","type":"post","link":"https:\/\/www.europesays.com\/fi\/82661\/","title":{"rendered":"Erikoisjoukot: Robert Helenius lyyhistyy kesken harjoituksen"},"content":{"rendered":"<p>\n            Erikoisjoukot, 4. kausi, 2025, Robert Helenius.<br \/>\n            Jere Hietala\/Sanoma\n        <\/p>\n<p class=\"subtitle \">Erikoisjoukkojen rankka motivaatiomonttu-harjoitus on murtaa ex-nyrkkeilij\u00e4n.<\/p>\n<p class=\"article-content article-content-width !bg-background\">Erikoisjoukoissa 6. marraskuuta n\u00e4ht\u00e4v\u00e4ss\u00e4 jaksossa kokelaat saapuvat motivaatiomontulle. Edess\u00e4 on leirin t\u00e4h\u00e4nastisista harjoituksista raskain.  Jakso on jo katsottavissa Ruutu+:ssa.\u00a0<\/p>\n<p class=\"article-content article-content-width !bg-background\">\u2013\tT\u00e4m\u00e4 on paikka, jossa ei tunneta s\u00e4\u00e4li\u00e4. T\u00e4\u00e4ll\u00e4 te jokainen tulette huomaamaan, ett\u00e4 teid\u00e4n fysiikassanne on eritt\u00e4in rajusti kehitett\u00e4v\u00e4\u00e4. T\u00e4\u00e4ll\u00e4 ratkaisee p\u00e4\u00e4asiassa teid\u00e4n p\u00e4\u00e4koppa.<\/p>\n<p class=\"article-content article-content-width !bg-background\">\u2013\tMoni teist\u00e4 tuli t\u00e4nne leirille v\u00e4\u00e4rien luulojen ja motivaatioiden kanssa. Jos joku jo paskansi allensa, niin antaa numerolappunsa v\u00e4litt\u00f6m\u00e4sti, kouluttaja  ilmoittaa.\u00a0<\/p>\n<p>L\u00e4\u00e4k\u00e4ri valvoo haukkana<\/p>\n<p class=\"article-content article-content-width !bg-background\">Kokelaat etenev\u00e4t jyrkk\u00e4\u00e4 rinnett\u00e4 yli 20 kiloa painavien rinkkojen ja aseiden kanssa.<\/p>\n<p>                <img decoding=\"async\" src=\"https:\/\/www.europesays.com\/fi\/wp-content\/uploads\/2025\/11\/1983331.webp\" width=\"576\" height=\"322\" title=\"\u2013 Numero 13 (Robert) pystyi pit\u00e4m\u00e4\u00e4n 168 sykkeen yll\u00e4 motivaatiomontun alussa, sitten parikymment\u00e4 pyk\u00e4l\u00e4\u00e4 mennyt alas. On ollut niin loppu, leirin l\u00e4\u00e4k\u00e4ri kertoo.\" alt=\"Erikoisjoukot, 4. kausi, 2025, Robert Helenius.\" loading=\"lazy\" \/>            <\/p>\n<p>\n            \u2013 Numero 13 (Robert) pystyi pit\u00e4m\u00e4\u00e4n 168 sykkeen yll\u00e4 motivaatiomontun alussa, sitten parikymment\u00e4 pyk\u00e4l\u00e4\u00e4 mennyt alas. On ollut niin loppu, leirin l\u00e4\u00e4k\u00e4ri kertoo.<br \/>\n            Jere Hietala\/Sanoma\n        <\/p>\n<p class=\"article-content article-content-width !bg-background\">Jo ensiaskelten j\u00e4lkeen kouluttajat aloittavat armottoman haukkumisen ja simputuksen. Kannustusta on turha odottaa.<\/p>\n<p class=\"article-content article-content-width !bg-background\">Ensimm\u00e4isen\u00e4 loppuvat ex-nyrkkeilij\u00e4  voimat. H\u00e4n lyyhistyy rinteen huipulle l\u00e4\u00e4h\u00e4tt\u00e4en.\u00a0Juokseminen on isokokoiselle miehelle raskasta. Happi ei tahdo riitt\u00e4\u00e4 suoritukseen.<\/p>\n<p class=\"article-content article-content-width !bg-background\">\u2013\t\u00c4l\u00e4 hyperventiloi. Kaikki on ihan kondiksessa. Rauhoitu, kouluttaja  neuvoo.<\/p>\n<p class=\"article-content article-content-width !bg-background\">Robert ei ole ainoa, jolle motivaatiomonttu tekee tiukkaa. Jo puolen tunnin j\u00e4lkeen osa kokelaista on vaikeuksissa.<\/p>\n<p class=\"article-content article-content-width !bg-background\">Leirin l\u00e4\u00e4k\u00e4ri  tarkkailee jatkuvasti sykemittarien l\u00e4hett\u00e4m\u00e4\u00e4 dataa.<\/p>\n<p class=\"article-content article-content-width !bg-background\">\u2013\tSeurannan avulla pystyn muodostamaan todella tarkan kokonaiskuvan siit\u00e4, kuka palautuu, kuka vet\u00e4\u00e4 itsens\u00e4 \u00e4\u00e4rirajoille ja kuka s\u00e4\u00e4stelee itse\u00e4\u00e4n. Sykemittarista n\u00e4kee eri totuuden kuin kokelaan naamasta, l\u00e4\u00e4k\u00e4ri sanoo.\u00a0<\/p>\n<p>        <a itemprop=\"url\" href=\"https:\/\/www.seiska.fi\/katso\/mikko-kekalaiselta-karu-avautuminen\/1972221\" rel=\"nofollow noopener\" target=\"_blank\"><\/p>\n<p>\nMikko Kek\u00e4l\u00e4inen\n<\/p>\n<p class=\"section-date\">\n        <strong class=\"article-section\" data-section=\"katso\"><br \/>\n            katso<br \/>\n        <\/strong><br \/>\n        24.10. 15:15\n    <\/p>\n<p>Mikko Kek\u00e4l\u00e4iselt\u00e4 karu avautuminen\n    <\/p>\n<p itemprop=\"description\" class=\"subtitle \">\n    Mikko Kek\u00e4l\u00e4inen kertoo joutuneensa k\u00e4sittelem\u00e4\u00e4n Erikoisjoukot-ohjelman tapahtumia pitk\u00e4\u00e4n j\u00e4lkeenp\u00e4in.\n<\/p>\n<p>        <\/a><\/p>\n<p>Kouluttaja Jan pettyy<\/p>\n<p class=\"article-content article-content-width !bg-background\">Robertin vaikeudet jatkuvat. H\u00e4n y\u00f6kk\u00e4ilee ja makaa uupuneena maassa.\u00a0<\/p>\n<p class=\"article-content article-content-width !bg-background\">\u2013\tJos juoksen kilpaa tai aikaa vastaan, niin siin\u00e4 joudun k\u00e4ym\u00e4\u00e4n kaikki helvetist\u00e4 taivaaseen. Joudun puhumaan itselleni, ett\u00e4 jaksan laittaa jalkaa toisen eteen, entinen huippu-urheilija toteaa.\u00a0<\/p>\n<p>                <img decoding=\"async\" src=\"https:\/\/www.europesays.com\/fi\/wp-content\/uploads\/2025\/11\/1983332.webp\" width=\"576\" height=\"322\" alt=\"\u2013 J\u00e4\u00e4t\u00e4v\u00e4 suoritus. Ei s\u00e4\u00e4linyt itse\u00e4\u00e4n. Olisi varmaan jatkanut niin kauan, kunnes lamput sammuvat, kouluttajat ja l\u00e4\u00e4k\u00e4ri arvioivat Robertin suoritusta.\" loading=\"lazy\" \/>            <\/p>\n<p>\n            \u2013 J\u00e4\u00e4t\u00e4v\u00e4 suoritus. Ei s\u00e4\u00e4linyt itse\u00e4\u00e4n. Olisi varmaan jatkanut niin kauan, kunnes lamput sammuvat, kouluttajat ja l\u00e4\u00e4k\u00e4ri arvioivat Robertin suoritusta.<br \/>\n            Jere Hietala\/Sanoma\n        <\/p>\n<p>        <a itemprop=\"url\" href=\"https:\/\/www.seiska.fi\/katso\/erikoisjoukot-matias-petaisto-raivoaa-mikko-kekalaiselle-taytta-paskaa\/1970145\" rel=\"nofollow noopener\" target=\"_blank\"><\/p>\n<p>\nErikoisjoukot\n<\/p>\n<p class=\"section-date\">\n        <strong class=\"article-section\" data-section=\"katso\"><br \/>\n            katso<br \/>\n        <\/strong><br \/>\n        23.10. 05:15\n    <\/p>\n<p>Erikoisjoukot: Matias Pet\u00e4ist\u00f6 raivoaa Mikko Kek\u00e4l\u00e4iselle: &#8221;T\u00e4ytt\u00e4 paskaa!&#8221;\n    <\/p>\n<p itemprop=\"description\" class=\"subtitle \">\n    Mikko Kek\u00e4l\u00e4inen ep\u00e4onnistuu Erikoisjoukot-jakson teht\u00e4v\u00e4ss\u00e4. Kouluttajat antavat toimittajalle kylm\u00e4\u00e4 kyyti\u00e4.\n<\/p>\n<p>        <\/a><\/p>\n<p class=\"article-content article-content-width !bg-background\">Kouluttajat eiv\u00e4t katso suopeasti hidastelijoita.\u00a0<\/p>\n<p class=\"article-content article-content-width !bg-background\">\u2013\u00a0Jos lent\u00e4\u00e4 laatta tai l\u00e4htee taju, vauhti hidastuu hetkeksi. Muuten koko ajan kaasu pohjalla, Matias n\u00e4p\u00e4ytt\u00e4\u00e4.\u00a0<\/p>\n<p class=\"article-content article-content-width !bg-background\">Motivaatiomontun j\u00e4lkeen kokelaat odottavat p\u00e4\u00e4sev\u00e4ns\u00e4 tupaan lep\u00e4\u00e4m\u00e4\u00e4n. Kouluttajilla on kuitenkin muuta mieless\u00e4.\u00a0He m\u00e4\u00e4r\u00e4\u00e4v\u00e4t kokelaat y\u00f6pym\u00e4\u00e4n montulla. Heille on varattu puita nuotiota varten, ruokaa, vett\u00e4 ja makuualustoja.<\/p>\n<p class=\"article-content article-content-width !bg-background\">\u2013\tKukaan ei oksentanut, mik\u00e4 oli pettymys, Jan harmittelee motivaatioteht\u00e4v\u00e4n p\u00e4\u00e4tytty\u00e4.\u00a0<\/p>\n<p class=\"italic m-italic article-content article-content-width !bg-background\">Erikoisjoukot n\u00e4hd\u00e4\u00e4n torstaisin klo 21.00 Nelosella ja Ruudussa.\u00a0<\/p>\n<p>        <a itemprop=\"url\" href=\"https:\/\/www.seiska.fi\/katso\/erikoisjoukot-kokelaalta-lohduton-avautuminen-lapsensa-menetyksesta\/1976976\" rel=\"nofollow noopener\" target=\"_blank\"><\/p>\n<p>\nErikoisjoukot\n<\/p>\n<p class=\"section-date\">\n        <strong class=\"article-section\" data-section=\"katso\"><br \/>\n            katso<br \/>\n        <\/strong><br \/>\n        29.10. 16:51\n    <\/p>\n<p>Erikoisjoukot-kokelaalta lohduton avautuminen lapsensa menetyksest\u00e4\n    <\/p>\n<p itemprop=\"description\" class=\"subtitle \">\n    Perhekriisi sy\u00f6ksi Nico Salon masennukseen.\n<\/p>\n<p>        <\/a><\/p>\n","protected":false},"excerpt":{"rendered":"Erikoisjoukot, 4. kausi, 2025, Robert Helenius. Jere Hietala\/Sanoma Erikoisjoukkojen rankka motivaatiomonttu-harjoitus on murtaa ex-nyrkkeilij\u00e4n. Erikoisjoukoissa 6. marraskuuta n\u00e4ht\u00e4v\u00e4ss\u00e4&hellip;\n","protected":false},"author":2,"featured_media":82662,"comment_status":"","ping_status":"","sticky":false,"template":"","format":"standard","meta":{"footnotes":""},"categories":[133],"tags":[17139,137,2159,33,31,30,2160,4178,2156,10985,12317,1758,5232,2158,32,4137,206,156,109],"class_list":{"0":"post-82661","1":"post","2":"type-post","3":"status-publish","4":"format-standard","5":"has-post-thumbnail","7":"category-televisiot","8":"tag-antti-oksanen","9":"tag-entertainment","10":"tag-erikoisjoukot","11":"tag-fi","12":"tag-finland","13":"tag-finnish","14":"tag-jan-knutti","15":"tag-laakari","16":"tag-matias-petaisto","17":"tag-motivaatio","18":"tag-motivaatiomonttu","19":"tag-nelonen","20":"tag-robert-helenius","21":"tag-ruutu","22":"tag-suomi","23":"tag-syke","24":"tag-televisiot","25":"tag-tv","26":"tag-viihde"},"share_on_mastodon":{"url":"https:\/\/pubeurope.com\/@fi\/115502356024495204","error":""},"_links":{"self":[{"href":"https:\/\/www.europesays.com\/fi\/wp-json\/wp\/v2\/posts\/82661","targetHints":{"allow":["GET"]}}],"collection":[{"href":"https:\/\/www.europesays.com\/fi\/wp-json\/wp\/v2\/posts"}],"about":[{"href":"https:\/\/www.europesays.com\/fi\/wp-json\/wp\/v2\/types\/post"}],"author":[{"embeddable":true,"href":"https:\/\/www.europesays.com\/fi\/wp-json\/wp\/v2\/users\/2"}],"replies":[{"embeddable":true,"href":"https:\/\/www.europesays.com\/fi\/wp-json\/wp\/v2\/comments?post=82661"}],"version-history":[{"count":0,"href":"https:\/\/www.europesays.com\/fi\/wp-json\/wp\/v2\/posts\/82661\/revisions"}],"wp:featuredmedia":[{"embeddable":true,"href":"https:\/\/www.europesays.com\/fi\/wp-json\/wp\/v2\/media\/82662"}],"wp:attachment":[{"href":"https:\/\/www.europesays.com\/fi\/wp-json\/wp\/v2\/media?parent=82661"}],"wp:term":[{"taxonomy":"category","embeddable":true,"href":"https:\/\/www.europesays.com\/fi\/wp-json\/wp\/v2\/categories?post=82661"},{"taxonomy":"post_tag","embeddable":true,"href":"https:\/\/www.europesays.com\/fi\/wp-json\/wp\/v2\/tags?post=82661"}],"curies":[{"name":"wp","href":"https:\/\/api.w.org\/{rel}","templated":true}]}}