{"id":82690,"date":"2025-11-06T11:21:10","date_gmt":"2025-11-06T11:21:10","guid":{"rendered":"https:\/\/www.europesays.com\/fi\/82690\/"},"modified":"2025-11-06T11:21:10","modified_gmt":"2025-11-06T11:21:10","slug":"venalaisteini-nousi-turkish-airlinesin-koneeseen-sitten-netissa-alkoi-tapahtua-kummia","status":"publish","type":"post","link":"https:\/\/www.europesays.com\/fi\/82690\/","title":{"rendered":"Ven\u00e4l\u00e4isteini nousi Turkish Airlinesin koneeseen \u2013 Sitten netiss\u00e4 alkoi tapahtua kummia"},"content":{"rendered":"<p>Ivan Demidov on Montreal Canadiensin kirkkain lupaus.<\/p>\n<p><img decoding=\"async\" class=\"image image-show image-preview\" src=\"https:\/\/www.europesays.com\/fi\/wp-content\/uploads\/2025\/11\/ba36bbec31705b03f1623f1d3385788939e5e2f7c0e444643cbc82dc4871df72.jpg\" alt=\"\"\/><img decoding=\"async\" class=\"image image-show\" src=\"https:\/\/www.europesays.com\/fi\/wp-content\/uploads\/2025\/11\/1762428070_679_ba36bbec31705b03f1623f1d3385788939e5e2f7c0e444643cbc82dc4871df72.jpg\" alt=\"\"\/><\/p>\n<p>Ivan Demidov on Montrealissa todella kovassa huudossa. AOP \/ USA TODAY Sports<\/p>\n<p class=\"paragraph\">Kun ven\u00e4l\u00e4inen superlupaus <strong>Ivan Demidov<\/strong>, tuolloin 18 vuotta, nousi Turkish Airlinesin lennolle Istanbulista Torontoon viime kev\u00e4\u00e4n\u00e4, tuskin kukaan koneessa arvasi, ett\u00e4 lentoa seuraa liven\u00e4 mottip\u00e4inen joukko ihmisi\u00e4.<\/p>\n<p class=\"paragraph\">Kesken lennon lentoyhti\u00f6n Kanadan-markkinointip\u00e4\u00e4llikk\u00f6 sai yll\u00e4tt\u00e4v\u00e4n tiedon. H\u00e4nelle kerrottiin, ett\u00e4 heid\u00e4n lentonsa oli koko Turkish Airlinesin seuratuin lento internetiss\u00e4.<\/p>\n<p class=\"paragraph\">Torontossa t\u00e4m\u00e4n syy selvisi.<\/p>\n<p class=\"paragraph\">Lentokent\u00e4ll\u00e4 vastassa oli kymmeni\u00e4 Montreal Canadiensin kannattajia ja kameroita, kun fanien uusi lellikki astui ulos koneesta.<\/p>\n<p class=\"paragraph\">Kiekkohullun kaupungin odotukset olivat l\u00e4htenet k\u00e4sist\u00e4. Nuoren hy\u00f6kk\u00e4\u00e4j\u00e4n saapumista seurasivat sadattuhannet ihmiset.<\/p>\n<p class=\"paragraph\">\u2013 Yli 400\u00a0000 ihmist\u00e4 katsoi suoraa l\u00e4hetyst\u00e4 Demidovin saapumisesta lentokent\u00e4lle, ven\u00e4l\u00e4isen agentti <strong>Daniel Milstein<\/strong> kertoi <a href=\"https:\/\/rg.org\/news\/hockey\/dan-milstein-shares-behind-the-scenes-details-of-ivan-demidov-arrival-to-montreal\" rel=\"noopener nofollow\" target=\"_blank\">RG:lle<\/a>.<\/p>\n<p>Ivan Demidovin alkukausi on vastannut odotuksia. AOP<\/p>\n<p class=\"paragraph\">Demidov-hype poiki nopeasti huomiota bisnespuolella.<\/p>\n<p class=\"paragraph\">Turkish Airlines otti yhteytt\u00e4 Demidovin agenttiin mahdollisesta yhteisty\u00f6st\u00e4 yhti\u00f6n kanssa. Jo ennen NHL-debyytti\u00e4\u00e4n megalupaus solmi j\u00e4ttim\u00e4isen varustesopimuksen Warriorin kanssa.<\/p>\n<p class=\"paragraph\">Demidovin debyyttip\u00e4iv\u00e4n\u00e4 seura myi per\u00e4ti 250\u00a0000 dollarin edest\u00e4 pelipaitoja, mik\u00e4 on enemm\u00e4n kuin kertaakaan aiemmin seuran historiassa.<\/p>\n<p class=\"paragraph\">Intohimoiset fanit odottavat Demidovista seuran uutta kiintot\u00e4hte\u00e4. Vapahtajaa, joka nostaa perinneseuran takaisin oikealle paikalleen koko sarjan huipulle.<\/p>\n<p class=\"paragraph\">Demidovia pidettiin ennen kauden alkua pomminvarmana Calder Trophyn eli vuoden tulokkaan palkinnon voittajana.<\/p>\n<p class=\"paragraph\">Alku Montrealissa onkin ollut lupaava. Demidov on nakuttanut 13 ottelussa 12 tehopistett\u00e4.<\/p>\n<p class=\"paragraph\">Demidovin saapumisesta kertoi Suomessa ensimm\u00e4isen\u00e4 Ilta-Sanomat.<\/p>\n","protected":false},"excerpt":{"rendered":"Ivan Demidov on Montreal Canadiensin kirkkain lupaus. Ivan Demidov on Montrealissa todella kovassa huudossa. AOP \/ USA TODAY&hellip;\n","protected":false},"author":2,"featured_media":82691,"comment_status":"","ping_status":"","sticky":false,"template":"","format":"standard","meta":{"footnotes":""},"categories":[14],"tags":[35,22,23,26,27,33,31,30,17,1143,24,25,3219,2910,121,41,28,29,15,18,21,32,19,20,56,16,59,60,61],"class_list":{"0":"post-82690","1":"post","2":"type-post","3":"status-publish","4":"format-standard","5":"has-post-thumbnail","7":"category-ulkomaat","8":"tag-24h","9":"tag-breaking-news","10":"tag-breakingnews","11":"tag-featured-news","12":"tag-featurednews","13":"tag-fi","14":"tag-finland","15":"tag-finnish","16":"tag-headlines","17":"tag-jaakiekko","18":"tag-latest-news","19":"tag-latestnews","20":"tag-lentokoneet","21":"tag-lentoliikenne-ilmaliikenne","22":"tag-liikenne-ja-kuljetus","23":"tag-liikunta-ja-urheilu","24":"tag-main-news","25":"tag-mainnews","26":"tag-news","27":"tag-otsikot","28":"tag-paauutiset","29":"tag-suomi","30":"tag-top-stories","31":"tag-topstories","32":"tag-ulkomaat","33":"tag-uutiset","34":"tag-world","35":"tag-world-news","36":"tag-worldnews"},"share_on_mastodon":{"url":"https:\/\/pubeurope.com\/@fi\/115502493574778155","error":""},"_links":{"self":[{"href":"https:\/\/www.europesays.com\/fi\/wp-json\/wp\/v2\/posts\/82690","targetHints":{"allow":["GET"]}}],"collection":[{"href":"https:\/\/www.europesays.com\/fi\/wp-json\/wp\/v2\/posts"}],"about":[{"href":"https:\/\/www.europesays.com\/fi\/wp-json\/wp\/v2\/types\/post"}],"author":[{"embeddable":true,"href":"https:\/\/www.europesays.com\/fi\/wp-json\/wp\/v2\/users\/2"}],"replies":[{"embeddable":true,"href":"https:\/\/www.europesays.com\/fi\/wp-json\/wp\/v2\/comments?post=82690"}],"version-history":[{"count":0,"href":"https:\/\/www.europesays.com\/fi\/wp-json\/wp\/v2\/posts\/82690\/revisions"}],"wp:featuredmedia":[{"embeddable":true,"href":"https:\/\/www.europesays.com\/fi\/wp-json\/wp\/v2\/media\/82691"}],"wp:attachment":[{"href":"https:\/\/www.europesays.com\/fi\/wp-json\/wp\/v2\/media?parent=82690"}],"wp:term":[{"taxonomy":"category","embeddable":true,"href":"https:\/\/www.europesays.com\/fi\/wp-json\/wp\/v2\/categories?post=82690"},{"taxonomy":"post_tag","embeddable":true,"href":"https:\/\/www.europesays.com\/fi\/wp-json\/wp\/v2\/tags?post=82690"}],"curies":[{"name":"wp","href":"https:\/\/api.w.org\/{rel}","templated":true}]}}