{"id":82692,"date":"2025-11-06T11:22:08","date_gmt":"2025-11-06T11:22:08","guid":{"rendered":"https:\/\/www.europesays.com\/fi\/82692\/"},"modified":"2025-11-06T11:22:08","modified_gmt":"2025-11-06T11:22:08","slug":"yle-nayttelija-elina-salo-on-kuollut-muistetaan-pikku-myyn-aanena-uutissuomalainen","status":"publish","type":"post","link":"https:\/\/www.europesays.com\/fi\/82692\/","title":{"rendered":"Yle: N\u00e4yttelij\u00e4 Elina Salo on kuollut \u2013 muistetaan Pikku Myyn \u00e4\u00e4nen\u00e4 | Uutissuomalainen"},"content":{"rendered":"<p>N\u00e4yttelij\u00e4 <strong>Elina Salo<\/strong> on kuollut 89-vuotiaana. Tiedon on vahvistanut <a href=\"https:\/\/yle.fi\/a\/74-20008433\" rel=\"nofollow noopener\" target=\"_blank\">Ylelle<\/a> Salon tyt\u00e4r.<\/p>\n<p>Salo kuoli Ylen tietojen mukaan tiistaina. Kuolinsyyt\u00e4 ei ole kerrottu julkisuuteen.<\/p>\n<p>Salo muistetaan rakastetun Pikku Myyn \u00e4\u00e4nen\u00e4. Uransa aikana Salo ehti esiinty\u00e4 useissa elokuvissa, tv-ohjelmissa ja n\u00e4ytelmiss\u00e4. Yleis\u00f6n tietoisuuteen h\u00e4n nousi 1960-luvulla Komisario Palmu -elokuvien my\u00f6t\u00e4.<\/p>\n","protected":false},"excerpt":{"rendered":"N\u00e4yttelij\u00e4 Elina Salo on kuollut 89-vuotiaana. Tiedon on vahvistanut Ylelle Salon tyt\u00e4r. Salo kuoli Ylen tietojen mukaan tiistaina.&hellip;\n","protected":false},"author":2,"featured_media":82693,"comment_status":"","ping_status":"","sticky":false,"template":"","format":"standard","meta":{"footnotes":""},"categories":[12],"tags":[22,23,26,27,33,31,30,17,101,96,757,99,100,24,25,28,29,15,814,18,21,98,32,19,20,16],"class_list":{"0":"post-82692","1":"post","2":"type-post","3":"status-publish","4":"format-standard","5":"has-post-thumbnail","7":"category-suomi","8":"tag-breaking-news","9":"tag-breakingnews","10":"tag-featured-news","11":"tag-featurednews","12":"tag-fi","13":"tag-finland","14":"tag-finnish","15":"tag-headlines","16":"tag-ihmissuhteet","17":"tag-koulutus","18":"tag-koulutus-ja-kasvatus","19":"tag-lapset","20":"tag-lapset-ja-nuoret","21":"tag-latest-news","22":"tag-latestnews","23":"tag-main-news","24":"tag-mainnews","25":"tag-news","26":"tag-nuoret","27":"tag-otsikot","28":"tag-paauutiset","29":"tag-perhe","30":"tag-suomi","31":"tag-top-stories","32":"tag-topstories","33":"tag-uutiset"},"share_on_mastodon":{"url":"https:\/\/pubeurope.com\/@fi\/115502497395434727","error":""},"_links":{"self":[{"href":"https:\/\/www.europesays.com\/fi\/wp-json\/wp\/v2\/posts\/82692","targetHints":{"allow":["GET"]}}],"collection":[{"href":"https:\/\/www.europesays.com\/fi\/wp-json\/wp\/v2\/posts"}],"about":[{"href":"https:\/\/www.europesays.com\/fi\/wp-json\/wp\/v2\/types\/post"}],"author":[{"embeddable":true,"href":"https:\/\/www.europesays.com\/fi\/wp-json\/wp\/v2\/users\/2"}],"replies":[{"embeddable":true,"href":"https:\/\/www.europesays.com\/fi\/wp-json\/wp\/v2\/comments?post=82692"}],"version-history":[{"count":0,"href":"https:\/\/www.europesays.com\/fi\/wp-json\/wp\/v2\/posts\/82692\/revisions"}],"wp:featuredmedia":[{"embeddable":true,"href":"https:\/\/www.europesays.com\/fi\/wp-json\/wp\/v2\/media\/82693"}],"wp:attachment":[{"href":"https:\/\/www.europesays.com\/fi\/wp-json\/wp\/v2\/media?parent=82692"}],"wp:term":[{"taxonomy":"category","embeddable":true,"href":"https:\/\/www.europesays.com\/fi\/wp-json\/wp\/v2\/categories?post=82692"},{"taxonomy":"post_tag","embeddable":true,"href":"https:\/\/www.europesays.com\/fi\/wp-json\/wp\/v2\/tags?post=82692"}],"curies":[{"name":"wp","href":"https:\/\/api.w.org\/{rel}","templated":true}]}}