{"id":82698,"date":"2025-11-06T11:39:07","date_gmt":"2025-11-06T11:39:07","guid":{"rendered":"https:\/\/www.europesays.com\/fi\/82698\/"},"modified":"2025-11-06T11:39:07","modified_gmt":"2025-11-06T11:39:07","slug":"keikkalavoille-palaava-jon-bon-jovi-hakee-metallicalta-inspiraatiota-tulevalle-kiertueelleen","status":"publish","type":"post","link":"https:\/\/www.europesays.com\/fi\/82698\/","title":{"rendered":"Keikkalavoille palaava Jon Bon Jovi hakee Metallicalta inspiraatiota tulevalle kiertueelleen"},"content":{"rendered":"<p>Bon Jovi -yhtye tekee ensi vuonna paluun keikkalavoille. Kyseess\u00e4 ovat ensimm\u00e4iset keikat sitten laulaja Jon Bon Jovin \u00e4\u00e4nihuulille vuonna 2022 tehdyn leikkausoperaation. Kysynt\u00e4\u00e4 keikoille on riitt\u00e4nyt, sill\u00e4 yhtye tulee esimerkiksi tekem\u00e4\u00e4n kuusi jo nyt loppuunmyyty\u00e4 keikka New Yorkin Madison Square Gardenissa.<\/p>\n<p>Jon Bon Jovi keskusteli tulevasta kiertueesta tuoreessa Planet Rockin haastattelussa ja sanoi saaneensa sille inspiraatiota hevij\u00e4tti Metallican M72-maailmankiertueelta, jolla yhtye aina kahdesti samassa kaupungissa esiintyess\u00e4\u00e4n soittaa kaksi toisistaan t\u00e4ysin poikkeavaa setti\u00e4.<\/p>\n<p>\u201dAinoa asia, mist\u00e4 min\u00e4 vastaan, on settilista. Katselin Metallican touhuja ja juttelinkin siit\u00e4 Larsin (Ulrich, Metallica-rumpali) kanssa, \u2019Ymm\u00e4rsink\u00f6 oikein: jos soitatte toisena iltana Master of Puppetsin ja toisena Onen, eik\u00f6 yleis\u00f6 suutu, kun ne eiv\u00e4t sitten ole mukana [toisena iltana]?\u2019 Ja h\u00e4n vastasi: \u2019Eiv\u00e4t. Meill\u00e4 on niin paljon biisej\u00e4, ett\u00e4 se toimii. Kuten sinullakin\u2026\u2019 Totesin, ett\u00e4 diggaan siit\u00e4 konseptista\u201d, Jon Bon Jovi <a href=\"https:\/\/blabbermouth.net\/news\/jon-bon-jovi-says-he-is-taking-inspiration-from-metallicas-m72-for-setlist-for-bon-jovis-2026-tour\" target=\"_blank\" rel=\"noreferrer noopener nofollow\">kertoo<\/a>.<\/p>\n<p>\u201dEmme me aio tehd\u00e4 samoin, mutta meill\u00e4 on tarpeeksi biisej\u00e4 ja hittej\u00e4, ett\u00e4 voisimme soittaa kaksi t\u00e4ysin eri keikkaa ja molempiin riitt\u00e4isi hittej\u00e4. Minulla on siis hauskaa kootessani settej\u00e4 useamman illan keikkaputkille.\u201d<\/p>\n<p><img loading=\"lazy\" decoding=\"async\" alt=\"YouTube video\" width=\"480\" height=\"360\" data-pin-nopin=\"true\" nopin=\"nopin\" class=\"perfmatters-lazy\" src=\"https:\/\/www.europesays.com\/fi\/wp-content\/uploads\/2025\/11\/1762429147_717_hqdefault.jpg\"\/><\/p>\n<p>Lue my\u00f6s: <a href=\"https:\/\/www.soundi.fi\/uutiset\/milta-kuulostaa-kun-bruce-springsteen-ja-bon-jovi-yhdistavat-voimansa-taltahan-se\/\" title=\"Milt\u00e4 kuulostaa, kun Bruce Springsteen ja Bon Jovi yhdist\u00e4v\u00e4t voimansa? T\u00e4lt\u00e4h\u00e4n se!\" class=\"underline-custom !font-montserrat !font-bold !underline-offset-4 !decoration-4 !decoration-tilt-light\" rel=\"nofollow noopener\" target=\"_blank\">Milt\u00e4 kuulostaa, kun Bruce Springsteen ja Bon Jovi yhdist\u00e4v\u00e4t voimansa? T\u00e4lt\u00e4h\u00e4n se!<\/a><\/p>\n<p>Lue my\u00f6s: <a href=\"https:\/\/www.soundi.fi\/uutiset\/mika-on-bon-jovin-paras-biisi-enta-mika-huonoin-mittava-tuotanto-laitettiin-paremmuusjarjestykseen\/\" title=\"Mik\u00e4 on Bon Jovin paras biisi? Ent\u00e4 mik\u00e4 huonoin? Mittava tuotanto laitettiin paremmuusj\u00e4rjestykseen\" class=\"underline-custom !font-montserrat !font-bold !underline-offset-4 !decoration-4 !decoration-tilt-light\" rel=\"nofollow noopener\" target=\"_blank\">Mik\u00e4 on Bon Jovin paras biisi? Ent\u00e4 mik\u00e4 huonoin? Mittava tuotanto laitettiin paremmuusj\u00e4rjestykseen<\/a><\/p>\n","protected":false},"excerpt":{"rendered":"Bon Jovi -yhtye tekee ensi vuonna paluun keikkalavoille. Kyseess\u00e4 ovat ensimm\u00e4iset keikat sitten laulaja Jon Bon Jovin \u00e4\u00e4nihuulille&hellip;\n","protected":false},"author":2,"featured_media":82699,"comment_status":"","ping_status":"","sticky":false,"template":"","format":"standard","meta":{"footnotes":""},"categories":[132],"tags":[137,33,31,30,195,47,32,109],"class_list":{"0":"post-82698","1":"post","2":"type-post","3":"status-publish","4":"format-standard","5":"has-post-thumbnail","7":"category-musiikki","8":"tag-entertainment","9":"tag-fi","10":"tag-finland","11":"tag-finnish","12":"tag-music","13":"tag-musiikki","14":"tag-suomi","15":"tag-viihde"},"share_on_mastodon":{"url":"https:\/\/pubeurope.com\/@fi\/115502564483432432","error":""},"_links":{"self":[{"href":"https:\/\/www.europesays.com\/fi\/wp-json\/wp\/v2\/posts\/82698","targetHints":{"allow":["GET"]}}],"collection":[{"href":"https:\/\/www.europesays.com\/fi\/wp-json\/wp\/v2\/posts"}],"about":[{"href":"https:\/\/www.europesays.com\/fi\/wp-json\/wp\/v2\/types\/post"}],"author":[{"embeddable":true,"href":"https:\/\/www.europesays.com\/fi\/wp-json\/wp\/v2\/users\/2"}],"replies":[{"embeddable":true,"href":"https:\/\/www.europesays.com\/fi\/wp-json\/wp\/v2\/comments?post=82698"}],"version-history":[{"count":0,"href":"https:\/\/www.europesays.com\/fi\/wp-json\/wp\/v2\/posts\/82698\/revisions"}],"wp:featuredmedia":[{"embeddable":true,"href":"https:\/\/www.europesays.com\/fi\/wp-json\/wp\/v2\/media\/82699"}],"wp:attachment":[{"href":"https:\/\/www.europesays.com\/fi\/wp-json\/wp\/v2\/media?parent=82698"}],"wp:term":[{"taxonomy":"category","embeddable":true,"href":"https:\/\/www.europesays.com\/fi\/wp-json\/wp\/v2\/categories?post=82698"},{"taxonomy":"post_tag","embeddable":true,"href":"https:\/\/www.europesays.com\/fi\/wp-json\/wp\/v2\/tags?post=82698"}],"curies":[{"name":"wp","href":"https:\/\/api.w.org\/{rel}","templated":true}]}}