{"id":82700,"date":"2025-11-06T11:40:10","date_gmt":"2025-11-06T11:40:10","guid":{"rendered":"https:\/\/www.europesays.com\/fi\/82700\/"},"modified":"2025-11-06T11:40:10","modified_gmt":"2025-11-06T11:40:10","slug":"illalla-tvssa-kauhuhitti-sai-jatko-osan-vuonna-2019-painajaismainen-olento-tekee-paluun","status":"publish","type":"post","link":"https:\/\/www.europesays.com\/fi\/82700\/","title":{"rendered":"Illalla tv:ss\u00e4: Kauhuhitti sai jatko-osan vuonna 2019 \u2013 painajaismainen olento tekee paluun"},"content":{"rendered":"<p>Illan tv-tarjonnassa on kauhuelokuva Se: Toinen luku (2019), joka jatkaa vuoden 2017 menestyselokuvan karmivaa tarinaa.<\/p>\n<p>Tapahtumat sijoittuvat 27 vuoden p\u00e4\u00e4h\u00e4n ensimm\u00e4isen osan tapahtumista, kun kerho kokoontuu j\u00e4lleen yhteen. Heid\u00e4n on kohdattava lapsuutensa painajainen, kauhistuttava Pennywise, ja yritett\u00e4v\u00e4 pys\u00e4ytt\u00e4\u00e4 h\u00e4net lopullisesti.<\/p>\n<p>N\u00e4yttelij\u00f6in\u00e4 n\u00e4hd\u00e4\u00e4n muun muassa <strong>Bill Skarsg\u00e5rd<\/strong>, <strong>Jessica Chastain<\/strong>, <strong>James McAvoy<\/strong>, <strong>Bill Hader<\/strong> ja <strong>Isaiah Mustafa<\/strong>.<\/p>\n<p><img loading=\"lazy\" height=\"1064\" width=\"1600\" class=\"wp-image-158276 sp-no-webp perfmatters-lazy\" alt=\"\" decoding=\"async\" src=\"https:\/\/www.europesays.com\/fi\/wp-content\/uploads\/2025\/11\/se-toinen-luku-chapter-two-jessica-chastain.jpg\"  data-\/> <\/p>\n<p>Episodin <a href=\"https:\/\/www.episodi.fi\/elokuvat\/se-toinen-luku\/\" rel=\"nofollow noopener\" target=\"_blank\">nelj\u00e4n t\u00e4hden arvostelussa<\/a> tuumittiin n\u00e4in:<\/p>\n<p>\u201dHarvinaisen onnistuneen muttei t\u00e4ydellisen jatko-osan parasta antia ovat uskomattoman taitavat n\u00e4yttelij\u00e4t, ja se tuo tarinan koskettavaan p\u00e4\u00e4t\u00f6kseens\u00e4. Elokuva saattaa jopa onnistua puristamaan katsojasta pari ansaittua kyynelt\u00e4.\u201d<\/p>\n<p>Hader s\u00e4ik\u00e4hti Skarsg\u00e5rdin osaamaa silm\u00e4temppua kuvauksissa. Ensimm\u00e4isess\u00e4 elokuvassa Pennywise liikutti silmi\u00e4\u00e4n kahteen suuntaan yht\u00e4 aikaa. Hader kysyi, miten tehoste tehtiin. Kun Skarsg\u00e5rd n\u00e4ytti silm\u00e4temppunsa h\u00e4nelle, Hader s\u00e4ik\u00e4hti perin pohjin.<\/p>\n<p>Elokuva sai kriitikoilta vaihtelevia arvioita, mutta se oli taloudellinen menestys. Se tuotti maailmanlaajuisesti 473,1 miljoonaa dollaria.<\/p>\n<p>Televisiosarja It: Welcome to Derry sai vastik\u00e4\u00e4n ensi-iltansa HBO Maxissa. Skarsg\u00e5rd palaa siin\u00e4 Pennywisen rooliin.<\/p>\n<p>Elokuva on my\u00f6s Prime Videossa ja HBO Maxissa. Alla elokuvan ja uuden sarjan traileri.<\/p>\n<p>Tulevat l\u00e4hetykset:<\/p>\n<ul class=\"wp-block-list\">\n<li>To 6.11.2025 klo 23.05, Kutonen<\/li>\n<\/ul>\n<p>Lue my\u00f6s: <a href=\"https:\/\/www.episodi.fi\/uutiset\/nyt-viaplayssa-game-of-thrones-tahden-karmiva-kauhuhitti-guillermo-del-toro-toimii-tuottajana\/\" title=\"Nyt Viaplayssa: Game of Thrones -t\u00e4hden karmiva kauhuhitti \u2013 Guillermo del Toro toimii tuottajana\" class=\"underline-custom !font-montserrat !font-bold !underline-offset-4 !decoration-4 !decoration-episodi-blue !text-md\" rel=\"nofollow noopener\" target=\"_blank\">Nyt Viaplayssa: Game of Thrones -t\u00e4hden karmiva kauhuhitti \u2013 Guillermo del Toro toimii tuottajana<\/a><\/p>\n<p>Lue my\u00f6s: <a href=\"https:\/\/www.episodi.fi\/uutiset\/netflixista-poistuu-kaikkien-aikojen-menestyneimman-kauhuleffan-jatko-osa-tuo-tarinan-koskettavaan-paatokseensa\/\" title=\"Netflixist\u00e4 poistuu kaikkien aikojen menestyneimm\u00e4n kauhuleffan jatko-osa \u2013 \u201dTuo tarinan koskettavaan p\u00e4\u00e4t\u00f6kseens\u00e4\u201d\" class=\"underline-custom !font-montserrat !font-bold !underline-offset-4 !decoration-4 !decoration-episodi-blue !text-md\" rel=\"nofollow noopener\" target=\"_blank\">Netflixist\u00e4 poistuu kaikkien aikojen menestyneimm\u00e4n kauhuleffan jatko-osa \u2013 \u201dTuo tarinan koskettavaan p\u00e4\u00e4t\u00f6kseens\u00e4\u201d<\/a><\/p>\n<p>Lue my\u00f6s: <a href=\"https:\/\/www.episodi.fi\/uutiset\/nyt-hbo-maxissa-kaikkien-aikojen-menestyneimman-kauhuleffan-jatko-osa-tuo-tarinan-koskettavaan-paatokseensa\/\" title=\"Nyt HBO Maxissa: Kaikkien aikojen menestyneimm\u00e4n kauhuleffan jatko-osa \u2013 \u201dTuo tarinan koskettavaan p\u00e4\u00e4t\u00f6kseens\u00e4\u201d\" class=\"underline-custom !font-montserrat !font-bold !underline-offset-4 !decoration-4 !decoration-episodi-blue !text-md\" rel=\"nofollow noopener\" target=\"_blank\">Nyt HBO Maxissa: Kaikkien aikojen menestyneimm\u00e4n kauhuleffan jatko-osa \u2013 \u201dTuo tarinan koskettavaan p\u00e4\u00e4t\u00f6kseens\u00e4\u201d<\/a><\/p>\n<p>Lue my\u00f6s: <a href=\"https:\/\/www.episodi.fi\/uutiset\/243892\/\" title=\"Tositarina suoratoistona: Urheilut\u00e4hden uranvaihto toi miljoonat \u2013 mutta my\u00f6s hengenvaarallisia asiakkaita\" class=\"underline-custom !font-montserrat !font-bold !underline-offset-4 !decoration-4 !decoration-episodi-blue !text-md\" rel=\"nofollow noopener\" target=\"_blank\">Tositarina suoratoistona: Urheilut\u00e4hden uranvaihto toi miljoonat \u2013 mutta my\u00f6s hengenvaarallisia asiakkaita<\/a><\/p>\n<p><img loading=\"lazy\" decoding=\"async\" alt=\"YouTube video\" width=\"480\" height=\"360\" data-pin-nopin=\"true\" nopin=\"nopin\" class=\"perfmatters-lazy\" src=\"https:\/\/www.europesays.com\/fi\/wp-content\/uploads\/2025\/11\/1762141868_921_hqdefault.jpg\"\/><\/p>\n<p><img loading=\"lazy\" decoding=\"async\" alt=\"YouTube video\" width=\"480\" height=\"360\" data-pin-nopin=\"true\" nopin=\"nopin\" class=\"perfmatters-lazy\" src=\"https:\/\/www.europesays.com\/fi\/wp-content\/uploads\/2025\/11\/1762429210_845_hqdefault.jpg\"\/><\/p>\n<p>L\u00e4hde: <a href=\"https:\/\/www.imdb.com\/title\/tt7349950\/trivia?ref_=tt_ql_2\" target=\"_blank\" rel=\"noreferrer noopener nofollow\">IMDb<\/a>, <a href=\"https:\/\/en.wikipedia.org\/wiki\/It_Chapter_Two\" target=\"_blank\" rel=\"noreferrer noopener nofollow\">Wikipedia<\/a><\/p>\n<p>Lue my\u00f6s: <a href=\"https:\/\/www.episodi.fi\/uutiskirje\/?uutiskirjemainos=tekstilinkkimainos\" title=\"Tilaa Episodin uutiskirje ja voit voittaa leffalippuja! Nappaa tv-vinkit suoraan s\u00e4hk\u00f6postiin t\u00e4st\u00e4.\" class=\"underline-custom !font-montserrat !font-bold !underline-offset-4 !decoration-4 !decoration-episodi-blue !text-md\" rel=\"nofollow noopener\" target=\"_blank\">Tilaa Episodin uutiskirje ja voit voittaa leffalippuja! Nappaa katseluvinkit suoraan s\u00e4hk\u00f6postiin t\u00e4st\u00e4.<\/a><\/p>\n","protected":false},"excerpt":{"rendered":"Illan tv-tarjonnassa on kauhuelokuva Se: Toinen luku (2019), joka jatkaa vuoden 2017 menestyselokuvan karmivaa tarinaa. Tapahtumat sijoittuvat 27&hellip;\n","protected":false},"author":2,"featured_media":82701,"comment_status":"","ping_status":"","sticky":false,"template":"","format":"standard","meta":{"footnotes":""},"categories":[131],"tags":[155,137,33,173,31,30,172,32,139,109],"class_list":{"0":"post-82700","1":"post","2":"type-post","3":"status-publish","4":"format-standard","5":"has-post-thumbnail","7":"category-elokuvat","8":"tag-elokuvat","9":"tag-entertainment","10":"tag-fi","11":"tag-film","12":"tag-finland","13":"tag-finnish","14":"tag-movies","15":"tag-suomi","16":"tag-tv-ohjelmat","17":"tag-viihde"},"share_on_mastodon":{"url":"https:\/\/pubeurope.com\/@fi\/115502568148206879","error":""},"_links":{"self":[{"href":"https:\/\/www.europesays.com\/fi\/wp-json\/wp\/v2\/posts\/82700","targetHints":{"allow":["GET"]}}],"collection":[{"href":"https:\/\/www.europesays.com\/fi\/wp-json\/wp\/v2\/posts"}],"about":[{"href":"https:\/\/www.europesays.com\/fi\/wp-json\/wp\/v2\/types\/post"}],"author":[{"embeddable":true,"href":"https:\/\/www.europesays.com\/fi\/wp-json\/wp\/v2\/users\/2"}],"replies":[{"embeddable":true,"href":"https:\/\/www.europesays.com\/fi\/wp-json\/wp\/v2\/comments?post=82700"}],"version-history":[{"count":0,"href":"https:\/\/www.europesays.com\/fi\/wp-json\/wp\/v2\/posts\/82700\/revisions"}],"wp:featuredmedia":[{"embeddable":true,"href":"https:\/\/www.europesays.com\/fi\/wp-json\/wp\/v2\/media\/82701"}],"wp:attachment":[{"href":"https:\/\/www.europesays.com\/fi\/wp-json\/wp\/v2\/media?parent=82700"}],"wp:term":[{"taxonomy":"category","embeddable":true,"href":"https:\/\/www.europesays.com\/fi\/wp-json\/wp\/v2\/categories?post=82700"},{"taxonomy":"post_tag","embeddable":true,"href":"https:\/\/www.europesays.com\/fi\/wp-json\/wp\/v2\/tags?post=82700"}],"curies":[{"name":"wp","href":"https:\/\/api.w.org\/{rel}","templated":true}]}}