{"id":82711,"date":"2025-11-06T11:48:08","date_gmt":"2025-11-06T11:48:08","guid":{"rendered":"https:\/\/www.europesays.com\/fi\/82711\/"},"modified":"2025-11-06T11:48:08","modified_gmt":"2025-11-06T11:48:08","slug":"yksi-kuoli-tulipalossa-loviisassa-hs-fi","status":"publish","type":"post","link":"https:\/\/www.europesays.com\/fi\/82711\/","title":{"rendered":"Yksi kuoli tulipalossa Loviisassa | HS.fi"},"content":{"rendered":"<p>Onnettomuudet|Palon ep\u00e4ill\u00e4\u00e4n saaneen alkunsa pesukoneesta, poliisi kertoo.<\/p>\n<p class=\"article-body mb-nof-24 px-nof-16\">Yksi henkil\u00f6 on kuollut omakotitalon tulipalossa torstaina Loviisassa, poliisi tiedottaa.<\/p>\n<p class=\"article-body mb-nof-24 px-nof-16\">Alustavien tietojen mukaan palon ep\u00e4ill\u00e4\u00e4n saaneen alkunsa pesukoneesta, tiedotteessa kerrotaan. Poliisi ja pelastuslaitos saivat tiedon keskisuuresta rakennus\u00adpalosta yhdentoista aikaan aamup\u00e4iv\u00e4ll\u00e4.<\/p>\n<p class=\"article-body mb-nof-24 px-nof-16\">Poliisi selvitt\u00e4\u00e4 yhdess\u00e4 pelastuslaitoksen kanssa palon syttymissyyt\u00e4.<\/p>\n","protected":false},"excerpt":{"rendered":"Onnettomuudet|Palon ep\u00e4ill\u00e4\u00e4n saaneen alkunsa pesukoneesta, poliisi kertoo. Yksi henkil\u00f6 on kuollut omakotitalon tulipalossa torstaina Loviisassa, poliisi tiedottaa. Alustavien&hellip;\n","protected":false},"author":2,"featured_media":79326,"comment_status":"","ping_status":"","sticky":false,"template":"","format":"standard","meta":{"footnotes":""},"categories":[12],"tags":[22,23,26,27,33,31,30,17,46,24,25,28,29,15,18,21,32,19,20,16],"class_list":{"0":"post-82711","1":"post","2":"type-post","3":"status-publish","4":"format-standard","5":"has-post-thumbnail","7":"category-suomi","8":"tag-breaking-news","9":"tag-breakingnews","10":"tag-featured-news","11":"tag-featurednews","12":"tag-fi","13":"tag-finland","14":"tag-finnish","15":"tag-headlines","16":"tag-helsingin-sanomat","17":"tag-latest-news","18":"tag-latestnews","19":"tag-main-news","20":"tag-mainnews","21":"tag-news","22":"tag-otsikot","23":"tag-paauutiset","24":"tag-suomi","25":"tag-top-stories","26":"tag-topstories","27":"tag-uutiset"},"share_on_mastodon":{"url":"https:\/\/pubeurope.com\/@fi\/115502599619650687","error":""},"_links":{"self":[{"href":"https:\/\/www.europesays.com\/fi\/wp-json\/wp\/v2\/posts\/82711","targetHints":{"allow":["GET"]}}],"collection":[{"href":"https:\/\/www.europesays.com\/fi\/wp-json\/wp\/v2\/posts"}],"about":[{"href":"https:\/\/www.europesays.com\/fi\/wp-json\/wp\/v2\/types\/post"}],"author":[{"embeddable":true,"href":"https:\/\/www.europesays.com\/fi\/wp-json\/wp\/v2\/users\/2"}],"replies":[{"embeddable":true,"href":"https:\/\/www.europesays.com\/fi\/wp-json\/wp\/v2\/comments?post=82711"}],"version-history":[{"count":0,"href":"https:\/\/www.europesays.com\/fi\/wp-json\/wp\/v2\/posts\/82711\/revisions"}],"wp:featuredmedia":[{"embeddable":true,"href":"https:\/\/www.europesays.com\/fi\/wp-json\/wp\/v2\/media\/79326"}],"wp:attachment":[{"href":"https:\/\/www.europesays.com\/fi\/wp-json\/wp\/v2\/media?parent=82711"}],"wp:term":[{"taxonomy":"category","embeddable":true,"href":"https:\/\/www.europesays.com\/fi\/wp-json\/wp\/v2\/categories?post=82711"},{"taxonomy":"post_tag","embeddable":true,"href":"https:\/\/www.europesays.com\/fi\/wp-json\/wp\/v2\/tags?post=82711"}],"curies":[{"name":"wp","href":"https:\/\/api.w.org\/{rel}","templated":true}]}}