{"id":82714,"date":"2025-11-06T11:54:10","date_gmt":"2025-11-06T11:54:10","guid":{"rendered":"https:\/\/www.europesays.com\/fi\/82714\/"},"modified":"2025-11-06T11:54:10","modified_gmt":"2025-11-06T11:54:10","slug":"lammin-saa-sulatti-kolmanneksen-levin-lumivarastoista-maailmancup-varmistui-silti-ensi-viikon-lopulle","status":"publish","type":"post","link":"https:\/\/www.europesays.com\/fi\/82714\/","title":{"rendered":"L\u00e4mmin s\u00e4\u00e4 sulatti kolmanneksen Levin lumivarastoista, maailmancup varmistui silti ensi viikon lopulle"},"content":{"rendered":"<p>    <img decoding=\"async\" class=\"responsive-image article__image-image lozad\"   src=\"https:\/\/www.europesays.com\/fi\/wp-content\/uploads\/2025\/11\/PCUOgVlMd2MegTmwF7it00R79un1CoDIur_8qvXKCcMgBbVZpacp7ZFu7MBUpKiT3CPPEK55HlMt0d9eTJUCMezXkyn_EtpeFLSv.jpeg\" alt=\"Kuvassa rinteen rakentamista Levill\u00e4 lokakuussa vuonna 2024.\"\/><\/p>\n<p>\n                Kuvassa rinteen rakentamista Levill\u00e4 lokakuussa vuonna 2024.\n              <\/p>\n<p>\n                Kuva: Pekka Aho\/arkisto\n              <\/p>\n<p class=\"article__paragraph\">\n      Kansainv\u00e4linen hiihto- ja lumilautailuliitto FIS n\u00e4ytti torstaina vihre\u00e4\u00e4 valoa alppihiihdon maailmancupin toteutumiselle Levill\u00e4. Pohjois-Suomen l\u00e4mmin syyss\u00e4\u00e4 on kuluttanut maailmancup-rinteisiin varastoiduista lumikasoista noin kolmanneksen, mutta lumi riitt\u00e4\u00e4 kisojen pujottelurinteisiin.\n    <\/p>\n<p class=\"article__paragraph\">\n      \u2013\u2009L\u00e4mp\u00f6tilat ovat olleet enn\u00e4tyksellisen korkeita, mutta olemme onnistuneet s\u00e4ilytt\u00e4m\u00e4\u00e4n kisakelpoisen rinteen kierr\u00e4tyslumen ja s\u00e4il\u00f6nt\u00e4j\u00e4rjestelm\u00e4n avulla. Nyt pakkanen tulee juuri oikeaan aikaan, ja saamme lis\u00e4lunta sinne, miss\u00e4 sit\u00e4 viel\u00e4 tarvitaan, kertoi Levin maailmancupin kilpailujohtaja Petri Tuomikoski tiedotteessa.\n    <\/p>\n<p class=\"article__paragraph\">\n      Kittil\u00e4ss\u00e4 avataan naisten ja miesten maailmancupin pujottelukausi, kun naiset laskevat Levi Black -rinnett\u00e4 15. marraskuuta ja miehet p\u00e4iv\u00e4\u00e4 my\u00f6hemmin.\n    <\/p>\n<p>    Lue my\u00f6s<br \/>\n    <br \/>\n    <a href=\"https:\/\/www.lapinkansa.fi\/sailolumi-riittaa-pitamaan-rinteet-kunnossa-kittil\/12382236\" rel=\"nofollow noopener\" target=\"_blank\">S\u00e4i\u00adl\u00f6\u00adlu\u00admi riitt\u00e4\u00e4 pi\u00adt\u00e4\u00adm\u00e4\u00e4n rinteet kun\u00adnos\u00adsa Kit\u00adti\u00adl\u00e4n Levill\u00e4 \u2013 lumen le\u00advit\u00adt\u00e4\u00admi\u00adnen ki\u00adsa\u00adrin\u00adtee\u00adseen aloi\u00adtet\u00adtu<\/a><\/p>\n","protected":false},"excerpt":{"rendered":"Kuvassa rinteen rakentamista Levill\u00e4 lokakuussa vuonna 2024. Kuva: Pekka Aho\/arkisto Kansainv\u00e4linen hiihto- ja lumilautailuliitto FIS n\u00e4ytti torstaina vihre\u00e4\u00e4&hellip;\n","protected":false},"author":2,"featured_media":82715,"comment_status":"","ping_status":"","sticky":false,"template":"","format":"standard","meta":{"footnotes":""},"categories":[113],"tags":[446,33,31,30,118,32,119,447],"class_list":{"0":"post-82714","1":"post","2":"type-post","3":"status-publish","4":"format-standard","5":"has-post-thumbnail","7":"category-ymparisto","8":"tag-environment","9":"tag-fi","10":"tag-finland","11":"tag-finnish","12":"tag-science","13":"tag-suomi","14":"tag-tiede","15":"tag-ymparisto"},"share_on_mastodon":{"url":"https:\/\/pubeurope.com\/@fi\/115502623303052773","error":""},"_links":{"self":[{"href":"https:\/\/www.europesays.com\/fi\/wp-json\/wp\/v2\/posts\/82714","targetHints":{"allow":["GET"]}}],"collection":[{"href":"https:\/\/www.europesays.com\/fi\/wp-json\/wp\/v2\/posts"}],"about":[{"href":"https:\/\/www.europesays.com\/fi\/wp-json\/wp\/v2\/types\/post"}],"author":[{"embeddable":true,"href":"https:\/\/www.europesays.com\/fi\/wp-json\/wp\/v2\/users\/2"}],"replies":[{"embeddable":true,"href":"https:\/\/www.europesays.com\/fi\/wp-json\/wp\/v2\/comments?post=82714"}],"version-history":[{"count":0,"href":"https:\/\/www.europesays.com\/fi\/wp-json\/wp\/v2\/posts\/82714\/revisions"}],"wp:featuredmedia":[{"embeddable":true,"href":"https:\/\/www.europesays.com\/fi\/wp-json\/wp\/v2\/media\/82715"}],"wp:attachment":[{"href":"https:\/\/www.europesays.com\/fi\/wp-json\/wp\/v2\/media?parent=82714"}],"wp:term":[{"taxonomy":"category","embeddable":true,"href":"https:\/\/www.europesays.com\/fi\/wp-json\/wp\/v2\/categories?post=82714"},{"taxonomy":"post_tag","embeddable":true,"href":"https:\/\/www.europesays.com\/fi\/wp-json\/wp\/v2\/tags?post=82714"}],"curies":[{"name":"wp","href":"https:\/\/api.w.org\/{rel}","templated":true}]}}