{"id":82729,"date":"2025-11-06T12:14:09","date_gmt":"2025-11-06T12:14:09","guid":{"rendered":"https:\/\/www.europesays.com\/fi\/82729\/"},"modified":"2025-11-06T12:14:09","modified_gmt":"2025-11-06T12:14:09","slug":"pesukone-sytytti-omakotitalon-ihminen-kuoli","status":"publish","type":"post","link":"https:\/\/www.europesays.com\/fi\/82729\/","title":{"rendered":"Pesukone sytytti omakotitalon \u2013 Ihminen kuoli"},"content":{"rendered":"<p>Alustavien selvitysten mukaan tuhoisa tulipalo sai alkunsa pesukoneesta.<\/p>\n<p><img decoding=\"async\" class=\"image image-show image-preview\" src=\"https:\/\/www.europesays.com\/fi\/wp-content\/uploads\/2025\/11\/e0843e4a7472a0ed305daf7d55a9786dfd2ef221f0cf329419fa193968627d9d.jpg\" alt=\"\"\/><img decoding=\"async\" class=\"image image-show\" src=\"https:\/\/www.europesays.com\/fi\/wp-content\/uploads\/2025\/11\/1762431249_833_e0843e4a7472a0ed305daf7d55a9786dfd2ef221f0cf329419fa193968627d9d.jpg\" alt=\"\"\/><\/p>\n<p>It\u00e4-Uudenmaan pelastuslaitos sai h\u00e4lytyksen loviisalaiseen taloon kello 11.11 torstaina. <\/p>\n<p class=\"paragraph\">Loviisassa oli torstaina puolen p\u00e4iv\u00e4n aikaan tuhoisa tulipalo.<\/p>\n<p class=\"paragraph\">Pelastuslaitos ja poliisi saivat h\u00e4lytyksen kello 11.11. Omakotitalossa oli tulipalo, jossa kuoli yksi henkil\u00f6.<\/p>\n<p class=\"paragraph\">It\u00e4-Uudenmaan poliisi kertoo tutkivansa palon syttymissyyt\u00e4 yhdess\u00e4 pelastuslaitoksen kanssa.<\/p>\n<p class=\"paragraph\">Tutkinta on vasta alussa, mutta alustavasti palon ep\u00e4ill\u00e4\u00e4n saaneen alkunsa pesukoneesta.<\/p>\n","protected":false},"excerpt":{"rendered":"Alustavien selvitysten mukaan tuhoisa tulipalo sai alkunsa pesukoneesta. It\u00e4-Uudenmaan pelastuslaitos sai h\u00e4lytyksen loviisalaiseen taloon kello 11.11 torstaina. Loviisassa&hellip;\n","protected":false},"author":2,"featured_media":82730,"comment_status":"","ping_status":"","sticky":false,"template":"","format":"standard","meta":{"footnotes":""},"categories":[12],"tags":[35,22,23,26,27,33,31,30,17,55,24,25,28,29,15,18,21,122,54,52,32,19,20,546,16],"class_list":{"0":"post-82729","1":"post","2":"type-post","3":"status-publish","4":"format-standard","5":"has-post-thumbnail","7":"category-suomi","8":"tag-24h","9":"tag-breaking-news","10":"tag-breakingnews","11":"tag-featured-news","12":"tag-featurednews","13":"tag-fi","14":"tag-finland","15":"tag-finnish","16":"tag-headlines","17":"tag-lainvalvonta","18":"tag-latest-news","19":"tag-latestnews","20":"tag-main-news","21":"tag-mainnews","22":"tag-news","23":"tag-otsikot","24":"tag-paauutiset","25":"tag-pelastaminen","26":"tag-pelastuspalvelut","27":"tag-poliisi","28":"tag-suomi","29":"tag-top-stories","30":"tag-topstories","31":"tag-turvallisuus","32":"tag-uutiset"},"share_on_mastodon":{"url":"https:\/\/pubeurope.com\/@fi\/115502702313677366","error":""},"_links":{"self":[{"href":"https:\/\/www.europesays.com\/fi\/wp-json\/wp\/v2\/posts\/82729","targetHints":{"allow":["GET"]}}],"collection":[{"href":"https:\/\/www.europesays.com\/fi\/wp-json\/wp\/v2\/posts"}],"about":[{"href":"https:\/\/www.europesays.com\/fi\/wp-json\/wp\/v2\/types\/post"}],"author":[{"embeddable":true,"href":"https:\/\/www.europesays.com\/fi\/wp-json\/wp\/v2\/users\/2"}],"replies":[{"embeddable":true,"href":"https:\/\/www.europesays.com\/fi\/wp-json\/wp\/v2\/comments?post=82729"}],"version-history":[{"count":0,"href":"https:\/\/www.europesays.com\/fi\/wp-json\/wp\/v2\/posts\/82729\/revisions"}],"wp:featuredmedia":[{"embeddable":true,"href":"https:\/\/www.europesays.com\/fi\/wp-json\/wp\/v2\/media\/82730"}],"wp:attachment":[{"href":"https:\/\/www.europesays.com\/fi\/wp-json\/wp\/v2\/media?parent=82729"}],"wp:term":[{"taxonomy":"category","embeddable":true,"href":"https:\/\/www.europesays.com\/fi\/wp-json\/wp\/v2\/categories?post=82729"},{"taxonomy":"post_tag","embeddable":true,"href":"https:\/\/www.europesays.com\/fi\/wp-json\/wp\/v2\/tags?post=82729"}],"curies":[{"name":"wp","href":"https:\/\/api.w.org\/{rel}","templated":true}]}}