{"id":82746,"date":"2025-11-06T12:40:08","date_gmt":"2025-11-06T12:40:08","guid":{"rendered":"https:\/\/www.europesays.com\/fi\/82746\/"},"modified":"2025-11-06T12:40:08","modified_gmt":"2025-11-06T12:40:08","slug":"joensuulaismiehet-valittivat-laittomia-aseita-toiselta-loytyi-myos-amfetamiinia-pohjois-karjala","status":"publish","type":"post","link":"https:\/\/www.europesays.com\/fi\/82746\/","title":{"rendered":"Joensuulaismiehet v\u00e4littiv\u00e4t laittomia aseita \u2013 toiselta l\u00f6ytyi my\u00f6s amfetamiinia | Pohjois-Karjala"},"content":{"rendered":"<p class=\"aw-1gybjub aw-5vja16 kEtdKx kmuxyA yle__article__paragraph\">Ep\u00e4ilty t\u00f6rke\u00e4 ampuma-aserikos siirtyy seuraavaksi syyteharkintaan.<\/p>\n<p><img decoding=\"async\" alt=\"Polislogon p\u00e5 en polisbil.\" src=\"https:\/\/www.europesays.com\/fi\/wp-content\/uploads\/2025\/11\/39-15483976909e57b94739.jpeg\" class=\"aw-1l9m598 hKVVvP\"\/><\/p>\n<p>Avaa kuvien katselu<\/p>\n<p>Poliisi p\u00e4\u00e4si miesten j\u00e4ljille omien tutkimustensa avulla. Kuva: Ulrica Fagerstr\u00f6m \/ Yle<\/p>\n<p class=\"aw-1gybjub aw-1p7kakr kEtdKx cEmitX yle__article__paragraph\">Poliisi on saanut valmiiksi t\u00f6rke\u00e4n ampuma-aserikoksen esitutkinnan Joensuussa.<\/p>\n<p class=\"aw-1gybjub aw-1p7kakr kEtdKx cEmitX yle__article__paragraph\">Poliisin mukaan 57- ja 25-vuotiaat joensuulaismiehet pitiv\u00e4t hallussaan ja v\u00e4littiv\u00e4t eteenp\u00e4in erilaisia laittomia ampuma-aseita.<\/p>\n<p class=\"aw-1gybjub aw-1p7kakr kEtdKx cEmitX yle__article__paragraph\">Poliisi takavarikoi esitutkinnan aikana vanhemmalta miehelt\u00e4 kymmenen laitonta ampuma-asetta ja huomattavan m\u00e4\u00e4r\u00e4n erilaisia ampumatarvikkeita. Miehell\u00e4 ei ole lupaa mink\u00e4\u00e4nlaiseen ampuma-aseeseen.<\/p>\n<p class=\"aw-1gybjub aw-1p7kakr kEtdKx cEmitX yle__article__paragraph\">Nuoremmalta miehelt\u00e4 l\u00f6ytyi my\u00f6s 135 grammaa amfetamiinia, jota oli poliisin mukaan tarkoitus myyd\u00e4 eteenp\u00e4in. Miest\u00e4 ep\u00e4ill\u00e4\u00e4n my\u00f6s kannabiksen ja huumaavien l\u00e4\u00e4kkeiden myymisest\u00e4.<\/p>\n<p class=\"aw-1gybjub aw-1p7kakr kEtdKx cEmitX yle__article__paragraph\">Poliisi p\u00e4si miesten j\u00e4ljille omien tutkimustensa avulla. He olivat vangittuina kev\u00e4\u00e4ll\u00e4 kuukauden ajan.<\/p>\n<p class=\"aw-1gybjub aw-1p7kakr kEtdKx cEmitX yle__article__paragraph\">Esitutkinnassa kuultiin yhteens\u00e4 kymment\u00e4 henkil\u00f6\u00e4.<\/p>\n<p class=\"aw-1gybjub aw-1p7kakr kEtdKx cEmitX yle__article__paragraph\">Asia on siirtynyt syytt\u00e4j\u00e4lle syyteharkintaan.<\/p>\n","protected":false},"excerpt":{"rendered":"Ep\u00e4ilty t\u00f6rke\u00e4 ampuma-aserikos siirtyy seuraavaksi syyteharkintaan. Avaa kuvien katselu Poliisi p\u00e4\u00e4si miesten j\u00e4ljille omien tutkimustensa avulla. Kuva: Ulrica&hellip;\n","protected":false},"author":2,"featured_media":82747,"comment_status":"","ping_status":"","sticky":false,"template":"","format":"standard","meta":{"footnotes":""},"categories":[12],"tags":[8108,22,23,2054,26,27,33,31,30,17,664,1133,71,24,25,28,29,15,18,21,1137,52,581,1263,32,19,20,16],"class_list":{"0":"post-82746","1":"post","2":"type-post","3":"status-publish","4":"format-standard","5":"has-post-thumbnail","7":"category-suomi","8":"tag-ampuma-aseet","9":"tag-breaking-news","10":"tag-breakingnews","11":"tag-esitutkinta","12":"tag-featured-news","13":"tag-featurednews","14":"tag-fi","15":"tag-finland","16":"tag-finnish","17":"tag-headlines","18":"tag-huumeet","19":"tag-joensuu","20":"tag-kotimaa","21":"tag-latest-news","22":"tag-latestnews","23":"tag-main-news","24":"tag-mainnews","25":"tag-news","26":"tag-otsikot","27":"tag-paauutiset","28":"tag-pohjois-karjala","29":"tag-poliisi","30":"tag-rikokset","31":"tag-rikosepailyt","32":"tag-suomi","33":"tag-top-stories","34":"tag-topstories","35":"tag-uutiset"},"share_on_mastodon":{"url":"https:\/\/pubeurope.com\/@fi\/115502804287341676","error":""},"_links":{"self":[{"href":"https:\/\/www.europesays.com\/fi\/wp-json\/wp\/v2\/posts\/82746","targetHints":{"allow":["GET"]}}],"collection":[{"href":"https:\/\/www.europesays.com\/fi\/wp-json\/wp\/v2\/posts"}],"about":[{"href":"https:\/\/www.europesays.com\/fi\/wp-json\/wp\/v2\/types\/post"}],"author":[{"embeddable":true,"href":"https:\/\/www.europesays.com\/fi\/wp-json\/wp\/v2\/users\/2"}],"replies":[{"embeddable":true,"href":"https:\/\/www.europesays.com\/fi\/wp-json\/wp\/v2\/comments?post=82746"}],"version-history":[{"count":0,"href":"https:\/\/www.europesays.com\/fi\/wp-json\/wp\/v2\/posts\/82746\/revisions"}],"wp:featuredmedia":[{"embeddable":true,"href":"https:\/\/www.europesays.com\/fi\/wp-json\/wp\/v2\/media\/82747"}],"wp:attachment":[{"href":"https:\/\/www.europesays.com\/fi\/wp-json\/wp\/v2\/media?parent=82746"}],"wp:term":[{"taxonomy":"category","embeddable":true,"href":"https:\/\/www.europesays.com\/fi\/wp-json\/wp\/v2\/categories?post=82746"},{"taxonomy":"post_tag","embeddable":true,"href":"https:\/\/www.europesays.com\/fi\/wp-json\/wp\/v2\/tags?post=82746"}],"curies":[{"name":"wp","href":"https:\/\/api.w.org\/{rel}","templated":true}]}}