{"id":82750,"date":"2025-11-06T12:53:13","date_gmt":"2025-11-06T12:53:13","guid":{"rendered":"https:\/\/www.europesays.com\/fi\/82750\/"},"modified":"2025-11-06T12:53:13","modified_gmt":"2025-11-06T12:53:13","slug":"beata-leppilampi-yllattava-aluevaltaus-seiska","status":"publish","type":"post","link":"https:\/\/www.europesays.com\/fi\/82750\/","title":{"rendered":"Beata Leppilampi: Yll\u00e4tt\u00e4v\u00e4 aluevaltaus! | Seiska"},"content":{"rendered":"<p class=\"article-content article-content-width !bg-background\">Beata Leppilampi on ottanut el\u00e4m\u00e4ss\u00e4\u00e4n uuden j\u00e4nnitt\u00e4v\u00e4n askeleen.\u00a0<\/p>\n<p class=\"article-content article-content-width !bg-background\">Ex-luistelija on jo pidemp\u00e4\u00e4n vihjaillut ty\u00f6skentelev\u00e4ns\u00e4 uutuusprojektin parissa. T\u00e4n\u00e4\u00e4n torstaina (6.11.) tuo proggis vihdoin paljastui.\u00a0<\/p>\n<p class=\"article-content article-content-width !bg-background\">Beata on lanseerannut sovelluksen. <a href=\"https:\/\/www.instagram.com\/p\/DQtamgiDEOS\/\" target=\"_blank\" rel=\"nofollow noopener\">H\u00e4n kertoo asiasta Instagramissa<\/a>.\u00a0<\/p>\n<p>                <img decoding=\"async\" src=\"https:\/\/www.europesays.com\/fi\/wp-content\/uploads\/2025\/11\/1985331.webp\" width=\"576\" height=\"720\" alt=\"Beata on valjastanut teko\u00e4lyn satubisnekseen.\" loading=\"lazy\" \/>            <\/p>\n<p>\n            Beata on valjastanut teko\u00e4lyn satubisnekseen.<br \/>\n            Matti Matikainen\n        <\/p>\n<p class=\"article-content article-content-width !bg-background\">\u2013\u00a0T\u00e4m\u00e4 on syntynyt mun omasta ideasta ja olen t\u00e4st\u00e4 \u00e4\u00e4rett\u00f6m\u00e4n ylpe\u00e4 ja innoissani, Beata kirjoittaa.\u00a0<\/p>\n<p>Teko\u00e4ly sadunkertojana<\/p>\n<p class=\"article-content article-content-width !bg-background\">Beatalla on n\u00e4yttelij\u00e4puolisonsa <a alt=\"Haku\" class=\"text-primary-red font-extrabold\" href=\"https:\/\/www.seiska.fi\/haku?q=Mikko Leppilammen\" rel=\"nofollow noopener\" target=\"_blank\">Mikko Leppilammen<\/a> kanssa kaksi lasta. Niinp\u00e4 my\u00f6s sovellus on suunniteltu lapsiperheiden tarpeisiin.\u00a0<\/p>\n<p class=\"article-content article-content-width !bg-background\">Uutussovelluksen sis\u00e4lt\u00f6 selvi\u00e4\u00e4 tarkemmin Beatan julkaisuunsa liitt\u00e4m\u00e4lt\u00e4 videolta. Yksinkertaistettuna kyseess\u00e4 on sovellus, joka luo satuja teko\u00e4lyn avustuksella.\u00a0<\/p>\n<p class=\"article-content article-content-width !bg-background\">Videolla kuvaillaan, ett\u00e4 sovelluksen avulla voi ruokkia lasten mielikuvistusta sek\u00e4 saada my\u00f6s kaukana asuvat sukulaiset osaksi arkea.\u00a0<\/p>\n<p class=\"article-content article-content-width !bg-background\">K\u00e4ytt\u00e4j\u00e4 voi valita, ketk\u00e4 ovat tarinan p\u00e4\u00e4henkil\u00f6t sek\u00e4 sen, kauanko satu kest\u00e4\u00e4. Teko\u00e4ly kirjoittaa sadun annettujen toiveiden pohjalta.\u00a0<\/p>\n<p>Teko\u00e4ly\u00e4 todellisen luovuuden sijaan<\/p>\n<p class=\"article-content article-content-width !bg-background\">Beatan aluevaltaus tulee melkoisena yll\u00e4tyksen\u00e4. Vaikka h\u00e4n onkin puhunut avoimesti arjestaan kahden lapsen \u00e4itin\u00e4, ei monikaan varmasti arvannut h\u00e4nen l\u00e4htev\u00e4n mukaan teko\u00e4lytouhuihin.\u00a0<\/p>\n<p>                <img decoding=\"async\" src=\"https:\/\/www.europesays.com\/fi\/wp-content\/uploads\/2025\/11\/1985361.webp\" width=\"576\" height=\"720\" alt=\"Beatan aluevaltauksesta j\u00e4nnitt\u00e4v\u00e4n tekee osaltaan my\u00f6s se, kuinka kulttuuriv\u00e4ki ottaa teko\u00e4lyyn pohjautuvan sovelluksen vastaan.\" loading=\"lazy\" \/>            <\/p>\n<p>\n            Beatan aluevaltauksesta j\u00e4nnitt\u00e4v\u00e4n tekee osaltaan my\u00f6s se, kuinka kulttuuriv\u00e4ki ottaa teko\u00e4lyyn pohjautuvan sovelluksen vastaan.<br \/>\n            Matti Matikainen\n        <\/p>\n<p class=\"article-content article-content-width !bg-background\">Vetoa voidaan pit\u00e4\u00e4 yll\u00e4tt\u00e4v\u00e4n\u00e4 my\u00f6s sik\u00e4li, ett\u00e4 Beatan puoliso ty\u00f6skentelee kulttuurialalla. Teko\u00e4lyn k\u00e4ytt\u00e4minen viihdebisneksess\u00e4 on her\u00e4tt\u00e4nyt kansainv\u00e4lisesti runsaasti n\u00e4r\u00e4\u00e4.\u00a0<\/p>\n<p class=\"article-content article-content-width !bg-background\">Tietokoneen valjastaminen luovaan kirjoittamiseen todellisen henkil\u00f6n sijaan ei liene kaikkien mieleen. Lis\u00e4ksi teko\u00e4lyn ymp\u00e4rill\u00e4 on k\u00e4yty runsaasti keskustelua esimerkiksi tekij\u00e4noikeuskysymyksiin liittyen.<\/p>\n<p><script async src=\"\/\/www.instagram.com\/embed.js\"><\/script><\/p>\n","protected":false},"excerpt":{"rendered":"Beata Leppilampi on ottanut el\u00e4m\u00e4ss\u00e4\u00e4n uuden j\u00e4nnitt\u00e4v\u00e4n askeleen.\u00a0 Ex-luistelija on jo pidemp\u00e4\u00e4n vihjaillut ty\u00f6skentelev\u00e4ns\u00e4 uutuusprojektin parissa. T\u00e4n\u00e4\u00e4n torstaina&hellip;\n","protected":false},"author":2,"featured_media":82751,"comment_status":"","ping_status":"","sticky":false,"template":"","format":"standard","meta":{"footnotes":""},"categories":[136],"tags":[3369,3495,407,137,33,31,30,408,108,99,4424,1342,98,1240,17147,17146,32,433,7239,109],"class_list":{"0":"post-82750","1":"post","2":"type-post","3":"status-publish","4":"format-standard","5":"has-post-thumbnail","7":"category-julkkikset","8":"tag-beata-leppilampi","9":"tag-bisnes","10":"tag-celebrities","11":"tag-entertainment","12":"tag-fi","13":"tag-finland","14":"tag-finnish","15":"tag-julkkikset","16":"tag-kulttuuri","17":"tag-lapset","18":"tag-mikko-leppilampi","19":"tag-nayttelija","20":"tag-perhe","21":"tag-raha","22":"tag-sadut","23":"tag-sovellus","24":"tag-suomi","25":"tag-tekoaly","26":"tag-vastaanotto","27":"tag-viihde"},"share_on_mastodon":{"url":"https:\/\/pubeurope.com\/@fi\/115502855302484792","error":""},"_links":{"self":[{"href":"https:\/\/www.europesays.com\/fi\/wp-json\/wp\/v2\/posts\/82750","targetHints":{"allow":["GET"]}}],"collection":[{"href":"https:\/\/www.europesays.com\/fi\/wp-json\/wp\/v2\/posts"}],"about":[{"href":"https:\/\/www.europesays.com\/fi\/wp-json\/wp\/v2\/types\/post"}],"author":[{"embeddable":true,"href":"https:\/\/www.europesays.com\/fi\/wp-json\/wp\/v2\/users\/2"}],"replies":[{"embeddable":true,"href":"https:\/\/www.europesays.com\/fi\/wp-json\/wp\/v2\/comments?post=82750"}],"version-history":[{"count":0,"href":"https:\/\/www.europesays.com\/fi\/wp-json\/wp\/v2\/posts\/82750\/revisions"}],"wp:featuredmedia":[{"embeddable":true,"href":"https:\/\/www.europesays.com\/fi\/wp-json\/wp\/v2\/media\/82751"}],"wp:attachment":[{"href":"https:\/\/www.europesays.com\/fi\/wp-json\/wp\/v2\/media?parent=82750"}],"wp:term":[{"taxonomy":"category","embeddable":true,"href":"https:\/\/www.europesays.com\/fi\/wp-json\/wp\/v2\/categories?post=82750"},{"taxonomy":"post_tag","embeddable":true,"href":"https:\/\/www.europesays.com\/fi\/wp-json\/wp\/v2\/tags?post=82750"}],"curies":[{"name":"wp","href":"https:\/\/api.w.org\/{rel}","templated":true}]}}