{"id":82752,"date":"2025-11-06T12:57:09","date_gmt":"2025-11-06T12:57:09","guid":{"rendered":"https:\/\/www.europesays.com\/fi\/82752\/"},"modified":"2025-11-06T12:57:09","modified_gmt":"2025-11-06T12:57:09","slug":"antti-tuisku-perui-osallistumisensa-suoraan-lahetykseen-tassa-syy","status":"publish","type":"post","link":"https:\/\/www.europesays.com\/fi\/82752\/","title":{"rendered":"Antti Tuisku perui osallistumisensa suoraan l\u00e4hetykseen \u2013 T\u00e4ss\u00e4 syy"},"content":{"rendered":"<p>Antti Tuiskua ei n\u00e4hd\u00e4 Ylen Puoli seitsem\u00e4ss\u00e4.<\/p>\n<p><img decoding=\"async\" class=\"image image-show image-preview\" src=\"https:\/\/www.europesays.com\/fi\/wp-content\/uploads\/2025\/10\/a5dfb5ff220b654433dc73b1cf0c08a5e12c34f14182bf8669680b7d1dba86f5.jpg\" alt=\"\"\/><img decoding=\"async\" class=\"image image-show\" src=\"https:\/\/www.europesays.com\/fi\/wp-content\/uploads\/2025\/10\/1761904508_6_a5dfb5ff220b654433dc73b1cf0c08a5e12c34f14182bf8669680b7d1dba86f5.jpg\" alt=\"\"\/><\/p>\n<p>Antti Tuisku asuu nyky\u00e4\u00e4n Espanjassa. . jussi saarinen<\/p>\n<p class=\"paragraph\">Entinen popt\u00e4hti <a href=\"https:\/\/www.iltalehti.fi\/henkilot\/Antti Tuisku\" class=\"article-link-person-page\" rel=\"nofollow noopener\" target=\"_blank\">Antti Tuisku<\/a> ei osallistukaan t\u00e4n\u00e4\u00e4n Ylen Puoli seitsem\u00e4n -ohjelmaan.<\/p>\n<p class=\"paragraph\">Tuisku kertoo <a href=\"https:\/\/www.instagram.com\/antti_tuisku\/\" rel=\"noopener nofollow\" target=\"_blank\">Instagramissa<\/a> olevansa edelleen toipilas. Sairautensa laatua h\u00e4n ei paljasta.<\/p>\n<p class=\"paragraph\">Puoli seitsem\u00e4n on <strong>Ella Kannisen<\/strong> ja <strong>Mikko Kek\u00e4l\u00e4isen<\/strong> juontama suora l\u00e4hetys.<\/p>\n<p class=\"paragraph\">Tuiskun tilalla ohjelmassa n\u00e4hd\u00e4\u00e4n Erikoisjoukoista tuttu kouluttaja <strong>Robin Hendry<\/strong>.<\/p>\n<p class=\"paragraph\">Ohjelman muut vieraat t\u00e4ll\u00e4 viikolla ovat olleet tutkija <strong>Eerik Soares Ruokosuo<\/strong>, astrofyysikko <strong>Sissi Enestam <\/strong>ja n\u00e4yttelij\u00e4 <strong>Matti Leino<\/strong>.<\/p>\n<p>Antti Tuisku osallistui viime kev\u00e4\u00e4n\u00e4 useisiin hiihtokilpailuihin.  Jussi Saarinen<\/p>\n<p class=\"paragraph\">Tuiskun oli tarkoitus kertoa ohjelmassa Antti Tuisku \u2013 Kuolemattomuusprojekti -dokumentista. Dokumentissa k\u00e4sitell\u00e4\u00e4n Tuiskun uran k\u00e4\u00e4nnekohtia, musiikkiuran loppua ja p\u00e4\u00e4t\u00f6st\u00e4 ryhty\u00e4 kilpahiiht\u00e4j\u00e4ksi.<\/p>\n<p class=\"paragraph\">Kolmiosainen dokumenttisarja n\u00e4hd\u00e4\u00e4n Ylell\u00e4 10. marraskuuta alkaen.<\/p>\n<p class=\"paragraph\">Juttuun korjattu kello 11.33, ett\u00e4 Puoli seitsem\u00e4n muut vieraat ovat olleet ohjelmassa aiemmin t\u00e4ll\u00e4 viikolla, ei t\u00e4n\u00e4\u00e4n.<\/p>\n<p><script async src=\"\/\/www.instagram.com\/embed.js\"><\/script><\/p>\n","protected":false},"excerpt":{"rendered":"Antti Tuiskua ei n\u00e4hd\u00e4 Ylen Puoli seitsem\u00e4ss\u00e4. Antti Tuisku asuu nyky\u00e4\u00e4n Espanjassa. . jussi saarinen Entinen popt\u00e4hti Antti&hellip;\n","protected":false},"author":2,"featured_media":82753,"comment_status":"","ping_status":"","sticky":false,"template":"","format":"standard","meta":{"footnotes":""},"categories":[132],"tags":[35,138,137,33,31,30,195,47,141,32,484,139,109],"class_list":{"0":"post-82752","1":"post","2":"type-post","3":"status-publish","4":"format-standard","5":"has-post-thumbnail","7":"category-musiikki","8":"tag-24h","9":"tag-audio","10":"tag-entertainment","11":"tag-fi","12":"tag-finland","13":"tag-finnish","14":"tag-music","15":"tag-musiikki","16":"tag-muusikot-bandit","17":"tag-suomi","18":"tag-taiteellinen-ilmaisu-ja-mediat","19":"tag-tv-ohjelmat","20":"tag-viihde"},"share_on_mastodon":{"url":"https:\/\/pubeurope.com\/@fi\/115502871075013618","error":""},"_links":{"self":[{"href":"https:\/\/www.europesays.com\/fi\/wp-json\/wp\/v2\/posts\/82752","targetHints":{"allow":["GET"]}}],"collection":[{"href":"https:\/\/www.europesays.com\/fi\/wp-json\/wp\/v2\/posts"}],"about":[{"href":"https:\/\/www.europesays.com\/fi\/wp-json\/wp\/v2\/types\/post"}],"author":[{"embeddable":true,"href":"https:\/\/www.europesays.com\/fi\/wp-json\/wp\/v2\/users\/2"}],"replies":[{"embeddable":true,"href":"https:\/\/www.europesays.com\/fi\/wp-json\/wp\/v2\/comments?post=82752"}],"version-history":[{"count":0,"href":"https:\/\/www.europesays.com\/fi\/wp-json\/wp\/v2\/posts\/82752\/revisions"}],"wp:featuredmedia":[{"embeddable":true,"href":"https:\/\/www.europesays.com\/fi\/wp-json\/wp\/v2\/media\/82753"}],"wp:attachment":[{"href":"https:\/\/www.europesays.com\/fi\/wp-json\/wp\/v2\/media?parent=82752"}],"wp:term":[{"taxonomy":"category","embeddable":true,"href":"https:\/\/www.europesays.com\/fi\/wp-json\/wp\/v2\/categories?post=82752"},{"taxonomy":"post_tag","embeddable":true,"href":"https:\/\/www.europesays.com\/fi\/wp-json\/wp\/v2\/tags?post=82752"}],"curies":[{"name":"wp","href":"https:\/\/api.w.org\/{rel}","templated":true}]}}